{"id":36969,"date":"2018-08-06T15:01:30","date_gmt":"2018-08-06T20:01:30","guid":{"rendered":"http:\/\/www.evafm.net\/sitio\/?p=36969"},"modified":"2018-08-06T15:01:30","modified_gmt":"2018-08-06T20:01:30","slug":"patricia-janiot-entrevista-a-lenin-moreno","status":"publish","type":"post","link":"https:\/\/www.evafm.net\/sitio\/patricia-janiot-entrevista-a-lenin-moreno\/","title":{"rendered":"Patricia Janiot entrevista a Len\u00edn Moreno"},"content":{"rendered":"<p>El presidente de la Rep\u00fablica,\u00a0<strong>Len\u00edn Moreno<\/strong>, en una entrevista realizada por la periodista Patricia Janiot, para la cadena estadounidense\u00a0<em>Univisi\u00f3n<\/em>, y transmitida la noche de este domingo por\u00a0<em>EcuadorTV<\/em>, le\u00a0<strong>sugiri\u00f3 al exmandatario Rafael Correa \u00abque asista al llamado de la justicia\u00bb<\/strong>\u00a0y que le gustar\u00eda que Correa \u00ab<strong>no vaya preso, que sea inocente<\/strong>\u00ab.<\/p>\n<p>A la pregunta sobre si Len\u00edn Moreno ve preso a Correa en Ecuador, el primer mandatario respondi\u00f3: \u00ab<strong>No es un problema m\u00edo, es un problema de la justicia<\/strong>. De todas formas, mi sugerencia al expresidente ser\u00eda que asista al llamado de la justicia, que ahora s\u00ed es independiente, que ahora s\u00ed es aut\u00f3noma&#8230;\u00a0<strong>A m\u00ed me gustar\u00eda que no vaya preso, que sea inocente<\/strong>, porque me es bastante inc\u00f3modo saber que fui Vicepresidente y permanec\u00ed como integrante de un movimiento pol\u00edtico que ten\u00eda una persona que lastimosamente entre cortinas estaba comport\u00e1ndose de otra manera a la que dec\u00eda ante el p\u00fablico\u00bb.<\/p>\n<p>Sobre la cirug\u00eda mayor aplicada por su gobierno en la lucha contra la corrupci\u00f3n manifest\u00f3: \u00abEl expresidente de la Rep\u00fablica Rafael Correa est\u00e1 citado a rendir cuentas ante la justicia&#8230; Hemos comenzado con buen paso a ejercer aquello que nosotros ofrecimos, total autonom\u00eda y total independencia de las funciones del Estado&#8230;\u00a0<strong>Hay una cirug\u00eda, todo tiene su tiempo<\/strong>\u00a0y todo tiene su orden y sus procesos\u00bb.<\/p>\n<p>Respecto a lo que tiene planificado hacer ahora su gobierno, Moreno dijo que: \u00ab<strong>El principal reto es estabilizar la econom\u00eda<\/strong>; se nos dej\u00f3 una econom\u00eda al borde del colapso y hay que superarla; hay que superar esa instancia y la mejor manera que hemos encontrado es ahorrar&#8230; Ya desaparecimos los ministerios coordinadores, establecimos una rebaja del 10% de los sueldos de nivel jer\u00e1rquico superior. Estamos vendiendo los bienes del Estado, hemos avanzado much\u00edsimo en aquello, hay empresas que se van a vender o se van a concesionar\u00bb.<\/p>\n<p>En relaci\u00f3n a los calificativos de traidor y oportunista que le han sido a \u00e9l endilgados, el Presidente del Ecuador sentenci\u00f3 que: \u00ab<strong>Yo ten\u00eda m\u00e1s popularidad que el se\u00f1or Correa<\/strong>\u00a0al momento que entr\u00e9 a las elecciones, es por eso que \u00e9l fue a Ginebra, donde me encontraba residiendo yo&#8230; y me pidi\u00f3 durante dos horas que aceptase la candidatura a la Presidencia.\u00a0<strong>Yo me hab\u00eda negado permanentemente a hacerlo<\/strong>.<\/p>\n<p>Me convenci\u00f3 diciendo que es importante que alguien siguiera con el proceso y que se pod\u00eda perder el proceso de revoluci\u00f3n ciudadana.<\/p>\n<p>La verdad es que se lo cre\u00ed, inclusive cuando me manifest\u00f3 que dejaba la mesa servida en temas econ\u00f3micos.<\/p>\n<p>No solamente que no hab\u00eda la mesa servida,\u00a0<strong>hasta la mesa hab\u00eda desaparecido<\/strong>.<\/p>\n<p>Y con respecto al t\u00e9rmino de traidor, si usted ingresa a a una instituci\u00f3n en la que no conoce que sus directivos est\u00e1n realziando actos dolosos y luego lo denuncia \u00bfes una traici\u00f3n?\u00a0<strong>Con qui\u00e9n es la lealtad, \u00bfes con una persona? \u00bfEs con un grupo de matones, a lo mejor delincuentes?<\/strong>\u00a0O es una lealtad con el pueblo ecuatoriano y con los principios\u00bb.<\/p>\n<p>En el tema del futuro de la izquierda en Am\u00e9rica latina, Moreno aclar\u00f3 que: \u00abSe llam\u00f3 revoluci\u00f3n, se llam\u00f3 socialismo del siglo XXI. Que yo sepa\u00a0<strong>el socialimso no engendra dentro de s\u00ed secuestros, asesinatos<\/strong>, solapamiento, inclusive desaparici\u00f3n de personas; corrupci\u00f3n, falta de tolerancia, falta de respeto a la dignidad humana, falta de respeto a los derechos humanos, falta de libertad de expresi\u00f3n. Eso no es bajo ninguna circunstancia socialismo.<\/p>\n<p>El socialismo es bastanta m\u00e1s que ello, est\u00e1 sin duda encaminado a favorecer a los que m\u00e1s lo necesitan, ese es el fundamento del socialismo.<\/p>\n<p>Nosotros somos socialistas, somos gente de izquierda y queremos de alguna forma construir esa nueva izquierda; esa izquierda que lastimosamente fue prostituida por el concepto de revoluci\u00f3n ciudadana.\u00a0<strong>Ahora se llama revoluci\u00f3n a cualquier pendejada<\/strong>\u00ab.<\/p>\n<p>Respecto a si los\u00a0<strong>gobiernos de Venezuela y Nicaragua<\/strong>\u00a0son unas dictaduras, el primer mandatario ecuatoriano afirm\u00f3 que\u00a0<strong>en esos pa\u00edses \u00abhay autoritarismo<\/strong>&#8230; Pero hay muchas elementos que coinciden con la democracia, es por eso que yo siempre creo que a las democracias independientemente de su presentaci\u00f3n hay que darles su oportunidad\u00bb.<\/p>\n<p>Sobre una posible salida de\u00a0<strong>Julian Assange<\/strong>\u00a0de la Embajada de Ecuador en Londres, el Presidente afirm\u00f3 que: \u00abEs un problema que lo heredamos.<\/p>\n<p>Assange tiene problemas con la justicia inglesa, con la justicia de los Estados Unidos.<br \/>\nNuestra principal preocupaci\u00f3n ha sido proteger su integridad, sus derechos humanos y fundamentalmente su vida.<\/p>\n<p>El Ecuador no tiene pena de muerte y\u00a0<strong>nosotros ser\u00edamos incapaces de entregar al se\u00f1or Assange a un pa\u00eds donde pueda ser condenado a pena de muerte<\/strong>&#8230; Al se\u00f1or Assange le hemos puesto una condici\u00f3n que deje de intervenir en la pol\u00edtica, en la econom\u00eda, en la libre determinaci\u00f3n que tiene cada uno de los pueblos y principalmente los pa\u00edses amigos\u00bb, porque de lo contrario, agreg\u00f3, \u00abtomaremos una decisi\u00f3n\u00bb.<\/p>\n<p>Al finalizar envi\u00f3 un mensaje a los ecuatorianos que viven en Estados Unidos: \u00abQue sepan que nosotros estaremos de manera permanente, como lo hacemos mediante nuestras delegaciones en las embajadas y consulados, defendiendo sus derechos.<\/p>\n<p><strong>La pol\u00edtica de (Donald) Trump no es la que consideramos m\u00e1s adecuada para el tratamiento de los migrantes<\/strong>, pero estaremos prestos a defender los derechos de ellos\u00bb. (I)<\/p>\n<p>Fuente: eluniverso.com<\/p>\n<div class=\"gsp_post_data\" \r\n\t            data-post_type=\"post\" \r\n\t            data-cat=\"noticias-internacionales\" \r\n\t            data-modified=\"120\"\r\n\t            data-created=\"1533567690\"\r\n\t            data-title=\"Patricia Janiot entrevista a Len\u00edn Moreno\" \r\n\t            data-home=\"https:\/\/www.evafm.net\/sitio\"><\/div>","protected":false},"excerpt":{"rendered":"<p>El presidente de la Rep\u00fablica,\u00a0Len\u00edn Moreno, en una entrevista realizada por la periodista Patricia Janiot, para la cadena estadounidense\u00a0Univisi\u00f3n, y transmitida la noche de este domingo por\u00a0EcuadorTV, le\u00a0sugiri\u00f3 al exmandatario Rafael Correa \u00abque asista al llamado de la justicia\u00bb\u00a0y que le gustar\u00eda que Correa \u00abno vaya preso, que sea inocente\u00ab. A la pregunta sobre si&#8230;<\/p>\n","protected":false},"author":5,"featured_media":36970,"comment_status":"closed","ping_status":"open","sticky":false,"template":"","format":"standard","meta":{"_joinchat":[],"footnotes":""},"categories":[1345],"tags":[],"class_list":["post-36969","post","type-post","status-publish","format-standard","has-post-thumbnail","hentry","category-noticias-internacionales","have-post-thumb"],"_links":{"self":[{"href":"https:\/\/www.evafm.net\/sitio\/wp-json\/wp\/v2\/posts\/36969","targetHints":{"allow":["GET"]}}],"collection":[{"href":"https:\/\/www.evafm.net\/sitio\/wp-json\/wp\/v2\/posts"}],"about":[{"href":"https:\/\/www.evafm.net\/sitio\/wp-json\/wp\/v2\/types\/post"}],"author":[{"embeddable":true,"href":"https:\/\/www.evafm.net\/sitio\/wp-json\/wp\/v2\/users\/5"}],"replies":[{"embeddable":true,"href":"https:\/\/www.evafm.net\/sitio\/wp-json\/wp\/v2\/comments?post=36969"}],"version-history":[{"count":1,"href":"https:\/\/www.evafm.net\/sitio\/wp-json\/wp\/v2\/posts\/36969\/revisions"}],"predecessor-version":[{"id":36971,"href":"https:\/\/www.evafm.net\/sitio\/wp-json\/wp\/v2\/posts\/36969\/revisions\/36971"}],"wp:featuredmedia":[{"embeddable":true,"href":"https:\/\/www.evafm.net\/sitio\/wp-json\/wp\/v2\/media\/36970"}],"wp:attachment":[{"href":"https:\/\/www.evafm.net\/sitio\/wp-json\/wp\/v2\/media?parent=36969"}],"wp:term":[{"taxonomy":"category","embeddable":true,"href":"https:\/\/www.evafm.net\/sitio\/wp-json\/wp\/v2\/categories?post=36969"},{"taxonomy":"post_tag","embeddable":true,"href":"https:\/\/www.evafm.net\/sitio\/wp-json\/wp\/v2\/tags?post=36969"}],"curies":[{"name":"wp","href":"https:\/\/api.w.org\/{rel}","templated":true}]}}