{"id":37062,"date":"2018-08-08T14:43:12","date_gmt":"2018-08-08T19:43:12","guid":{"rendered":"http:\/\/www.evafm.net\/sitio\/?p=37062"},"modified":"2018-08-08T14:43:12","modified_gmt":"2018-08-08T19:43:12","slug":"mana-expulsa-a-rafael-correa-de-sus-filas","status":"publish","type":"post","link":"https:\/\/www.evafm.net\/sitio\/mana-expulsa-a-rafael-correa-de-sus-filas\/","title":{"rendered":"MANA \u2018expulsa\u2019 a Rafael Correa de sus filas"},"content":{"rendered":"<p>El\u00a0<b>Movimiento Acuerdo Nacional ecuatoriano (MANA)<\/b>\u00a0escenific\u00f3 la expulsi\u00f3n simb\u00f3lica de sus filas del expresidente<b>\u00a0Rafael Correa<\/b>, y de un grupo de l\u00edderes afines a \u00e9l, para \u201climpiarlas\u201d de cara a su inscripci\u00f3n como partido.<\/p>\n<p>El mi\u00e9rcoles 8 de agosto, en una rueda de prensa en la que comparecieron varios dirigentes de este movimiento, aun sin registro legal ante el<b>\u00a0Consejo Nacional Electoral (CNE)<\/b>, el militante esmeralde\u00f1o Victor Villac\u00eds, dijo que se trata de un \u201cacto simb\u00f3lico\u201d con vistas a su inscripci\u00f3n.<\/p>\n<p>Y record\u00f3 los casos judiciales que est\u00e1n saliendo a la luz contra Correa y sus exasesores, por lo que justific\u00f3 la decisi\u00f3n de \u201cexpulsarlos\u201d en que hoy \u201cestamos construyendo un pa\u00eds diferente, sin odio ni rencor\u201d.<\/p>\n<p>MANA, una formaci\u00f3n que existe desde hace a\u00f1os, se perfilaba en los \u00faltimos meses como\u00a0<b>refugio del corre\u00edsmo<\/b>, dada las dificultades que est\u00e1n encontrando los seguidores del expresidente para constituirse en partido pol\u00edtico desde que se separaron de<b>\u00a0Alianza Pa\u00eds<\/b>, tras romper con el actual mandatario\u00a0<b>Len\u00edn Moreno<\/b>.<\/p>\n<p>En la rueda de prensa comparecieron tambi\u00e9n Vanesa Su\u00e1rez, representante legal de MANA, y V\u00edctor Hugo Erazo, su fundador. \u201cVamos buscando la personalidad jur\u00eddica y la expulsi\u00f3n de estos personajes que hicieron mucho da\u00f1o al Ecuador durante 10 a\u00f1os, que persiguieron, encarcelaron, maltrataron, secuestraron y asesinaron a gente, es un acto simb\u00f3lico y moral que va m\u00e1s all\u00e1 de la cuesti\u00f3n jur\u00eddica y legal\u201d, afirm\u00f3 este \u00faltimo.<\/p>\n<p>Reconoci\u00f3 que han estado \u201cen conversaciones con grupos de activistas\u201d de la que era la<b>\u00a0Revoluci\u00f3n Ciudadana<\/b>, el proyecto ideol\u00f3gico con el que Correa lleg\u00f3 al poder en 2007 y gobern\u00f3 hasta 2017.<\/p>\n<p>\u201cPero no podemos permitir que Correa que con sus \u00ednfulas de aut\u00f3crata se quiera adue\u00f1ar de un movimiento pol\u00edtico como se adue\u00f1\u00f3 10 a\u00f1os de todo el Estado ecuatoriano y de los poderes\u201d, matiz\u00f3 al asegurar que la decisi\u00f3n tomada es de \u201cla verdadera directiva y fundadores de MANA\u201d.<\/p>\n<p>El fundador de MANA destac\u00f3 que lo que han hecho \u201cno es un acto legal porque el partido no existe, pero si es un acto moral, un acto \u00e9tico de repudio a los diez a\u00f1os que vivi\u00f3 el Ecuador en dictadura y autocracia\u201d.<\/p>\n<p>Abund\u00f3 que \u201cdesde siempre denunciamos que el Gobierno de Rafael Correa era un narcogobierno, como lo est\u00e1 denunciando el actual presidente de la Rep\u00fablica, pero nosotros ya lo hicimos desde que inici\u00f3 nuestro partido\u201d.<\/p>\n<p>Aun as\u00ed, invit\u00f3 a las bases de lo que fue la Revoluci\u00f3n Ciudadana a sumarse al movimiento, porque \u201clas bases son pueblo y todos somos pueblo\u201d.<\/p>\n<p>Su\u00e1rez, la representante legal, alert\u00f3 de su lado contra la manipulaci\u00f3n de su partido por parte de \u201cfalsos representantes del movimiento\u201d.<\/p>\n<p>En la comparecencia se person\u00f3 el exasamble\u00edsta opositor\u00a0<b>Fernando Balda<\/b>, cuyo intento de secuestro en Colombia, en 2012, podr\u00eda conducir a prisi\u00f3n a Correa si se demuestra que estuvo implicado en la orden de capturarlo, un caso aun en fase procesal.<\/p>\n<p>\u201cHe venido a agradecerles por la consecuencia y solidaridad que el movimiento MANA no solo ha tenido con Fernando Balda sino con las v\u00edctimas del corre\u00edsmo. Es una posici\u00f3n solidaria, consecuente con lo que est\u00e1 ocurriendo en Ecuador y creo que a ellos les va a beneficiar como movimiento\u201d, sostuvo en declaraciones a Efe.<\/p>\n<p>Y concluy\u00f3 que este acto simb\u00f3lico de expulsi\u00f3n lo que demuestra es que \u201cRafael Correa se est\u00e1 quedando solo\u201d.<\/p>\n<p>Fuente:expreso.ec<\/p>\n<div class=\"gsp_post_data\" \r\n\t            data-post_type=\"post\" \r\n\t            data-cat=\"noticias-ecuador\" \r\n\t            data-modified=\"120\"\r\n\t            data-created=\"1533739392\"\r\n\t            data-title=\"MANA \u2018expulsa\u2019 a Rafael Correa de sus filas\" \r\n\t            data-home=\"https:\/\/www.evafm.net\/sitio\"><\/div>","protected":false},"excerpt":{"rendered":"<p>El\u00a0Movimiento Acuerdo Nacional ecuatoriano (MANA)\u00a0escenific\u00f3 la expulsi\u00f3n simb\u00f3lica de sus filas del expresidente\u00a0Rafael Correa, y de un grupo de l\u00edderes afines a \u00e9l, para \u201climpiarlas\u201d de cara a su inscripci\u00f3n como partido. El mi\u00e9rcoles 8 de agosto, en una rueda de prensa en la que comparecieron varios dirigentes de este movimiento, aun sin registro legal&#8230;<\/p>\n","protected":false},"author":5,"featured_media":37063,"comment_status":"closed","ping_status":"open","sticky":false,"template":"","format":"standard","meta":{"_joinchat":[],"footnotes":""},"categories":[1558],"tags":[],"class_list":["post-37062","post","type-post","status-publish","format-standard","has-post-thumbnail","hentry","category-noticias-ecuador","have-post-thumb"],"_links":{"self":[{"href":"https:\/\/www.evafm.net\/sitio\/wp-json\/wp\/v2\/posts\/37062","targetHints":{"allow":["GET"]}}],"collection":[{"href":"https:\/\/www.evafm.net\/sitio\/wp-json\/wp\/v2\/posts"}],"about":[{"href":"https:\/\/www.evafm.net\/sitio\/wp-json\/wp\/v2\/types\/post"}],"author":[{"embeddable":true,"href":"https:\/\/www.evafm.net\/sitio\/wp-json\/wp\/v2\/users\/5"}],"replies":[{"embeddable":true,"href":"https:\/\/www.evafm.net\/sitio\/wp-json\/wp\/v2\/comments?post=37062"}],"version-history":[{"count":1,"href":"https:\/\/www.evafm.net\/sitio\/wp-json\/wp\/v2\/posts\/37062\/revisions"}],"predecessor-version":[{"id":37064,"href":"https:\/\/www.evafm.net\/sitio\/wp-json\/wp\/v2\/posts\/37062\/revisions\/37064"}],"wp:featuredmedia":[{"embeddable":true,"href":"https:\/\/www.evafm.net\/sitio\/wp-json\/wp\/v2\/media\/37063"}],"wp:attachment":[{"href":"https:\/\/www.evafm.net\/sitio\/wp-json\/wp\/v2\/media?parent=37062"}],"wp:term":[{"taxonomy":"category","embeddable":true,"href":"https:\/\/www.evafm.net\/sitio\/wp-json\/wp\/v2\/categories?post=37062"},{"taxonomy":"post_tag","embeddable":true,"href":"https:\/\/www.evafm.net\/sitio\/wp-json\/wp\/v2\/tags?post=37062"}],"curies":[{"name":"wp","href":"https:\/\/api.w.org\/{rel}","templated":true}]}}