{"id":37068,"date":"2018-08-08T15:03:27","date_gmt":"2018-08-08T20:03:27","guid":{"rendered":"http:\/\/www.evafm.net\/sitio\/?p=37068"},"modified":"2018-08-08T15:03:27","modified_gmt":"2018-08-08T20:03:27","slug":"rodrigo-duterte-amenazo-a-un-centenar-de-policias-acusados-de-corrupcion","status":"publish","type":"post","link":"https:\/\/www.evafm.net\/sitio\/rodrigo-duterte-amenazo-a-un-centenar-de-policias-acusados-de-corrupcion\/","title":{"rendered":"Rodrigo Duterte amenaz\u00f3 a un centenar de polic\u00edas acusados de corrupci\u00f3n"},"content":{"rendered":"<div class=\"row\">\n<div class=\"col-xs-12 col-print-12\">\n<p class=\"element element-paragraph\">El\u00a0<strong>mandatario filipino, Rodrigo Duterte<\/strong>, cit\u00f3 este martes en el palacio presidencial a\u00a0<strong>un centenar de agentes de polic\u00eda\u00a0<\/strong>acusados de corrupci\u00f3n y abuso de poder y\u00a0<strong>los amenaz\u00f3 con matarlos si no cesaban en esas pr\u00e1cticas.<\/strong><\/p>\n<\/div>\n<\/div>\n<div class=\"row\">\n<div class=\"col-xs-12 col-print-12\">\n<p class=\"element element-paragraph\"><strong>\u00abSon in\u00fatiles para m\u00ed y una lacra para la sociedad\u00bb<\/strong>, les dijo Duterte, seg\u00fan un comunicado divulgado este mi\u00e9rcoles por la presidencia filipina.<\/p>\n<\/div>\n<\/div>\n<div class=\"row\">\n<div class=\"col-xs-12 col-print-12\">\n<p class=\"element element-paragraph\">Es la segunda vez que el presidente convoca a polic\u00edas acusados de corrupci\u00f3n o malas pr\u00e1cticas para amonestarlos p\u00fablicamente, ya que\u00a0<strong>las im\u00e1genes fueron grabadas y se han retransmitido repetidamente en las televisiones filipinas.<\/strong><\/p>\n<\/div>\n<\/div>\n<div class=\"row\">\n<div class=\"col-xs-12 col-print-12\">\n<p class=\"element element-paragraph\">En febrero del a\u00f1o pasado\u00a0<strong>convoc\u00f3 en Malaca\u00f1ang a unos 200 polic\u00edas acusados de mal comportamiento<\/strong>, en pleno apogeo de la\u00a0<strong>guerra contra las drogas<\/strong>\u00a0que sac\u00f3 a la luz las pr\u00e1cticas abusivas de la polic\u00eda.<\/p>\n<\/div>\n<\/div>\n<div class=\"row\">\n<div id=\"\" class=\"wrapper clearfix pb-feature pb-layout-item pb-f-ads-dfp left-align\">\n<div id=\"inline\" class=\"ad-slot\">Entre los agentes que acudieron la noche del martes al palacio presidencial, hab\u00eda\u00a0<strong>tres agentes que ya cumplen condena en la c\u00e1rcel y que salieron por unas horas tan solo para recibir cara a cara la bronca de Duterte.<\/strong><\/div>\n<\/div>\n<\/div>\n<div><\/div>\n<div>\n<div class=\"row\">\n<div class=\"col-xs-12 col-print-12\">\n<p class=\"element element-paragraph\">Entre las faltas cometidas por los polic\u00edas convocados por Duterte figuran\u00a0<strong>robo, extorsi\u00f3n, detenci\u00f3n ilegal grave, secuestro, violaci\u00f3n, abusos de poder o abandono del trabajo sin permiso.<\/strong><\/p>\n<\/div>\n<\/div>\n<div class=\"row\">\n<div class=\"col-xs-12 col-print-12\">\n<p class=\"element element-paragraph\"><strong>\u00abSi sigues haciendo eso, hijo de puta, realmente te matar\u00e9\u00bb<\/strong>, insisti\u00f3 en tagalo el presidente, visiblemente enfadado y alterado durante el acto.<\/p>\n<\/div>\n<\/div>\n<div class=\"row\">\n<div class=\"col-xs-12 col-print-12\">\n<p class=\"element element-paragraph\">El presidente filipino se\u00f1al\u00f3 que\u00a0<strong>aquellos agentes involucrados en el narcotr\u00e1fico y el crimen organizado ser\u00e1n vigilados por una \u00abunidad especial\u00bb<\/strong>, que seg\u00fan subray\u00f3, les controlar\u00e1\u00a0<strong>\u00abde por vida\u00bb<\/strong>.<\/p>\n<\/div>\n<\/div>\n<div class=\"row\">\n<div class=\"col-xs-12 col-print-12\">\n<p class=\"element element-paragraph\">El presidente ha emprendido una\u00a0<strong>campa\u00f1a de limpieza dentro de la polic\u00eda naciona<\/strong>l e incluso tuvo que apartar durante unos meses a ese cuerpo de seguridad de la\u00a0<strong>campa\u00f1a contra las drogas por sus abusos y pr\u00e1cticas corruptas.<\/strong><\/p>\n<\/div>\n<\/div>\n<div class=\"row\">\n<div class=\"col-xs-12 col-print-12\">\n<p class=\"element element-paragraph\">Seg\u00fan cifras oficiales,\u00a0<strong>m\u00e1s de 4.500 personas han sido abatidas en redadas antidroga a manos de la Polic\u00eda<\/strong>, aunque organizaciones de derechos humanos elevan esa cifra hasta los\u00a0<strong>12.000 o 15.000 asesinados en el clima de impunidad de la campa\u00f1a.<\/strong><\/p>\n<\/div>\n<\/div>\n<div class=\"row\">\n<div class=\"col-xs-12 col-print-12\">\n<p class=\"element element-paragraph\"><em>Con informaci\u00f3n de EFE<\/em><\/p>\n<\/div>\n<div class=\"single-image\">\n<div class=\"shares\">\n<div class=\"share-button facebook\"><\/div>\n<\/div>\n<p><img decoding=\"async\" id=\"YBFKOGUU7ZGXBF4QW2L6U5IZ44\" class=\"image-lazy\" src=\"https:\/\/www.infobae.com\/new-resizer\/Py4EaAkDFf1Ohpinl6aSy71GAPs=\/600x0\/filters:quality(100)\/s3.amazonaws.com\/arc-wordpress-client-uploads\/infobae-wp\/wp-content\/uploads\/2017\/05\/23171020\/Duterte-rusia-1.jpg\" alt=\"(AFP)\" width=\"750\" height=\"421.875\" \/><\/div>\n<p><span class=\"credit\">(AFP)<\/span><\/p>\n<div class=\"col-xs-12 col-print-12\">\n<p>Fuente: infobae.com<\/p>\n<\/div>\n<\/div>\n<\/div>\n<div class=\"row\">\n<div class=\"col-xs-12 col-print-12\">\n<p>&nbsp;<\/p>\n<\/div>\n<\/div>\n<div class=\"gsp_post_data\" \r\n\t            data-post_type=\"post\" \r\n\t            data-cat=\"noticias-internacionales\" \r\n\t            data-modified=\"120\"\r\n\t            data-created=\"1533740607\"\r\n\t            data-title=\"Rodrigo Duterte amenaz\u00f3 a un centenar de polic\u00edas acusados de corrupci\u00f3n\" \r\n\t            data-home=\"https:\/\/www.evafm.net\/sitio\"><\/div>","protected":false},"excerpt":{"rendered":"<p>El\u00a0mandatario filipino, Rodrigo Duterte, cit\u00f3 este martes en el palacio presidencial a\u00a0un centenar de agentes de polic\u00eda\u00a0acusados de corrupci\u00f3n y abuso de poder y\u00a0los amenaz\u00f3 con matarlos si no cesaban en esas pr\u00e1cticas. \u00abSon in\u00fatiles para m\u00ed y una lacra para la sociedad\u00bb, les dijo Duterte, seg\u00fan un comunicado divulgado este mi\u00e9rcoles por la presidencia&#8230;<\/p>\n","protected":false},"author":5,"featured_media":37069,"comment_status":"closed","ping_status":"open","sticky":false,"template":"","format":"standard","meta":{"_joinchat":[],"footnotes":""},"categories":[1345],"tags":[],"class_list":["post-37068","post","type-post","status-publish","format-standard","has-post-thumbnail","hentry","category-noticias-internacionales","have-post-thumb"],"_links":{"self":[{"href":"https:\/\/www.evafm.net\/sitio\/wp-json\/wp\/v2\/posts\/37068","targetHints":{"allow":["GET"]}}],"collection":[{"href":"https:\/\/www.evafm.net\/sitio\/wp-json\/wp\/v2\/posts"}],"about":[{"href":"https:\/\/www.evafm.net\/sitio\/wp-json\/wp\/v2\/types\/post"}],"author":[{"embeddable":true,"href":"https:\/\/www.evafm.net\/sitio\/wp-json\/wp\/v2\/users\/5"}],"replies":[{"embeddable":true,"href":"https:\/\/www.evafm.net\/sitio\/wp-json\/wp\/v2\/comments?post=37068"}],"version-history":[{"count":1,"href":"https:\/\/www.evafm.net\/sitio\/wp-json\/wp\/v2\/posts\/37068\/revisions"}],"predecessor-version":[{"id":37070,"href":"https:\/\/www.evafm.net\/sitio\/wp-json\/wp\/v2\/posts\/37068\/revisions\/37070"}],"wp:featuredmedia":[{"embeddable":true,"href":"https:\/\/www.evafm.net\/sitio\/wp-json\/wp\/v2\/media\/37069"}],"wp:attachment":[{"href":"https:\/\/www.evafm.net\/sitio\/wp-json\/wp\/v2\/media?parent=37068"}],"wp:term":[{"taxonomy":"category","embeddable":true,"href":"https:\/\/www.evafm.net\/sitio\/wp-json\/wp\/v2\/categories?post=37068"},{"taxonomy":"post_tag","embeddable":true,"href":"https:\/\/www.evafm.net\/sitio\/wp-json\/wp\/v2\/tags?post=37068"}],"curies":[{"name":"wp","href":"https:\/\/api.w.org\/{rel}","templated":true}]}}