{"id":37103,"date":"2018-08-10T09:06:31","date_gmt":"2018-08-10T14:06:31","guid":{"rendered":"http:\/\/www.evafm.net\/sitio\/?p=37103"},"modified":"2018-08-10T09:06:31","modified_gmt":"2018-08-10T14:06:31","slug":"museo-en-quito-recrea-la-matanza-de-los-proceres-de-agosto-de-1809","status":"publish","type":"post","link":"https:\/\/www.evafm.net\/sitio\/museo-en-quito-recrea-la-matanza-de-los-proceres-de-agosto-de-1809\/","title":{"rendered":"Museo en Quito recrea la matanza de los pr\u00f3ceres de agosto de 1809"},"content":{"rendered":"<div class=\"location-event\">Quito &#8211;<\/div>\n<p>La representaci\u00f3n con figuras de cera del asesinato de 300 quite\u00f1os el 2 de agosto de 1810 es el principal atractivo del\u00a0Museo de Cera Alberto Mena Caama\u00f1o, en la conmemoraci\u00f3n de los 209 a\u00f1os del Primer Grito de la Independencia, del 10 de agosto de 1809.<\/p>\n<p>El Museo de Cera se inaugur\u00f3 en 1970 en las catacumbas (construcciones subterr\u00e1neas) de lo que ahora es el Centro Cultural Metropolitano y antes era el Cuartel Real.<\/p>\n<p>El proyecto arranc\u00f3 con diez figuras de cera microcristalizada y de abeja (cara y manos) elaboradas en Francia.<\/p>\n<p>Esta parte corresponde a la matanza de 1810, la escena principal es el asesinato de Manuel Rodr\u00edguez de Quiroga y la imploraci\u00f3n de sus dos hijas Mar\u00eda y Luisa al teniente Jaramillo para que no lo maten.<\/p>\n<p>Rodr\u00edguez de Quiroga junto a otros personajes con ideales libertarios fueron detenidos en diciembre de 1809, luego de que el conde Ruiz de Castilla recuperara su poder al pedir ayuda militar a los virreinatos de Per\u00fa y Nueva Granada (Colombia).<\/p>\n<p>En ese calabozo tambi\u00e9n mueren Mariano de Villalobos, Jos\u00e9 Riofr\u00edo, Javier Asc\u00e1zubi, y los cuatro Juanes: Juan de Salinas, Juan de Dios Morales, Juan Larrea y Juan Arenas.<\/p>\n<p>La historia cuenta que familiares de los detenidos se enteraron que los iban a asesinar y por eso intentaron liberarlos. Por eso, los militares mataron a 80 personas en los calabozos y a 220 personas en las calles.<\/p>\n<p>Desde el 2002, el Museo fue ampliado para contar la historia anterior y posterior al Primer Grito. Un total de 36 figuras de cera m\u00e1s fueron elaboradas por ecuatorianos, a excepci\u00f3n de la de Eugenio Espejo.<\/p>\n<p>Adem\u00e1s, el Museo cuenta con una l\u00ednea de tiempo desde 1700 hasta 1835, que relata lo que pasaba en Am\u00e9rica Latina en paralelo con lo que ocurr\u00eda en Europa sobre gestas libertarias y las monarqu\u00edas.<\/p>\n<p>En 2017 al Museo llegaron 118.162 personas. Las visitas son de martes a domingo.\u00a0<strong>(I)<\/strong><\/p>\n<p>Fuente: eluniverso.com<\/p>\n<div class=\"gsp_post_data\" \r\n\t            data-post_type=\"post\" \r\n\t            data-cat=\"general,noticias-ecuador\" \r\n\t            data-modified=\"120\"\r\n\t            data-created=\"1533891991\"\r\n\t            data-title=\"Museo en Quito recrea la matanza de los pr\u00f3ceres de agosto de 1809\" \r\n\t            data-home=\"https:\/\/www.evafm.net\/sitio\"><\/div>","protected":false},"excerpt":{"rendered":"<p>Quito &#8211; La representaci\u00f3n con figuras de cera del asesinato de 300 quite\u00f1os el 2 de agosto de 1810 es el principal atractivo del\u00a0Museo de Cera Alberto Mena Caama\u00f1o, en la conmemoraci\u00f3n de los 209 a\u00f1os del Primer Grito de la Independencia, del 10 de agosto de 1809. El Museo de Cera se inaugur\u00f3 en&#8230;<\/p>\n","protected":false},"author":5,"featured_media":37104,"comment_status":"closed","ping_status":"open","sticky":false,"template":"","format":"standard","meta":{"_joinchat":[],"footnotes":""},"categories":[1720,1558],"tags":[],"class_list":["post-37103","post","type-post","status-publish","format-standard","has-post-thumbnail","hentry","category-general","category-noticias-ecuador","have-post-thumb"],"_links":{"self":[{"href":"https:\/\/www.evafm.net\/sitio\/wp-json\/wp\/v2\/posts\/37103","targetHints":{"allow":["GET"]}}],"collection":[{"href":"https:\/\/www.evafm.net\/sitio\/wp-json\/wp\/v2\/posts"}],"about":[{"href":"https:\/\/www.evafm.net\/sitio\/wp-json\/wp\/v2\/types\/post"}],"author":[{"embeddable":true,"href":"https:\/\/www.evafm.net\/sitio\/wp-json\/wp\/v2\/users\/5"}],"replies":[{"embeddable":true,"href":"https:\/\/www.evafm.net\/sitio\/wp-json\/wp\/v2\/comments?post=37103"}],"version-history":[{"count":1,"href":"https:\/\/www.evafm.net\/sitio\/wp-json\/wp\/v2\/posts\/37103\/revisions"}],"predecessor-version":[{"id":37105,"href":"https:\/\/www.evafm.net\/sitio\/wp-json\/wp\/v2\/posts\/37103\/revisions\/37105"}],"wp:featuredmedia":[{"embeddable":true,"href":"https:\/\/www.evafm.net\/sitio\/wp-json\/wp\/v2\/media\/37104"}],"wp:attachment":[{"href":"https:\/\/www.evafm.net\/sitio\/wp-json\/wp\/v2\/media?parent=37103"}],"wp:term":[{"taxonomy":"category","embeddable":true,"href":"https:\/\/www.evafm.net\/sitio\/wp-json\/wp\/v2\/categories?post=37103"},{"taxonomy":"post_tag","embeddable":true,"href":"https:\/\/www.evafm.net\/sitio\/wp-json\/wp\/v2\/tags?post=37103"}],"curies":[{"name":"wp","href":"https:\/\/api.w.org\/{rel}","templated":true}]}}