{"id":37117,"date":"2018-08-10T09:42:22","date_gmt":"2018-08-10T14:42:22","guid":{"rendered":"http:\/\/www.evafm.net\/sitio\/?p=37117"},"modified":"2018-08-10T09:42:22","modified_gmt":"2018-08-10T14:42:22","slug":"donald-trump-le-duplicara-los-aranceles-aturquia","status":"publish","type":"post","link":"https:\/\/www.evafm.net\/sitio\/donald-trump-le-duplicara-los-aranceles-aturquia\/","title":{"rendered":"Donald Trump le duplicar\u00e1 los aranceles aTurqu\u00eda"},"content":{"rendered":"<div class=\"row\">\n<div class=\"col-xs-12 col-print-12\">\n<p class=\"element element-paragraph\">Donald Trump anunci\u00f3 este viernes en su cuenta de Twitter\u00a0<strong>haber dado su autorizaci\u00f3n para duplicar las tasas aduaneras al acero y al aluminio procedentes de Turqu\u00eda<\/strong>. La decisi\u00f3n incrementa la presi\u00f3n sobre Ankara, cuya econom\u00eda se muestra debilitada.<\/p>\n<\/div>\n<\/div>\n<div class=\"row\">\n<div class=\"col-xs-12 col-print-12\">\n<p class=\"element element-paragraph\"><strong>\u00abSu moneda, la lira turca, cae r\u00e1pidamente contra nuestro d\u00f3lar fuerte\u00bb<\/strong>, explic\u00f3 el mandatario estadounidense en su mensaje. Las importaciones de aluminio y acero ser\u00e1n gravadas en lo sucesivo con un 20% y 50%, respectivamente.<\/p>\n<\/div>\n<\/div>\n<div class=\"row\">\n<div class=\"col-xs-12 col-print-12\">\n<p class=\"element element-paragraph\"><strong>\u00ab\u00a1Nuestras relaciones con Turqu\u00eda no est\u00e1n bien en este momento!\u00bb<\/strong>, afirm\u00f3 Trump.<\/p>\n<\/div>\n<\/div>\n<div class=\"row\">\n<div class=\"col-xs-12 col-print-12\">\n<p class=\"element element-paragraph\">La grave crisis diplom\u00e1tica entre Turqu\u00eda y Estados Unidos gira en torno a un\u00a0<strong>pastor estadounidense detenido en Ankara<\/strong>. Durante la semana los dos pa\u00edses, aliados en la OTAN, se impusieron rec\u00edprocamente sanciones contra responsables gubernamentales.<\/p>\n<div class=\"row\">\n<div class=\"col-xs-12 col-print-12\">\n<p class=\"element element-paragraph\">El mi\u00e9rcoles, en una reuni\u00f3n entre altos diplom\u00e1ticos de ambos pa\u00edses,\u00a0<strong>no se hizo ning\u00fan avance para reducir las tensiones, y los expertos creen que Washington impondr\u00e1 nuevas sanciones<\/strong>.<\/p>\n<\/div>\n<\/div>\n<div class=\"row\">\n<div class=\"col-xs-12 col-print-12\">\n<p class=\"element element-paragraph\">En este contexto se produjo el derrumbe de la lira turca de este viernes.\u00a0<strong>Perdi\u00f3 m\u00e1s de 7% de su valor, y franque\u00f3 por primera vez durante la ma\u00f1ana el list\u00f3n de 6 liras<\/strong>\u00a0por d\u00f3lar.<\/p>\n<\/div>\n<\/div>\n<div class=\"row\">\n<div class=\"col-xs-12 col-print-12\">\n<p class=\"element element-paragraph\">Luego se recuper\u00f3 un poco y a las 08.30 am GMT se cambiaba a 5,96 por d\u00f3lar.\u00a0<strong>La lira, cuyo valor cay\u00f3 m\u00e1s de un tercio ante el d\u00f3lar y el euro en lo que va del a\u00f1o<\/strong>, ya hab\u00eda perdido el jueves m\u00e1s del 5% frente al billete verde.<\/p>\n<\/div>\n<\/div>\n<div class=\"row\">\n<div class=\"col-xs-12 col-print-12\">\n<p class=\"element element-paragraph\"><strong>El presidente Recep Erdogan exhort\u00f3 el viernes a sus compatriotas a cambiar sus divisas extranjeras<\/strong>\u00a0para sostener la maltrecha lira turca, afirmando que se trata de una \u00ablucha nacional\u00bb contra la \u00abguerra econ\u00f3mica\u00bb declarada seg\u00fan \u00e9l contra el pa\u00eds.<\/p>\n<div class=\"row\">\n<div class=\"col-xs-12 col-print-12\">\n<p class=\"element element-paragraph\"><strong>\u00abSi tienen d\u00f3lares, euros u oro bajo el colch\u00f3n, vayan a los bancos a cambiarlos por liras turcas<\/strong>. Es una lucha nacional\u00bb, urgi\u00f3 el mandatario en un discurso televisado en Bayburt (nordeste).<\/p>\n<\/div>\n<\/div>\n<div class=\"row\">\n<div class=\"col-xs-12 col-print-12\">\n<p class=\"element element-paragraph\"><strong>\u00abSer\u00e1 la respuesta de mi naci\u00f3n a los que nos declararon la guerra econ\u00f3mica\u00bb<\/strong>, agreg\u00f3. Luego acus\u00f3 a un misterioso \u00ablobby de las tasas de inter\u00e9s\u00bb del que no dio precisiones.<\/p>\n<\/div>\n<\/div>\n<div class=\"row\">\n<div class=\"col-xs-12 col-print-12\">\n<p class=\"element element-paragraph\">Las declaraciones empeoraron el escenario, de por s\u00ed muy adverso.\u00a0<strong>Los mercados est\u00e1n alarmados por el rumbo de la pol\u00edtica econ\u00f3mica.<\/strong>\u00a0El Banco Central se resiste a subir sus tasas para frenar una inflaci\u00f3n que alcanz\u00f3 sin embargo cerca del 16% en julio a ritmo anual.<\/p>\n<\/div>\n<\/div>\n<div class=\"row\">\n<div class=\"col-xs-12 col-print-12\">\n<p class=\"element element-paragraph\"><strong>La ca\u00edda de la lira el viernes \u00abdemuestra que los inversores est\u00e1n cada vez m\u00e1s preocupados<\/strong>\u00a0por la inminencia de una crisis monetaria total\u00bb, se\u00f1al\u00f3 David Cheetham, analista de XTB.<\/p>\n<blockquote class=\"twitter-tweet\" data-width=\"550\" data-dnt=\"true\">\n<p lang=\"en\" dir=\"ltr\">I have just authorized a doubling of Tariffs on Steel and Aluminum with respect to Turkey as their currency, the Turkish Lira, slides rapidly downward against our very strong Dollar! Aluminum will now be 20% and Steel 50%. Our relations with Turkey are not good at this time!<\/p>\n<p>&mdash; Donald J. Trump (@realDonaldTrump) <a href=\"https:\/\/twitter.com\/realDonaldTrump\/status\/1027899286586109955?ref_src=twsrc%5Etfw\">August 10, 2018<\/a><\/p><\/blockquote>\n<p><script async src=\"https:\/\/platform.twitter.com\/widgets.js\" charset=\"utf-8\"><\/script><\/p>\n<div class=\"single-image\">\n<div class=\"shares\">\n<div class=\"share-button facebook\"><\/div>\n<\/div>\n<p><img decoding=\"async\" id=\"EKXQ3SCVJJCQNAEFQZAI3JPMIM\" class=\"image-lazy\" src=\"https:\/\/www.infobae.com\/new-resizer\/9HEwFmPwq-cVEM3BIVS0bkMuDQU=\/600x0\/filters:quality(100)\/s3.amazonaws.com\/arc-wordpress-client-uploads\/infobae-wp\/wp-content\/uploads\/2018\/06\/24041331\/2018-06-23T145051Z_617815298_RC1B9C3BC130_RTRMADP_3_TURKEY-ELECTION.jpg\" alt=\"Los mercados, cada vez m\u00e1s alarmados por la pol\u00edtica econ\u00f3mica de Turqu\u00eda (REUTERS\/Alkis Konstantinidis)\" width=\"750\" height=\"491.1428571428571\" \/><\/div>\n<p><span class=\"credit\">Los mercados, cada vez m\u00e1s alarmados por la pol\u00edtica econ\u00f3mica de Turqu\u00eda (REUTERS\/Alkis Konstantinidis)<\/span><\/p>\n<\/div>\n<\/div>\n<div class=\"row\">\n<div class=\"col-xs-12 col-print-12\">\n<p class=\"element element-paragraph\"><em>(Con informaci\u00f3n de AFP)<\/em><\/p>\n<p>&nbsp;<\/p>\n<\/div>\n<\/div>\n<\/div>\n<\/div>\n<\/div>\n<\/div>\n<div class=\"gsp_post_data\" \r\n\t            data-post_type=\"post\" \r\n\t            data-cat=\"noticias-internacionales\" \r\n\t            data-modified=\"120\"\r\n\t            data-created=\"1533894142\"\r\n\t            data-title=\"Donald Trump le duplicar\u00e1 los aranceles aTurqu\u00eda\" \r\n\t            data-home=\"https:\/\/www.evafm.net\/sitio\"><\/div>","protected":false},"excerpt":{"rendered":"<p>Donald Trump anunci\u00f3 este viernes en su cuenta de Twitter\u00a0haber dado su autorizaci\u00f3n para duplicar las tasas aduaneras al acero y al aluminio procedentes de Turqu\u00eda. La decisi\u00f3n incrementa la presi\u00f3n sobre Ankara, cuya econom\u00eda se muestra debilitada. \u00abSu moneda, la lira turca, cae r\u00e1pidamente contra nuestro d\u00f3lar fuerte\u00bb, explic\u00f3 el mandatario estadounidense en su&#8230;<\/p>\n","protected":false},"author":5,"featured_media":37119,"comment_status":"closed","ping_status":"open","sticky":false,"template":"","format":"standard","meta":{"_joinchat":[],"footnotes":""},"categories":[1345],"tags":[],"class_list":["post-37117","post","type-post","status-publish","format-standard","has-post-thumbnail","hentry","category-noticias-internacionales","have-post-thumb"],"_links":{"self":[{"href":"https:\/\/www.evafm.net\/sitio\/wp-json\/wp\/v2\/posts\/37117","targetHints":{"allow":["GET"]}}],"collection":[{"href":"https:\/\/www.evafm.net\/sitio\/wp-json\/wp\/v2\/posts"}],"about":[{"href":"https:\/\/www.evafm.net\/sitio\/wp-json\/wp\/v2\/types\/post"}],"author":[{"embeddable":true,"href":"https:\/\/www.evafm.net\/sitio\/wp-json\/wp\/v2\/users\/5"}],"replies":[{"embeddable":true,"href":"https:\/\/www.evafm.net\/sitio\/wp-json\/wp\/v2\/comments?post=37117"}],"version-history":[{"count":1,"href":"https:\/\/www.evafm.net\/sitio\/wp-json\/wp\/v2\/posts\/37117\/revisions"}],"predecessor-version":[{"id":37120,"href":"https:\/\/www.evafm.net\/sitio\/wp-json\/wp\/v2\/posts\/37117\/revisions\/37120"}],"wp:featuredmedia":[{"embeddable":true,"href":"https:\/\/www.evafm.net\/sitio\/wp-json\/wp\/v2\/media\/37119"}],"wp:attachment":[{"href":"https:\/\/www.evafm.net\/sitio\/wp-json\/wp\/v2\/media?parent=37117"}],"wp:term":[{"taxonomy":"category","embeddable":true,"href":"https:\/\/www.evafm.net\/sitio\/wp-json\/wp\/v2\/categories?post=37117"},{"taxonomy":"post_tag","embeddable":true,"href":"https:\/\/www.evafm.net\/sitio\/wp-json\/wp\/v2\/tags?post=37117"}],"curies":[{"name":"wp","href":"https:\/\/api.w.org\/{rel}","templated":true}]}}