{"id":37124,"date":"2018-08-10T10:23:16","date_gmt":"2018-08-10T15:23:16","guid":{"rendered":"http:\/\/www.evafm.net\/sitio\/?p=37124"},"modified":"2018-08-10T10:23:16","modified_gmt":"2018-08-10T15:23:16","slug":"liga-de-quito-cae-1-0-ante-vasco-da-gama-copa-sudamericana","status":"publish","type":"post","link":"https:\/\/www.evafm.net\/sitio\/liga-de-quito-cae-1-0-ante-vasco-da-gama-copa-sudamericana\/","title":{"rendered":"Liga de Quito cae 1-0 ante Vasco Da Gama &#8211; Copa Sudamericana"},"content":{"rendered":"<p><strong>Liga de Quito<\/strong>\u00a0avanz\u00f3 a octavos de final de la\u00a0<strong>Copa Sudamericana-2018<\/strong>\u00a0pese a perder 1-0 este jueves en\u00a0<strong>Rio de Janeiro<\/strong>\u00a0contra el\u00a0<strong>Vasco da Gama<\/strong>\u00a0en partido de vuelta de la segunda fase, haciendo valer su triunfo 3-1 de la ida.<\/p>\n<p>Los ecuatorianos enfrentaron un juego tenso, en el que los brasile\u00f1os no dejaron de presionar en busca de la remontada en el estadio Sao Januario, en Rio de Janeiro.<\/p>\n<p>Y, aunque les cost\u00f3, y solo al minuto 85 Thiago Galhardo logr\u00f3 estrenar el marcador en una buena combinaci\u00f3n de Pikachu y R\u00edos, el sue\u00f1o no acab\u00f3 d\u00e1ndose para el once carioca.<\/p>\n<p>En un final trepidante, los de Jorginho buscaron desesperadamente el segundo gol, que les daba el pase a octavos, pero les falt\u00f3 definici\u00f3n y tiempo.<\/p>\n<p>Sin dejarse intimidar por un Sao Januario repleto, Liga de Quito, dirigida por el uruguayo Pablo Repetto, logr\u00f3 aprovechar as\u00ed la ventaja cosechada en la altura de Quito el pasado 25 de julio.<\/p>\n<p>Ahora, el &#8216;Rey de Copas ecuatoriano&#8217;, campe\u00f3n de la Libertadores-2008 y de la Sudamericana-2009, se ver\u00e1 las caras con el Deportivo Cali, que dej\u00f3 en el camino al Bol\u00edvar de La Paz. (D)<\/p>\n<p>https:\/\/youtu.be\/GHXnKVTYypU<\/p>\n<p>Fuente: eluniverso.com &#8211; youtube.com<\/p>\n<div class=\"gsp_post_data\" \r\n\t            data-post_type=\"post\" \r\n\t            data-cat=\"deportes-internacionales,general\" \r\n\t            data-modified=\"120\"\r\n\t            data-created=\"1533896596\"\r\n\t            data-title=\"Liga de Quito cae 1-0 ante Vasco Da Gama &#8211; Copa Sudamericana\" \r\n\t            data-home=\"https:\/\/www.evafm.net\/sitio\"><\/div>","protected":false},"excerpt":{"rendered":"<p>Liga de Quito\u00a0avanz\u00f3 a octavos de final de la\u00a0Copa Sudamericana-2018\u00a0pese a perder 1-0 este jueves en\u00a0Rio de Janeiro\u00a0contra el\u00a0Vasco da Gama\u00a0en partido de vuelta de la segunda fase, haciendo valer su triunfo 3-1 de la ida. Los ecuatorianos enfrentaron un juego tenso, en el que los brasile\u00f1os no dejaron de presionar en busca de la&#8230;<\/p>\n","protected":false},"author":5,"featured_media":37125,"comment_status":"closed","ping_status":"open","sticky":false,"template":"","format":"standard","meta":{"_joinchat":[],"footnotes":""},"categories":[1342,1720],"tags":[],"class_list":["post-37124","post","type-post","status-publish","format-standard","has-post-thumbnail","hentry","category-deportes-internacionales","category-general","have-post-thumb"],"_links":{"self":[{"href":"https:\/\/www.evafm.net\/sitio\/wp-json\/wp\/v2\/posts\/37124","targetHints":{"allow":["GET"]}}],"collection":[{"href":"https:\/\/www.evafm.net\/sitio\/wp-json\/wp\/v2\/posts"}],"about":[{"href":"https:\/\/www.evafm.net\/sitio\/wp-json\/wp\/v2\/types\/post"}],"author":[{"embeddable":true,"href":"https:\/\/www.evafm.net\/sitio\/wp-json\/wp\/v2\/users\/5"}],"replies":[{"embeddable":true,"href":"https:\/\/www.evafm.net\/sitio\/wp-json\/wp\/v2\/comments?post=37124"}],"version-history":[{"count":1,"href":"https:\/\/www.evafm.net\/sitio\/wp-json\/wp\/v2\/posts\/37124\/revisions"}],"predecessor-version":[{"id":37127,"href":"https:\/\/www.evafm.net\/sitio\/wp-json\/wp\/v2\/posts\/37124\/revisions\/37127"}],"wp:featuredmedia":[{"embeddable":true,"href":"https:\/\/www.evafm.net\/sitio\/wp-json\/wp\/v2\/media\/37125"}],"wp:attachment":[{"href":"https:\/\/www.evafm.net\/sitio\/wp-json\/wp\/v2\/media?parent=37124"}],"wp:term":[{"taxonomy":"category","embeddable":true,"href":"https:\/\/www.evafm.net\/sitio\/wp-json\/wp\/v2\/categories?post=37124"},{"taxonomy":"post_tag","embeddable":true,"href":"https:\/\/www.evafm.net\/sitio\/wp-json\/wp\/v2\/tags?post=37124"}],"curies":[{"name":"wp","href":"https:\/\/api.w.org\/{rel}","templated":true}]}}