{"id":37150,"date":"2018-08-10T15:28:34","date_gmt":"2018-08-10T20:28:34","guid":{"rendered":"http:\/\/www.evafm.net\/sitio\/?p=37150"},"modified":"2018-08-10T15:28:34","modified_gmt":"2018-08-10T20:28:34","slug":"antonio-banderas-regresa-a-espana-para-celebrar-su-58-cumpleanos","status":"publish","type":"post","link":"https:\/\/www.evafm.net\/sitio\/antonio-banderas-regresa-a-espana-para-celebrar-su-58-cumpleanos\/","title":{"rendered":"Antonio Banderas regresa a Espa\u00f1a para celebrar su 58 cumplea\u00f1os"},"content":{"rendered":"<p>Uno de los mejores actores espa\u00f1oles cumple hoy 58 a\u00f1os. Estamos hablando de\u00a0<b>Antonio Banderas<\/b>\u00a0que, un a\u00f1o m\u00e1s, elige su pa\u00eds natal para celebrar este d\u00eda tan especial. Este es el primer cumplea\u00f1os de Antonio sin su madre, Ana Bandera Gallego que falleci\u00f3 el 4 de noviembre del pasado a\u00f1o a los 84 a\u00f1os. Por lo que parece, celebrar\u00e1 este d\u00eda junto a su actual novia, la modelo holandesa\u00a0<b>Nicole Kimpel<\/b>.<\/p>\n<p>No cabe duda de que al malague\u00f1o se le avecina un fin de semana movidito y es que adem\u00e1s de cumplir a\u00f1os y festejarlo por todo lo alto, el s\u00e1bado 11 de agosto ejercer\u00e1 como anfitri\u00f3n en la Gala Starlite de Marbella.<\/p>\n<p>Al malague\u00f1o se le avecina un fin de semana movidito, pues el s\u00e1bado ser\u00e1 anfitri\u00f3n en la Gala Starlite de Marbella<\/p>\n<p>Lejos quedan aquellos a\u00f1os en los que Antonio Banderas y su exmujer\u00a0<b>Melanie Griffith\u00a0<\/b>celebraban juntos sus cumplea\u00f1os organizando grandes y familiares fiestas ya que Melanie cumple a\u00f1os un d\u00eda antes que el actor. A d\u00eda de hoy, tras 3 a\u00f1os desde que se divorciaron, Antonio y Melanie han superado por completo su ruptura y han tomado caminos diferentes unidos solamente por el amor que tienen hacia su querida hija Stella del Carmen Banderas Griffith, de 21 a\u00f1os.<\/p>\n<p>Lo cierto es que Antonio Banderas aterriz\u00f3 en Espa\u00f1a hace unos d\u00edas y desde entonces ha estado disfrutando del sol y de la costa malague\u00f1a. Adem\u00e1s ha podido reencontrarse con antiguos amigos como Pedro Almod\u00f3var.<\/p>\n<p>Por su parte, su exmujer y tambi\u00e9n actriz Melanie Griffith celebr\u00f3 ayer su 60 cumplea\u00f1os en Colorado, donde se encuentra pasando unos d\u00edas en compa\u00f1\u00eda de su hija Stella por lo que ser\u00eda una gran sorpresa para Antonio que su hija se trasladara a Espa\u00f1a para celebrar el cumplea\u00f1os de su padre.<\/p>\n<p>Es el primer cumplea\u00f1os de Antonio sin su madre, Ana Bandera Gallego que falleci\u00f3 el 4 de noviembre del pasado a\u00f1o a los 84 a\u00f1os<\/p>\n<p>Fuente: lavanguardia.com<\/p>\n<div class=\"gsp_post_data\" \r\n\t            data-post_type=\"post\" \r\n\t            data-cat=\"farandula-internacional\" \r\n\t            data-modified=\"120\"\r\n\t            data-created=\"1533914914\"\r\n\t            data-title=\"Antonio Banderas regresa a Espa\u00f1a para celebrar su 58 cumplea\u00f1os\" \r\n\t            data-home=\"https:\/\/www.evafm.net\/sitio\"><\/div>","protected":false},"excerpt":{"rendered":"<p>Uno de los mejores actores espa\u00f1oles cumple hoy 58 a\u00f1os. Estamos hablando de\u00a0Antonio Banderas\u00a0que, un a\u00f1o m\u00e1s, elige su pa\u00eds natal para celebrar este d\u00eda tan especial. Este es el primer cumplea\u00f1os de Antonio sin su madre, Ana Bandera Gallego que falleci\u00f3 el 4 de noviembre del pasado a\u00f1o a los 84 a\u00f1os. Por lo&#8230;<\/p>\n","protected":false},"author":5,"featured_media":37151,"comment_status":"closed","ping_status":"open","sticky":false,"template":"","format":"standard","meta":{"_joinchat":[],"footnotes":""},"categories":[1346],"tags":[],"class_list":["post-37150","post","type-post","status-publish","format-standard","has-post-thumbnail","hentry","category-farandula-internacional","have-post-thumb"],"_links":{"self":[{"href":"https:\/\/www.evafm.net\/sitio\/wp-json\/wp\/v2\/posts\/37150","targetHints":{"allow":["GET"]}}],"collection":[{"href":"https:\/\/www.evafm.net\/sitio\/wp-json\/wp\/v2\/posts"}],"about":[{"href":"https:\/\/www.evafm.net\/sitio\/wp-json\/wp\/v2\/types\/post"}],"author":[{"embeddable":true,"href":"https:\/\/www.evafm.net\/sitio\/wp-json\/wp\/v2\/users\/5"}],"replies":[{"embeddable":true,"href":"https:\/\/www.evafm.net\/sitio\/wp-json\/wp\/v2\/comments?post=37150"}],"version-history":[{"count":1,"href":"https:\/\/www.evafm.net\/sitio\/wp-json\/wp\/v2\/posts\/37150\/revisions"}],"predecessor-version":[{"id":37152,"href":"https:\/\/www.evafm.net\/sitio\/wp-json\/wp\/v2\/posts\/37150\/revisions\/37152"}],"wp:featuredmedia":[{"embeddable":true,"href":"https:\/\/www.evafm.net\/sitio\/wp-json\/wp\/v2\/media\/37151"}],"wp:attachment":[{"href":"https:\/\/www.evafm.net\/sitio\/wp-json\/wp\/v2\/media?parent=37150"}],"wp:term":[{"taxonomy":"category","embeddable":true,"href":"https:\/\/www.evafm.net\/sitio\/wp-json\/wp\/v2\/categories?post=37150"},{"taxonomy":"post_tag","embeddable":true,"href":"https:\/\/www.evafm.net\/sitio\/wp-json\/wp\/v2\/tags?post=37150"}],"curies":[{"name":"wp","href":"https:\/\/api.w.org\/{rel}","templated":true}]}}