{"id":37171,"date":"2018-08-11T12:40:22","date_gmt":"2018-08-11T17:40:22","guid":{"rendered":"http:\/\/www.evafm.net\/sitio\/?p=37171"},"modified":"2018-08-11T12:40:22","modified_gmt":"2018-08-11T17:40:22","slug":"el-nacional-gana-3-1-a-tecnico-universitario-y-se-distancia-en-el-fondo-de-la-tabla","status":"publish","type":"post","link":"https:\/\/www.evafm.net\/sitio\/el-nacional-gana-3-1-a-tecnico-universitario-y-se-distancia-en-el-fondo-de-la-tabla\/","title":{"rendered":"El Nacional gana 3-1 a T\u00e9cnico Universitario y se distancia en el fondo de la tabla"},"content":{"rendered":"<p>El Nacional, con dos goles de Jorge Ord\u00f3\u00f1ez y uno de \u00c1ngel Gracia, venci\u00f3 la noche de este viernes como visitante 3-1 al T\u00e9cnico Universitario, en el inicio de la cuarta fecha de la segunda etapa del Campeonato\u00a0 Ecuatoriano de F\u00fatbol.<\/p>\n<p>El equipo militar abri\u00f3 la cuenta a los 7 minutos mediante un lanzamiento penal ejecutado por Gracia. Y Ord\u00f3\u00f1ez ampli\u00f3 el marcador a los 21m y 45m para alejarse del fondo de la clasificaci\u00f3n y no comprometerse con el descenso.<\/p>\n<p>Diego Armas puso algo de decoro al marcador al descontar casi sobre el final, a los 83m, aunque el portero de T\u00e9cnico Universitario, Jorge Pinos, fue fundamental para evitar que la goleada sea m\u00e1s amplia pues salv\u00f3 a su equipo ante remates de Manuel Balda y Adolfo Mu\u00f1oz.<\/p>\n<p>Con este resultado, El Nacional sum\u00f3 28 puntos en la acumulada, mientras el Rodillo ambate\u00f1o sigue \u00faltimo, con 16.<\/p>\n<p>https:\/\/youtu.be\/xuU5dvjo1vE<\/p>\n<p>Fuente: eluniverso.com &#8211; youtube.com<\/p>\n<div class=\"gsp_post_data\" \r\n\t            data-post_type=\"post\" \r\n\t            data-cat=\"deportes-ecuador\" \r\n\t            data-modified=\"120\"\r\n\t            data-created=\"1533991222\"\r\n\t            data-title=\"El Nacional gana 3-1 a T\u00e9cnico Universitario y se distancia en el fondo de la tabla\" \r\n\t            data-home=\"https:\/\/www.evafm.net\/sitio\"><\/div>","protected":false},"excerpt":{"rendered":"<p>El Nacional, con dos goles de Jorge Ord\u00f3\u00f1ez y uno de \u00c1ngel Gracia, venci\u00f3 la noche de este viernes como visitante 3-1 al T\u00e9cnico Universitario, en el inicio de la cuarta fecha de la segunda etapa del Campeonato\u00a0 Ecuatoriano de F\u00fatbol. El equipo militar abri\u00f3 la cuenta a los 7 minutos mediante un lanzamiento penal&#8230;<\/p>\n","protected":false},"author":5,"featured_media":37173,"comment_status":"closed","ping_status":"open","sticky":false,"template":"","format":"standard","meta":{"_joinchat":[],"footnotes":""},"categories":[1557],"tags":[],"class_list":["post-37171","post","type-post","status-publish","format-standard","has-post-thumbnail","hentry","category-deportes-ecuador","have-post-thumb"],"_links":{"self":[{"href":"https:\/\/www.evafm.net\/sitio\/wp-json\/wp\/v2\/posts\/37171","targetHints":{"allow":["GET"]}}],"collection":[{"href":"https:\/\/www.evafm.net\/sitio\/wp-json\/wp\/v2\/posts"}],"about":[{"href":"https:\/\/www.evafm.net\/sitio\/wp-json\/wp\/v2\/types\/post"}],"author":[{"embeddable":true,"href":"https:\/\/www.evafm.net\/sitio\/wp-json\/wp\/v2\/users\/5"}],"replies":[{"embeddable":true,"href":"https:\/\/www.evafm.net\/sitio\/wp-json\/wp\/v2\/comments?post=37171"}],"version-history":[{"count":1,"href":"https:\/\/www.evafm.net\/sitio\/wp-json\/wp\/v2\/posts\/37171\/revisions"}],"predecessor-version":[{"id":37174,"href":"https:\/\/www.evafm.net\/sitio\/wp-json\/wp\/v2\/posts\/37171\/revisions\/37174"}],"wp:featuredmedia":[{"embeddable":true,"href":"https:\/\/www.evafm.net\/sitio\/wp-json\/wp\/v2\/media\/37173"}],"wp:attachment":[{"href":"https:\/\/www.evafm.net\/sitio\/wp-json\/wp\/v2\/media?parent=37171"}],"wp:term":[{"taxonomy":"category","embeddable":true,"href":"https:\/\/www.evafm.net\/sitio\/wp-json\/wp\/v2\/categories?post=37171"},{"taxonomy":"post_tag","embeddable":true,"href":"https:\/\/www.evafm.net\/sitio\/wp-json\/wp\/v2\/tags?post=37171"}],"curies":[{"name":"wp","href":"https:\/\/api.w.org\/{rel}","templated":true}]}}