{"id":37218,"date":"2018-08-13T12:45:43","date_gmt":"2018-08-13T17:45:43","guid":{"rendered":"http:\/\/www.evafm.net\/sitio\/?p=37218"},"modified":"2018-08-13T12:45:43","modified_gmt":"2018-08-13T17:45:43","slug":"no-solo-rafael-correa-viajo-en-aviones-presidenciales","status":"publish","type":"post","link":"https:\/\/www.evafm.net\/sitio\/no-solo-rafael-correa-viajo-en-aviones-presidenciales\/","title":{"rendered":"No solo Rafael Correa viaj\u00f3 en aviones presidenciales"},"content":{"rendered":"<div class=\"location-event\">Quito &#8211;<\/div>\n<p>Autoridades, funcionarios e invitados fueron parte de las comitivas que utilizaron los aviones presidenciales \u2013el Legacy 600 y el Dassault Falcon 7X\u2013 con distintos fines. En unos casos acompa\u00f1aron al entonces jefe de Estado Rafael Correa; mientras que en otros viajaron con misiones espec\u00edficas.<\/p>\n<p>Este Diario revis\u00f3 los decretos ejecutivos e informes ministeriales sobre esos viajes. Seg\u00fan estos, Correa viaj\u00f3 con grupos de m\u00e1s de diez personas \u2013entre funcionarios e invitados\u2013 en 42 de los 108 viajes que hizo como mandatario en las aeronaves presidenciales.<\/p>\n<p>Los decretos emitidos por Correa permiten conocer qu\u00e9 viajes tuvieron las comitivas m\u00e1s numerosas: los gabinetes binacionales con Colombia y Per\u00fa, y las citas presidenciales y gabinetes con Venezuela.<\/p>\n<p>En noviembre de 2013 se desplaz\u00f3 a Ipiales (Colombia), para la inauguraci\u00f3n del nuevo puente internacional de Rumichaca y el encuentro de ministros. La comitiva lleg\u00f3 a 58 funcionarios e invitados.<\/p>\n<p>En dos gabinetes binacionales en Per\u00fa, en 2012 y 2013, tuvo 56 y 51 acompa\u00f1antes.<\/p>\n<p>A Santa Cruz (Bolivia), para la Cumbre del G77+China, se trasladaron 41 personas.<\/p>\n<p>Los viajes a otros continentes tambi\u00e9n tuvieron nutridas comitivas. En 2015, en una visita a B\u00e9lgica e Italia, por la Cumbre Celac-UE y la Feria de Mil\u00e1n, el grupo fue de 41. En enero de ese a\u00f1o, Correa viaj\u00f3 a China con 29 acompa\u00f1antes.<\/p>\n<p>Para las exequias de Hugo Ch\u00e1vez viaj\u00f3 a Caracas con 26 personas; a una gira acad\u00e9mica en Espa\u00f1a e Italia, con 22.<\/p>\n<p>Como los aviones presidenciales pueden llevar hasta 14 pasajeros, muchos se desplazaron en l\u00edneas comerciales o vuelos ch\u00e1rter de la estatal Tame.<\/p>\n<p>Hubo traslados, seg\u00fan los decretos, con varios destinos.<\/p>\n<p>En enero de 2017, Correa fue a Punta Cana (Rep\u00fablica Dominicana), para la cumbre de la Celac-UE. Desde all\u00ed inici\u00f3 una gira por G\u00e9nova, Mil\u00e1n, Barcelona, Murcia, Valencia y Madrid. Fue el viaje con el mayor n\u00famero de destinos visitados y dur\u00f3 siete d\u00edas. Lo realiz\u00f3 cuando arrancaba la campa\u00f1a para las \u00faltimas elecciones.<\/p>\n<p>El Falcon 7X tambi\u00e9n se utiliz\u00f3 para llevar a funcionarios encargados de buscar financiamiento en el exterior.<\/p>\n<p>El entonces vicepresidente Jorge Glas aterriz\u00f3 en Quito en ese avi\u00f3n el 10 de diciembre del 2015, junto con los ministros Ricardo Pati\u00f1o y Fausto Herrera. Al llegar anunciaron un nuevo pr\u00e9stamo de China.<\/p>\n<p>Casi un a\u00f1o despu\u00e9s, del 6 y el 16 de noviembre de 2016, una comitiva del Ministerio de Econom\u00eda fue a buscar nuevo financiamiento. En el Falcon 7X visit\u00f3 Espa\u00f1a, Luxemburgo, Emiratos \u00c1rabes Unidos, Tailandia, EE.UU. y Francia. No lo usaron entre Dub\u00e1i y Bangkok, consta en los registros de viajes del ministerio. Funcionarios encabezados por Herrera hicieron un viaje parecido del 28 de noviembre al 9 de diciembre de 2016 para reunirse con organismos internacionales. Fueron a Buenos Aires, Dub\u00e1i, Bangkok y Nueva York.<\/p>\n<p>El entonces subsecretario de Financiamiento P\u00fablico, Willam V\u00e1sconez Rubio, viaj\u00f3 a Dub\u00e1i entre el 21 y el 28 de enero de 2017 para continuar con la b\u00fasqueda de fondos para proyectos de inversi\u00f3n, de acuerdo con su informe final.<\/p>\n<p>Otro usuario frecuente de las aeronaves fue la Canciller\u00eda. Seg\u00fan registros institucionales, las us\u00f3 en al menos 18 viajes entre noviembre de 2014 y mayo de 2017, sin contar los de acompa\u00f1amiento al presidente.<\/p>\n<p>Entre los \u00faltimos vuelos del excanciller Guillaume Long se cuenta uno a Caracas para reunirse con su hom\u00f3logo venezolano y con la delegaci\u00f3n diplom\u00e1tica para hacer seguimiento a la segunda vuelta electoral del 2 de abril de 2017.<\/p>\n<p>En los informes tambi\u00e9n consta un desplazamiento de Ricardo Pati\u00f1o a Cochabamba (Bolivia) en marzo de 2015, para reunirse con el presidente Evo Morales.<\/p>\n<p>Fernando Cordero, cuando presid\u00eda la Asamblea, us\u00f3 el avi\u00f3n presidencial, entre el 17 y 21 de junio de 2010, denunci\u00f3 en su momento el exlegislador Leonardo Viteri (PSC). Fue a Toronto (Canad\u00e1) con su esposa y nieto; al igual que la asamble\u00edsta Linda Machuca, que fue con su hijo. Viteri los acus\u00f3 de abusar de bienes p\u00fablicos, pues seg\u00fan \u00e9l deb\u00edan pagar por el viaje de sus familiares. El objetivo fue participar en la fiesta del Inti Raymi, que hab\u00edan organizado ecuatorianos en Toronto, y mantener reuniones con los migrantes.<\/p>\n<p>La Direcci\u00f3n de Aviaci\u00f3n Civil registra ese vuelo, pero con destino a Panam\u00e1. Ese organismo anota en sus reportes las primeras escalas de los vuelos.<\/p>\n<p>En ese entonces, Machuca asegur\u00f3 que, a \u00faltimo momento, la Presidencia autoriz\u00f3 el uso del avi\u00f3n presidencial y que hab\u00eda llevado a su hijo de 5 a\u00f1os, porque no ten\u00eda qui\u00e9n lo cuidara y que su regreso fue en un vuelo comercial.(I)<\/p>\n<p><strong>Acciones<\/strong><\/p>\n<p><strong>En la Contralor\u00eda\u00a0<\/strong><br \/>\nLa Contralor\u00eda General del Estado emiti\u00f3 a finales de julio pasado la orden de trabajo 0018-DNA1-2018-I que tiene por objetivo auditar el \u201cuso de los aviones presidenciales en la Presidencia de la Rep\u00fablica y entidades relacionadas\u201d entre el 1 de diciembre de 2012 y el 14 de mayo de 2017, cuando Rafael Correa era mandatario. La acci\u00f3n es parte del Plan Anual de Control 2018, aprobado por el contralor Pablo Celi. Tiene un plazo de 90 d\u00edas. (I)<\/p>\n<p><strong>En la Asamblea\u00a0\u00a0\u00a0<\/strong><br \/>\nEl bloque legislativo del Partido Social Cristiano (PSC) &#8211; Madera de Guerrero lleva adelante una fiscalizaci\u00f3n de la utilizaci\u00f3n de uso de los aviones presidenciales. A finales de julio entregaron a la Contralor\u00eda General del Estado informaci\u00f3n sobre el uso de esas aeronaves. El asamble\u00edsta C\u00e9sar Roh\u00f3n, de esa bancada, se\u00f1al\u00f3 en esa ocasi\u00f3n que se debe explicar por qu\u00e9 hay viajes sin pasajeros, solo con la tripulaci\u00f3n. Seg\u00fan \u00e9l, los pilotos tendr\u00e1n que explicar qu\u00e9 llevaban y por qu\u00e9 volaban. (I)<\/p>\n<p><strong>En la Presidencia<\/strong><br \/>\nEl presidente de la Rep\u00fablica, Len\u00edn Moreno, anunci\u00f3 hace un a\u00f1o, en agosto del 2017, que vender\u00eda uno de los dos aviones presidenciales para afrontar la crisis econ\u00f3mica que atraviesa el Gobierno. Lo hizo en uno de sus enlaces semanales de televisi\u00f3n \u2018El Gobierno informa\u2019. Sin embargo, ninguna de las aeronaves ha salido a la venta desde entonces. Otra medida anunciada fue la reducci\u00f3n del 10% de los salarios de los funcionarios p\u00fablicos del jer\u00e1rquico superior. (I)<\/p>\n<p><iframe title=\"Registros de vuelos presidenciales con inconsistencias\" width=\"1200\" height=\"900\" src=\"https:\/\/www.youtube.com\/embed\/JgDkTV3Dc7c?feature=oembed\" frameborder=\"0\" allow=\"accelerometer; autoplay; clipboard-write; encrypted-media; gyroscope; picture-in-picture; web-share\" referrerpolicy=\"strict-origin-when-cross-origin\" allowfullscreen><\/iframe><\/p>\n<p>Fuente: eluniverso.com<\/p>\n<div class=\"gsp_post_data\" \r\n\t            data-post_type=\"post\" \r\n\t            data-cat=\"general,noticias-ecuador\" \r\n\t            data-modified=\"120\"\r\n\t            data-created=\"1534164343\"\r\n\t            data-title=\"No solo Rafael Correa viaj\u00f3 en aviones presidenciales\" \r\n\t            data-home=\"https:\/\/www.evafm.net\/sitio\"><\/div>","protected":false},"excerpt":{"rendered":"<p>Quito &#8211; Autoridades, funcionarios e invitados fueron parte de las comitivas que utilizaron los aviones presidenciales \u2013el Legacy 600 y el Dassault Falcon 7X\u2013 con distintos fines. En unos casos acompa\u00f1aron al entonces jefe de Estado Rafael Correa; mientras que en otros viajaron con misiones espec\u00edficas. Este Diario revis\u00f3 los decretos ejecutivos e informes ministeriales&#8230;<\/p>\n","protected":false},"author":5,"featured_media":37220,"comment_status":"closed","ping_status":"open","sticky":false,"template":"","format":"standard","meta":{"_joinchat":[],"footnotes":""},"categories":[1720,1558],"tags":[],"class_list":["post-37218","post","type-post","status-publish","format-standard","has-post-thumbnail","hentry","category-general","category-noticias-ecuador","have-post-thumb"],"_links":{"self":[{"href":"https:\/\/www.evafm.net\/sitio\/wp-json\/wp\/v2\/posts\/37218","targetHints":{"allow":["GET"]}}],"collection":[{"href":"https:\/\/www.evafm.net\/sitio\/wp-json\/wp\/v2\/posts"}],"about":[{"href":"https:\/\/www.evafm.net\/sitio\/wp-json\/wp\/v2\/types\/post"}],"author":[{"embeddable":true,"href":"https:\/\/www.evafm.net\/sitio\/wp-json\/wp\/v2\/users\/5"}],"replies":[{"embeddable":true,"href":"https:\/\/www.evafm.net\/sitio\/wp-json\/wp\/v2\/comments?post=37218"}],"version-history":[{"count":1,"href":"https:\/\/www.evafm.net\/sitio\/wp-json\/wp\/v2\/posts\/37218\/revisions"}],"predecessor-version":[{"id":37221,"href":"https:\/\/www.evafm.net\/sitio\/wp-json\/wp\/v2\/posts\/37218\/revisions\/37221"}],"wp:featuredmedia":[{"embeddable":true,"href":"https:\/\/www.evafm.net\/sitio\/wp-json\/wp\/v2\/media\/37220"}],"wp:attachment":[{"href":"https:\/\/www.evafm.net\/sitio\/wp-json\/wp\/v2\/media?parent=37218"}],"wp:term":[{"taxonomy":"category","embeddable":true,"href":"https:\/\/www.evafm.net\/sitio\/wp-json\/wp\/v2\/categories?post=37218"},{"taxonomy":"post_tag","embeddable":true,"href":"https:\/\/www.evafm.net\/sitio\/wp-json\/wp\/v2\/tags?post=37218"}],"curies":[{"name":"wp","href":"https:\/\/api.w.org\/{rel}","templated":true}]}}