{"id":37222,"date":"2018-08-13T12:52:31","date_gmt":"2018-08-13T17:52:31","guid":{"rendered":"http:\/\/www.evafm.net\/sitio\/?p=37222"},"modified":"2018-08-13T12:52:31","modified_gmt":"2018-08-13T17:52:31","slug":"remueven-enorme-embarcacion-que-choco-con-puente-duran-santay","status":"publish","type":"post","link":"https:\/\/www.evafm.net\/sitio\/remueven-enorme-embarcacion-que-choco-con-puente-duran-santay\/","title":{"rendered":"Remueven enorme embarcaci\u00f3n que choc\u00f3 con puente Dur\u00e1n-Santay"},"content":{"rendered":"<p><strong>Actualizado a las 10:53<\/strong><\/p>\n<p>Antes de las 08:00 de este lunes, dos remolcadores lograron sacar la embarcaci\u00f3n y llevarla al muelle de Adelca de donde provino la embarcaci\u00f3n.<\/p>\n<p>\u00abLa novedad se encuentra controlada, personal del Secob entrar\u00e1 en contacto con la empresa Adelca a fin de coordinar los temas de seguros para que se inicien los trabajos que restablezcan las condiciones anteriores al sector basculante del puente y as\u00ed se vuelva a la normalidad\u00bb, dijo el capit\u00e1n Juan Liger, capit\u00e1n del Puerto de Guayaquil.<\/p>\n<p>Asimismo, una embarcaci\u00f3n de guardacostas se encarga de evitar el paso de buques que navegan por el sector.<\/p>\n<p>Delegados del Servicio de Contrataci\u00f3n de Obras (Secob) y de la Municipalidad de Dur\u00e1n visitaron esta ma\u00f1ana las instalaciones del puente de la isla Santay que comunica Dur\u00e1n con la ecoaldea.<\/p>\n<p>El puente sufri\u00f3 el choque de un buque que estaba acoderado en un muelle de Dur\u00e1n y en los \u00faltimos d\u00edas hab\u00eda quedado en un banco de arena sujetado de dos anclas para su posterior remolque. Ayer, se dio \u00abel accidente\u00bb por un fuerte viento y alta marea; estaba programado que sea remolcado ma\u00f1ana martes en que la marea llegaba a 4,66 metros de altura, se\u00f1alaron autoridades de la Capitan\u00eda del Puerto.<\/p>\n<p><strong>A la espera de la marea<\/strong><\/p>\n<p>Desde las 07:00 horas de este d\u00eda lunes, los remolcadores marinos rodearon el buque de carga que ayer en horas de la tarde se impact\u00f3 contra una parte del puente basculante que une al cant\u00f3n Dur\u00e1n con la isla Santay.<\/p>\n<p>De acuerdo a Gonzalo Menoscal, de la Secretar\u00eda de Gesti\u00f3n de Riesgos del municipio de Dur\u00e1n, los remolcadores intentaban estabilizar a la enorme embarcaci\u00f3n esperando que la marea del r\u00edo Guayas est\u00e9 en su m\u00e1ximo nivel, lo que estaba previsto para las 08:47 de hoy.<\/p>\n<p>Elementos de la Polic\u00eda Nacional formaron un cord\u00f3n de seguridad sobre el malec\u00f3n Abel Gilbert Pont\u00f3n para evitar que personas se acerquen a ver los trabajos que se realizan, pues esta tarea de estabilizaci\u00f3n del barco es de gran riesgo por probable desprendimiento de viga, se\u00f1al\u00f3 Gonzalo Menoscal.<\/p>\n<div class=\"SandboxRoot env-bp-350\">\n<div id=\"twitter-widget-0\" class=\"EmbeddedTweet EmbeddedTweet--edge EmbeddedTweet--mediaForward media-forward js-clickToOpenTarget js-tweetIdInfo tweet-InformationCircle-widgetParent\" lang=\"es\">\n<article class=\"MediaCard\n           MediaCard--mediaForward\n\n           cards-multimedia\n           customisable-border\" dir=\"ltr\"><\/p>\n<div class=\"MediaCard-media\">\n<div class=\"MediaCard-widthConstraint js-cspForcedStyle\">\n<div class=\"MediaCard-mediaContainer js-cspForcedStyle\">\n<p>Este incidente ocurri\u00f3 la tarde de ayer domingo cuando la marea y los fuertes vientos arrastraron al buque que se encontraba en el muelle de la empresa Adelca, ubicado a pocos metros del malec\u00f3n Abel Gilbert Pont\u00f3n. La embarcaci\u00f3n ya no operaba y estaba pr\u00f3ximo a su desmantelamiento.<\/p>\n<p>Las autoridades de la Gobernaci\u00f3n del Guayas tienen previsto reunirse este mediod\u00eda en una mesa t\u00e9cnica para evaluar este incidente. (I)<\/p>\n<blockquote class=\"twitter-tweet\" data-width=\"550\" data-dnt=\"true\">\n<p lang=\"es\" dir=\"ltr\">Juan Liner, capit\u00e1n del Puerto de Guayaquil, da m\u00e1s detalles del accidente del buque se impact\u00f3 contra el puente basculante Dur\u00e1n-Guayaquil.  <a href=\"https:\/\/t.co\/MefuExLRbv\">pic.twitter.com\/MefuExLRbv<\/a>  v\u00eda <a href=\"https:\/\/twitter.com\/donosoloor?ref_src=twsrc%5Etfw\">@donosoloor<\/a><\/p>\n<p>&mdash; El Universo (@eluniversocom) <a href=\"https:\/\/twitter.com\/eluniversocom\/status\/1029010243441840131?ref_src=twsrc%5Etfw\">August 13, 2018<\/a><\/p><\/blockquote>\n<p><script async src=\"https:\/\/platform.twitter.com\/widgets.js\" charset=\"utf-8\"><\/script><\/p>\n<p><iframe title=\"Barco choca contra puente peatonal Dur\u00e1n - Isla Santay\" width=\"1200\" height=\"900\" src=\"https:\/\/www.youtube.com\/embed\/ZLcF1SoWpe4?feature=oembed\" frameborder=\"0\" allow=\"accelerometer; autoplay; clipboard-write; encrypted-media; gyroscope; picture-in-picture; web-share\" referrerpolicy=\"strict-origin-when-cross-origin\" allowfullscreen><\/iframe><\/p>\n<p>Fuente: eluniverso.com &#8211; twitter.com &#8211; youtube.com &#8211; ecuavisa.com<\/p>\n<\/div>\n<\/div>\n<\/div>\n<\/article>\n<\/div>\n<\/div>\n<div class=\"gsp_post_data\" \r\n\t            data-post_type=\"post\" \r\n\t            data-cat=\"noticias-ecuador\" \r\n\t            data-modified=\"120\"\r\n\t            data-created=\"1534164751\"\r\n\t            data-title=\"Remueven enorme embarcaci\u00f3n que choc\u00f3 con puente Dur\u00e1n-Santay\" \r\n\t            data-home=\"https:\/\/www.evafm.net\/sitio\"><\/div>","protected":false},"excerpt":{"rendered":"<p>Actualizado a las 10:53 Antes de las 08:00 de este lunes, dos remolcadores lograron sacar la embarcaci\u00f3n y llevarla al muelle de Adelca de donde provino la embarcaci\u00f3n. \u00abLa novedad se encuentra controlada, personal del Secob entrar\u00e1 en contacto con la empresa Adelca a fin de coordinar los temas de seguros para que se inicien&#8230;<\/p>\n","protected":false},"author":5,"featured_media":37225,"comment_status":"closed","ping_status":"open","sticky":false,"template":"","format":"standard","meta":{"_joinchat":[],"footnotes":""},"categories":[1558],"tags":[],"class_list":["post-37222","post","type-post","status-publish","format-standard","has-post-thumbnail","hentry","category-noticias-ecuador","have-post-thumb"],"_links":{"self":[{"href":"https:\/\/www.evafm.net\/sitio\/wp-json\/wp\/v2\/posts\/37222","targetHints":{"allow":["GET"]}}],"collection":[{"href":"https:\/\/www.evafm.net\/sitio\/wp-json\/wp\/v2\/posts"}],"about":[{"href":"https:\/\/www.evafm.net\/sitio\/wp-json\/wp\/v2\/types\/post"}],"author":[{"embeddable":true,"href":"https:\/\/www.evafm.net\/sitio\/wp-json\/wp\/v2\/users\/5"}],"replies":[{"embeddable":true,"href":"https:\/\/www.evafm.net\/sitio\/wp-json\/wp\/v2\/comments?post=37222"}],"version-history":[{"count":1,"href":"https:\/\/www.evafm.net\/sitio\/wp-json\/wp\/v2\/posts\/37222\/revisions"}],"predecessor-version":[{"id":37226,"href":"https:\/\/www.evafm.net\/sitio\/wp-json\/wp\/v2\/posts\/37222\/revisions\/37226"}],"wp:featuredmedia":[{"embeddable":true,"href":"https:\/\/www.evafm.net\/sitio\/wp-json\/wp\/v2\/media\/37225"}],"wp:attachment":[{"href":"https:\/\/www.evafm.net\/sitio\/wp-json\/wp\/v2\/media?parent=37222"}],"wp:term":[{"taxonomy":"category","embeddable":true,"href":"https:\/\/www.evafm.net\/sitio\/wp-json\/wp\/v2\/categories?post=37222"},{"taxonomy":"post_tag","embeddable":true,"href":"https:\/\/www.evafm.net\/sitio\/wp-json\/wp\/v2\/tags?post=37222"}],"curies":[{"name":"wp","href":"https:\/\/api.w.org\/{rel}","templated":true}]}}