{"id":37230,"date":"2018-08-13T13:08:51","date_gmt":"2018-08-13T18:08:51","guid":{"rendered":"http:\/\/www.evafm.net\/sitio\/?p=37230"},"modified":"2018-08-13T13:08:51","modified_gmt":"2018-08-13T18:08:51","slug":"cristina-fernandez-declara-hoy-por-caso-de-corrupcion","status":"publish","type":"post","link":"https:\/\/www.evafm.net\/sitio\/cristina-fernandez-declara-hoy-por-caso-de-corrupcion\/","title":{"rendered":"Cristina Fern\u00e1ndez declara hoy por caso de corrupci\u00f3n"},"content":{"rendered":"<div class=\"location-event\">Argentina &#8211;<\/div>\n<p>La expresidenta argentina y senadora\u00a0Cristina Fern\u00e1ndez de Kirchner, quien es la mayor pol\u00edtica opositora al gobierno de Mauricio Macri pese a los varios casos de corrupci\u00f3n por la que se la investiga, declarar\u00e1 hoy ante el juez Claudio Bonadio por el caso de los cuadernos de la corrupci\u00f3n (o de las coimas) entre empresarios y pol\u00edticos durante el kirchnerismo.<\/p>\n<p>Bonadio, quien tambi\u00e9n es juez en otras causas de la exmandataria, ha dicho a allegados que quiere llevarla a la c\u00e1rcel. Mientras, ella se declara como \u201cperseguida pol\u00edtica\u201d.<\/p>\n<p>Lo pol\u00e9mico de este nuevo caso que se destap\u00f3 la semana pasada por una investigaci\u00f3n entre la justicia y el diario\u00a0<em>La Naci\u00f3n<\/em>\u00a0es que jam\u00e1s hubo tantos y tan poderosos empresarios embarrados por la corrupci\u00f3n de pagos por obras p\u00fablicas. Son al menos una veintena y cada d\u00eda surgen otro nombre y m\u00e1s pruebas. (I)<\/p>\n<blockquote class=\"twitter-tweet\" data-width=\"550\" data-dnt=\"true\">\n<p lang=\"es\" dir=\"ltr\">Ma\u00f1ana lunes voy a presentarme en Comodoro Py, como lo hice ante cada requerimiento judicial. A lxs compa\u00f1erxs que quer\u00edan movilizarse para acompa\u00f1arme, les pido por favor que no lo hagan.<\/p>\n<p>&mdash; Cristina Kirchner (@CFKArgentina) <a href=\"https:\/\/twitter.com\/CFKArgentina\/status\/1028598085822365696?ref_src=twsrc%5Etfw\">August 12, 2018<\/a><\/p><\/blockquote>\n<p><script async src=\"https:\/\/platform.twitter.com\/widgets.js\" charset=\"utf-8\"><\/script><\/p>\n<p>Fuente: eluniverso.com<\/p>\n<div class=\"gsp_post_data\" \r\n\t            data-post_type=\"post\" \r\n\t            data-cat=\"noticias-internacionales\" \r\n\t            data-modified=\"120\"\r\n\t            data-created=\"1534165731\"\r\n\t            data-title=\"Cristina Fern\u00e1ndez declara hoy por caso de corrupci\u00f3n\" \r\n\t            data-home=\"https:\/\/www.evafm.net\/sitio\"><\/div>","protected":false},"excerpt":{"rendered":"<p>Argentina &#8211; La expresidenta argentina y senadora\u00a0Cristina Fern\u00e1ndez de Kirchner, quien es la mayor pol\u00edtica opositora al gobierno de Mauricio Macri pese a los varios casos de corrupci\u00f3n por la que se la investiga, declarar\u00e1 hoy ante el juez Claudio Bonadio por el caso de los cuadernos de la corrupci\u00f3n (o de las coimas) entre&#8230;<\/p>\n","protected":false},"author":5,"featured_media":37232,"comment_status":"closed","ping_status":"open","sticky":false,"template":"","format":"standard","meta":{"_joinchat":[],"footnotes":""},"categories":[1345],"tags":[],"class_list":["post-37230","post","type-post","status-publish","format-standard","has-post-thumbnail","hentry","category-noticias-internacionales","have-post-thumb"],"_links":{"self":[{"href":"https:\/\/www.evafm.net\/sitio\/wp-json\/wp\/v2\/posts\/37230","targetHints":{"allow":["GET"]}}],"collection":[{"href":"https:\/\/www.evafm.net\/sitio\/wp-json\/wp\/v2\/posts"}],"about":[{"href":"https:\/\/www.evafm.net\/sitio\/wp-json\/wp\/v2\/types\/post"}],"author":[{"embeddable":true,"href":"https:\/\/www.evafm.net\/sitio\/wp-json\/wp\/v2\/users\/5"}],"replies":[{"embeddable":true,"href":"https:\/\/www.evafm.net\/sitio\/wp-json\/wp\/v2\/comments?post=37230"}],"version-history":[{"count":1,"href":"https:\/\/www.evafm.net\/sitio\/wp-json\/wp\/v2\/posts\/37230\/revisions"}],"predecessor-version":[{"id":37233,"href":"https:\/\/www.evafm.net\/sitio\/wp-json\/wp\/v2\/posts\/37230\/revisions\/37233"}],"wp:featuredmedia":[{"embeddable":true,"href":"https:\/\/www.evafm.net\/sitio\/wp-json\/wp\/v2\/media\/37232"}],"wp:attachment":[{"href":"https:\/\/www.evafm.net\/sitio\/wp-json\/wp\/v2\/media?parent=37230"}],"wp:term":[{"taxonomy":"category","embeddable":true,"href":"https:\/\/www.evafm.net\/sitio\/wp-json\/wp\/v2\/categories?post=37230"},{"taxonomy":"post_tag","embeddable":true,"href":"https:\/\/www.evafm.net\/sitio\/wp-json\/wp\/v2\/tags?post=37230"}],"curies":[{"name":"wp","href":"https:\/\/api.w.org\/{rel}","templated":true}]}}