{"id":37238,"date":"2018-08-13T13:23:21","date_gmt":"2018-08-13T18:23:21","guid":{"rendered":"http:\/\/www.evafm.net\/sitio\/?p=37238"},"modified":"2018-08-13T13:23:21","modified_gmt":"2018-08-13T18:23:21","slug":"guayaquil-city-pierde-nuevamente-esta-vez-ante-delfin","status":"publish","type":"post","link":"https:\/\/www.evafm.net\/sitio\/guayaquil-city-pierde-nuevamente-esta-vez-ante-delfin\/","title":{"rendered":"Guayaquil City pierde nuevamente&#8230; esta vez ante Delf\u00edn"},"content":{"rendered":"<p>Conociendo que para el pr\u00f3ximo a\u00f1o la Liga Profesional tiene la propuesta de que ning\u00fan equipo descienda, Guayaquil City sigue acumulando derrota tras derrota. Esta vez fue Delf\u00edn, con triunfo 0-2, el que se le llev\u00f3 los tres puntos en el duelo que cerr\u00f3 la jornada dominical.<\/p>\n<p>El equipo de Pool Gavil\u00e1nez acumul\u00f3 en el estadio Christian Ben\u00edtez su derrota n\u00famero 14 en 26 partidos del Campeonato Ecuatoriano de F\u00fatbol (22 disputados en la primera etapa y 4 en lo que va de esta segunda fase). Apenas ha ganado 3 partidos y empatado 9.<\/p>\n<p>Despu\u00e9s de un primer tiempo sin mayores acciones de peligro, Carlos Garc\u00e9s abri\u00f3 la ruta de la victoria para los manabitas a los 50 minutos.<\/p>\n<p>El atacante domin\u00f3 con el pecho un centro de Andr\u00e9s Chicaiza y sin dejar que el bal\u00f3n toque el suelo, a la altura del punto penal, defini\u00f3 cruzado, de derecha.<\/p>\n<div id=\"mappingampliada\" class=\"dfp-slot atm-banner-mappingampliada publicity-content\">\n<div id=\"google_ads_iframe_78858240\/ElUniverso.com\/Universo_Ampliada_0__container__\">\n<p>Cuando el encuentro finalizaba, el defensor Jos\u00e9 Hurtado mand\u00f3 el bal\u00f3n a su porpia puerta en un intento por despejar, aumentando la ventaja para Delf\u00edn 0-2.<\/p>\n<p>\u00abNo fuimos contundentes y tenemos que buscar las v\u00edas para ser acertados en las alternativas de juego\u00bb, dijo el t\u00e9cnico del City.<\/p>\n<p>Para \u00e9l, su equipo hizo \u00abun buen primer tiempo\u00bb, pero fall\u00f3 en la definici\u00f3n. En realidad, su equipo solo lleg\u00f3 dos veces al arco defendido por Pedro Ortiz. Y s\u00ed, fallaron frente al arco el joven Renny Cabezas y el argentino Alexis Dom\u00ednguez.<\/p>\n<p>Lo mejor del celeste y blanco: Walberto Caicedo, se cans\u00f3 de ganar por velocidad por derecha y tirar centros, pero nadie conect\u00f3 nunca.<\/p>\n<p>En la pr\u00f3ximo fecha, Guayaquil City visitar\u00e1 a El Nacional, mientras que Delf\u00edn recibir\u00e1 en Manta al Independiente del Valle.\u00a0<strong>(D)<\/strong><\/p>\n<p>https:\/\/youtu.be\/k2jqrkey0Pg<\/p>\n<p>Fuente: eluniverso.com &#8211; youtube.com<\/p>\n<\/div>\n<\/div>\n<div class=\"gsp_post_data\" \r\n\t            data-post_type=\"post\" \r\n\t            data-cat=\"deportes-ecuador\" \r\n\t            data-modified=\"120\"\r\n\t            data-created=\"1534166601\"\r\n\t            data-title=\"Guayaquil City pierde nuevamente&#8230; esta vez ante Delf\u00edn\" \r\n\t            data-home=\"https:\/\/www.evafm.net\/sitio\"><\/div>","protected":false},"excerpt":{"rendered":"<p>Conociendo que para el pr\u00f3ximo a\u00f1o la Liga Profesional tiene la propuesta de que ning\u00fan equipo descienda, Guayaquil City sigue acumulando derrota tras derrota. Esta vez fue Delf\u00edn, con triunfo 0-2, el que se le llev\u00f3 los tres puntos en el duelo que cerr\u00f3 la jornada dominical. El equipo de Pool Gavil\u00e1nez acumul\u00f3 en el&#8230;<\/p>\n","protected":false},"author":5,"featured_media":37239,"comment_status":"closed","ping_status":"open","sticky":false,"template":"","format":"standard","meta":{"_joinchat":[],"footnotes":""},"categories":[1557],"tags":[],"class_list":["post-37238","post","type-post","status-publish","format-standard","has-post-thumbnail","hentry","category-deportes-ecuador","have-post-thumb"],"_links":{"self":[{"href":"https:\/\/www.evafm.net\/sitio\/wp-json\/wp\/v2\/posts\/37238","targetHints":{"allow":["GET"]}}],"collection":[{"href":"https:\/\/www.evafm.net\/sitio\/wp-json\/wp\/v2\/posts"}],"about":[{"href":"https:\/\/www.evafm.net\/sitio\/wp-json\/wp\/v2\/types\/post"}],"author":[{"embeddable":true,"href":"https:\/\/www.evafm.net\/sitio\/wp-json\/wp\/v2\/users\/5"}],"replies":[{"embeddable":true,"href":"https:\/\/www.evafm.net\/sitio\/wp-json\/wp\/v2\/comments?post=37238"}],"version-history":[{"count":1,"href":"https:\/\/www.evafm.net\/sitio\/wp-json\/wp\/v2\/posts\/37238\/revisions"}],"predecessor-version":[{"id":37241,"href":"https:\/\/www.evafm.net\/sitio\/wp-json\/wp\/v2\/posts\/37238\/revisions\/37241"}],"wp:featuredmedia":[{"embeddable":true,"href":"https:\/\/www.evafm.net\/sitio\/wp-json\/wp\/v2\/media\/37239"}],"wp:attachment":[{"href":"https:\/\/www.evafm.net\/sitio\/wp-json\/wp\/v2\/media?parent=37238"}],"wp:term":[{"taxonomy":"category","embeddable":true,"href":"https:\/\/www.evafm.net\/sitio\/wp-json\/wp\/v2\/categories?post=37238"},{"taxonomy":"post_tag","embeddable":true,"href":"https:\/\/www.evafm.net\/sitio\/wp-json\/wp\/v2\/tags?post=37238"}],"curies":[{"name":"wp","href":"https:\/\/api.w.org\/{rel}","templated":true}]}}