{"id":37291,"date":"2018-08-15T19:52:43","date_gmt":"2018-08-16T00:52:43","guid":{"rendered":"http:\/\/www.evafm.net\/sitio\/?p=37291"},"modified":"2018-08-15T19:52:43","modified_gmt":"2018-08-16T00:52:43","slug":"genova-fue-declarada-en-estado-de-emergencia-por-los-proximos-12-meses","status":"publish","type":"post","link":"https:\/\/www.evafm.net\/sitio\/genova-fue-declarada-en-estado-de-emergencia-por-los-proximos-12-meses\/","title":{"rendered":"G\u00e9nova fue declarada en \u00abestado de emergencia\u00bb por los pr\u00f3ximos 12 meses"},"content":{"rendered":"<div class=\"row\">\n<div class=\"col-xs-12 col-print-12\">\n<p class=\"element element-paragraph\">El gobierno italiano decret\u00f3 este mi\u00e9rcoles el\u00a0<strong>estado de emergencia en G\u00e9nova y prometi\u00f3 revocar el contrato con la empresa concesionaria<\/strong>\u00a0de las autopistas acusada de haber aplazado los controles y el mantenimiento del controvertido viaducto que se desplom\u00f3 la v\u00edspera causando la muerte de\u00a0<strong>al menos 39 personas.<\/strong><\/p>\n<\/div>\n<\/div>\n<div class=\"row\">\n<div class=\"col-xs-12 col-print-12\">\n<p class=\"element element-paragraph\">La decisi\u00f3n fue anunciada desde la prefectura genovesa al t\u00e9rmino de un consejo de ministros durante el cual adjudicaron un\u00a0<strong>fondo de cinco millones de euros para la ciudad.\u00a0<\/strong>La medida tiene como finalidad la de favorecer la\u00a0<strong>aprobaci\u00f3n de proyectos para hacer frente a la emergencia<\/strong>\u00a0provocada tras el derrumbe de una de las v\u00edas m\u00e1s importantes de la regi\u00f3n, que une el este con el oeste de la pen\u00ednsula.<\/p>\n<\/div>\n<\/div>\n<div class=\"row\">\n<div class=\"col-xs-12 col-print-12\">\n<p class=\"element element-paragraph\">Pese a que los equipos de rescate han trabajado sin descanso toda la jornada entre los bloques de cemento del puente Morandi y los restos de los veh\u00edculos que cayeron al vac\u00edo desde una altura de unos 50 metros,\u00a0<strong>el balance de muertos y heridos no se ha modificado.<\/strong><\/p>\n<\/div>\n<\/div>\n<div class=\"row\">\n<div class=\"col-xs-12 col-print-12\">\n<p class=\"element element-paragraph\">En total 39 personas, entre ellos<strong>\u00a0tres chilenos<\/strong>\u00a0residentes desde hac\u00eda d\u00e9cadas en G\u00e9nova que viajaban en el mismo autom\u00f3vil, un colombiano y un peruano figuran entre los muertos.<\/p>\n<\/div>\n<\/div>\n<div class=\"row\">\n<div id=\"\" class=\"wrapper clearfix pb-feature pb-layout-item pb-f-ads-dfp left-align\">\n<div id=\"inline\" class=\"ad-slot\"><\/div>\n<\/div>\n<div class=\"col-xs-12 col-print-12\">\n<p class=\"element element-paragraph\"><strong>Familias enteras que atravesaban el c\u00e9ntrico puente perdieron la vida<\/strong>\u00a0mientras cruzaban el viaducto ubicado en una zona urbana y que conecta con una autopista hacia Francia.<\/p>\n<div class=\"row\">\n<div class=\"col-xs-12 col-print-12\">\n<p class=\"element element-paragraph\">Al t\u00e9rmino de un consejo de ministros extraordinario celebrado en G\u00e9nova, el primer ministro italiano,\u00a0<strong>Giuseppe Conte, decret\u00f3 el estado de emergencia en la ciudad por 12 meses y adjudic\u00f3 un fondo de cinco millones de euros.<\/strong><\/p>\n<\/div>\n<\/div>\n<div class=\"row\">\n<div class=\"col-xs-12 col-print-12\">\n<p class=\"element element-paragraph\">Conte decret\u00f3 tambi\u00e9n una\u00a0<strong>jornada de duelo nacional y confirm\u00f3 que el gobierno va a revocar el contrato de concesi\u00f3n de las autopistas<\/strong>\u00a0a la firma Autostrade, en un 30% propiedad de la familia Benetton.<\/p>\n<\/div>\n<\/div>\n<div class=\"row\">\n<div class=\"col-xs-12 col-print-12\">\n<p class=\"element element-paragraph\">Horas antes el gobierno hab\u00eda exigido la\u00a0<strong>dimisi\u00f3n de los directivos de la firma<\/strong>\u00a0responsable del mantenimiento del puente que se desplom\u00f3.<\/p>\n<\/div>\n<\/div>\n<div class=\"row\">\n<div class=\"col-xs-12 col-print-12\">\n<p class=\"element element-paragraph\">Se trata de las primeras medidas oficiales que toma el gobierno populista un d\u00eda despu\u00e9s del\u00a0<strong>dram\u00e1tico desplome del viaducto de la autopista de G\u00e9nova.<\/strong><\/p>\n<\/div>\n<\/div>\n<div class=\"row\">\n<div class=\"col-xs-12 col-print-12\">\n<p class=\"element element-paragraph\">Unos\u00a0<strong>doscientos metros del llamado puente Morandi, que tiene 1.182 metros de longitud y una altura de 90 metros, se vinieron abaj<\/strong>o y sepultaron bajo los escombros y bloques de cemento a unos 30 veh\u00edculos, entre ellos tres camiones.<\/p>\n<div class=\"row\">\n<div class=\"col-xs-12 col-print-12\">\n<p class=\"element element-paragraph\">El papa Francisco or\u00f3 este mi\u00e9rcoles por las\u00a0<strong>v\u00edctimas de la tragedia durante el \u00c1ngelus por la celebraci\u00f3n de la Asunci\u00f3n<\/strong>\u00a0y envi\u00f3 un mensaje de solidaridad a todos los afectados.<\/p>\n<\/div>\n<\/div>\n<div class=\"row\">\n<div class=\"col-xs-12 col-print-12\">\n<p class=\"element element-paragraph\">Los cuerpos de socorro, cerca de<strong>\u00a0mil personas, se preparan a pasar la segunda noche al aire libre en busca de sobrevivientes<\/strong>\u00a0y limpiando la zona para evitar otros derrumbes.<\/p>\n<\/div>\n<\/div>\n<div class=\"row\">\n<div class=\"col-xs-12 col-print-12\">\n<p class=\"element element-paragraph\"><strong>De los 16 heridos hospitalizados, 12 se encuentran en estado grave<\/strong>\u00a0y se habla de una decena de desaparecidos, entre ellos una familia que se dirig\u00eda a pasar vacaciones en la isla de Elba, algo m\u00e1s al sur.<\/p>\n<\/div>\n<\/div>\n<div class=\"row\">\n<div class=\"col-xs-12 col-print-12\">\n<p class=\"element element-paragraph\">\u00abNo llegaron al hotel. No responden al tel\u00e9fono. A esa hora probablemente estaban cruzando el puente\u00bb, cuenta angustiado a la prensa Antonio, un pariente.<\/p>\n<\/div>\n<\/div>\n<div class=\"row\">\n<div class=\"col-xs-12 col-print-12\">\n<p class=\"element element-paragraph\">\u00abEste es un momento muy dif\u00edcil para todos porque\u00a0<strong>hemos llegado a un n\u00famero muy elevado de v\u00edctimas (\u2026) Los socorristas no pierden la esperanza de encontrar sobrevivientes,<\/strong>\u00a0pero cuanto m\u00e1s tiempo pasa, m\u00e1s dif\u00edcil ser\u00e1\u00bb, reconoci\u00f3 a la\u00a0<em>AFP<\/em>\u00a0Riccardo Sciuto, comandante de los carabineros de la provincia de G\u00e9nova.<\/p>\n<\/div>\n<\/div>\n<div class=\"row\">\n<div class=\"col-xs-12 col-print-12\">\n<p class=\"element element-paragraph\"><strong>M\u00e1s de 600 personas fueron obligadas a abandonar sus viviendas<\/strong>\u00a0y 11 edificios de la zona afectada fueron evacuados por temor a que otros pilotes del puente cedan.<\/p>\n<div class=\"row\">\n<div class=\"col-xs-12 col-print-12\">\n<p class=\"element element-paragraph\">Debido a la festividad del 15 de agosto, en que todo el pa\u00eds se paraliza,<strong>\u00a0el flujo de veh\u00edculos por esa ruta era alt\u00edsimo<\/strong>\u00a0ya que tambi\u00e9n conduce a zonas de playas as\u00ed como a regiones de monta\u00f1a.<\/p>\n<\/div>\n<\/div>\n<div class=\"row\">\n<div class=\"col-xs-12 col-print-12\">\n<p class=\"element element-paragraph\"><strong>Controlar todas las infraestructuras<\/strong><\/p>\n<\/div>\n<\/div>\n<div class=\"row\">\n<div class=\"col-xs-12 col-print-12\">\n<p class=\"element element-paragraph\">\u00abNo ha sido una fatalidad, con seguridad no\u00bb, adelant\u00f3 Francesco Cozzi, el fiscal de G\u00e9nova, quien abri\u00f3 una investigaci\u00f3n judicial.<\/p>\n<\/div>\n<\/div>\n<div class=\"row\">\n<div class=\"col-xs-12 col-print-12\">\n<p class=\"element element-paragraph\">En Italia estallaron las<strong>\u00a0pol\u00e9micas<\/strong>\u00a0este mi\u00e9rcoles por una tragedia que muchos consideran que hubiera podido ser evitada.<\/p>\n<\/div>\n<\/div>\n<div class=\"row\">\n<div class=\"col-xs-12 col-print-12\">\n<p class=\"element element-paragraph\"><strong>\u00abEsta es una tragedia inaceptable en una sociedad moderna\u00bb<\/strong>, lament\u00f3 Conte, quien anunci\u00f3 un extraordinario plan de control de todas las infraestructuras del pa\u00eds.<\/p>\n<\/div>\n<\/div>\n<div class=\"row\">\n<div class=\"col-xs-12 col-print-12\">\n<p class=\"element element-paragraph\"><strong>El gobierno italiano responsabiliza a Autoestrade<\/strong>, la empresa concesionaria de la v\u00eda, en parte propiedad de los Benetton, de haber aplazado los controles y la manutenci\u00f3n del controvertido viaducto.<\/p>\n<\/div>\n<\/div>\n<div class=\"row\">\n<div class=\"col-xs-12 col-print-12\">\n<p class=\"element element-paragraph\">La firma divulg\u00f3 un comunicado con las elevadas cifras invertidas para la seguridad de las autopistas italianas, que califican entre las m\u00e1s seguras de Europa, como respuesta a las acusaciones del gobierno.<\/p>\n<\/div>\n<\/div>\n<div class=\"row\">\n<div class=\"col-xs-12 col-print-12\">\n<p class=\"element element-paragraph\"><strong>\u00abLos italianos tienen el derecho de viajar por autopistas seguras\u00bb<\/strong>,\u00a0dijo\u00a0Conte.<\/p>\n<div class=\"row\">\n<div class=\"col-xs-12 col-print-12\">\n<p class=\"element element-paragraph\">Seg\u00fan c\u00e1lculos del diario\u00a0<em>La Repubblica<\/em>,<strong>\u00a0m\u00e1s de 300 puentes y t\u00faneles de la pen\u00ednsula presentan problemas por deficiencias de sus materiales, exceso de uso o falta de mantenimiento.<\/strong><\/p>\n<\/div>\n<\/div>\n<div class=\"row\">\n<div class=\"col-xs-12 col-print-12\">\n<p class=\"element element-paragraph\">Algunos expertos e ingenieros calificaron el desplome del puente de\u00a0<strong>tragedia anunciada<\/strong>, ya que desde su construcci\u00f3n en los a\u00f1os 1960 ha generado controversias, y ha sido sometido a numerosas y costosas obras de remodelaci\u00f3n a causa de grietas y la degradaci\u00f3n del hormig\u00f3n.<\/p>\n<\/div>\n<\/div>\n<div class=\"row\">\n<div class=\"col-xs-12 col-print-12\">\n<p class=\"element element-paragraph\"><strong>\u00abHubo negligencia.<\/strong>\u00a0Hay que encontrar a los culpables. Esto es un esc\u00e1ndalo. No debi\u00f3 ocurrir\u00bb, clam\u00f3 indignado desde el r\u00edo cercano, Francesco Buccheri, de 62 a\u00f1os.<\/p>\n<\/div>\n<\/div>\n<div class=\"row\">\n<div class=\"col-xs-12 col-print-12\">\n<p class=\"element element-paragraph\"><em>Remi Banet y Vincent-Xavier Morvan para AFP<\/em><\/p>\n<div class=\"single-image\">\n<div class=\"shares\">\n<div class=\"share-button facebook\"><\/div>\n<\/div>\n<p><img decoding=\"async\" id=\"S5YP5TYI75A6XAYJBGHQDNQSW4\" class=\"image-lazy\" src=\"https:\/\/www.infobae.com\/new-resizer\/2gUq3TsfN6xmH1HsGkTXliJBTNA=\/600x0\/filters:quality(100)\/s3.amazonaws.com\/arc-wordpress-client-uploads\/infobae-wp\/wp-content\/uploads\/2018\/08\/15110437\/Derrumbe-puente-Italia-Genova-4.jpg\" alt=\"(AFP)\" width=\"750\" height=\"421.875\" \/><\/div>\n<p><span class=\"credit\">(AFP)<\/span><\/p>\n<div class=\"single-image\">\n<div class=\"shares\">\n<div class=\"share-button facebook\"><\/div>\n<\/div>\n<p><img decoding=\"async\" id=\"4F7GZC7LYZDJZOHRC5DPJCOKUY\" class=\"image-lazy\" src=\"https:\/\/www.infobae.com\/new-resizer\/atLJkEC_TeYB2yuUe8UxJYUoWdU=\/600x0\/filters:quality(100)\/s3.amazonaws.com\/arc-wordpress-client-uploads\/infobae-wp\/wp-content\/uploads\/2018\/08\/15110442\/Derrumbe-puente-Italia-Genova-5.jpg\" alt=\"(AFP)\" width=\"750\" height=\"421.875\" \/><\/div>\n<p><span class=\"credit\">(AFP)<\/span><\/p>\n<div class=\"single-image\">\n<div class=\"shares\">\n<div class=\"share-button facebook\"><\/div>\n<\/div>\n<p><img decoding=\"async\" id=\"AFGKFSNREJG2VGMJJMZ7JRIVLE\" class=\"image-lazy\" src=\"https:\/\/www.infobae.com\/new-resizer\/F0mu1Ix9jynvKLveWIVZ47gWYeU=\/600x0\/filters:quality(100)\/s3.amazonaws.com\/arc-wordpress-client-uploads\/infobae-wp\/wp-content\/uploads\/2018\/08\/14151237\/helicoptero-puente-genova-derrumbe-1.jpg\" alt=\"Derrumbe del puente Morandi, en G\u00e9nova\" width=\"750\" height=\"421.875\" \/><\/div>\n<p><span class=\"credit\">Derrumbe del puente Morandi, en G\u00e9nova.<\/span><\/p>\n<div class=\"single-image\">\n<div class=\"shares\">\n<div class=\"share-button facebook\"><\/div>\n<\/div>\n<p><img decoding=\"async\" id=\"XRWZAPBUKVCQTMD4I27PSWH32Q\" class=\"image-lazy\" src=\"https:\/\/www.infobae.com\/new-resizer\/vT9dJ8wiSF47HHoJOaFbRXto8-0=\/600x0\/filters:quality(100)\/s3.amazonaws.com\/arc-wordpress-client-uploads\/infobae-wp\/wp-content\/uploads\/2018\/08\/14151307\/helicoptero-puente-genova-derrumbe-14.jpg\" alt=\"El derrumbe del puente Morandi\" width=\"750\" height=\"421.875\" \/><\/div>\n<p><span class=\"credit\">El derrumbe del puente Morandi.<\/span><\/p>\n<p>Fuente: infobae.com<\/p>\n<\/div>\n<\/div>\n<\/div>\n<\/div>\n<\/div>\n<\/div>\n<\/div>\n<\/div>\n<\/div>\n<\/div>\n<div class=\"gsp_post_data\" \r\n\t            data-post_type=\"post\" \r\n\t            data-cat=\"noticias-internacionales\" \r\n\t            data-modified=\"120\"\r\n\t            data-created=\"1534362763\"\r\n\t            data-title=\"G\u00e9nova fue declarada en \u00abestado de emergencia\u00bb por los pr\u00f3ximos 12 meses\" \r\n\t            data-home=\"https:\/\/www.evafm.net\/sitio\"><\/div>","protected":false},"excerpt":{"rendered":"<p>El gobierno italiano decret\u00f3 este mi\u00e9rcoles el\u00a0estado de emergencia en G\u00e9nova y prometi\u00f3 revocar el contrato con la empresa concesionaria\u00a0de las autopistas acusada de haber aplazado los controles y el mantenimiento del controvertido viaducto que se desplom\u00f3 la v\u00edspera causando la muerte de\u00a0al menos 39 personas. La decisi\u00f3n fue anunciada desde la prefectura genovesa al&#8230;<\/p>\n","protected":false},"author":5,"featured_media":37292,"comment_status":"closed","ping_status":"open","sticky":false,"template":"","format":"standard","meta":{"_joinchat":[],"footnotes":""},"categories":[1345],"tags":[],"class_list":["post-37291","post","type-post","status-publish","format-standard","has-post-thumbnail","hentry","category-noticias-internacionales","have-post-thumb"],"_links":{"self":[{"href":"https:\/\/www.evafm.net\/sitio\/wp-json\/wp\/v2\/posts\/37291","targetHints":{"allow":["GET"]}}],"collection":[{"href":"https:\/\/www.evafm.net\/sitio\/wp-json\/wp\/v2\/posts"}],"about":[{"href":"https:\/\/www.evafm.net\/sitio\/wp-json\/wp\/v2\/types\/post"}],"author":[{"embeddable":true,"href":"https:\/\/www.evafm.net\/sitio\/wp-json\/wp\/v2\/users\/5"}],"replies":[{"embeddable":true,"href":"https:\/\/www.evafm.net\/sitio\/wp-json\/wp\/v2\/comments?post=37291"}],"version-history":[{"count":1,"href":"https:\/\/www.evafm.net\/sitio\/wp-json\/wp\/v2\/posts\/37291\/revisions"}],"predecessor-version":[{"id":37293,"href":"https:\/\/www.evafm.net\/sitio\/wp-json\/wp\/v2\/posts\/37291\/revisions\/37293"}],"wp:featuredmedia":[{"embeddable":true,"href":"https:\/\/www.evafm.net\/sitio\/wp-json\/wp\/v2\/media\/37292"}],"wp:attachment":[{"href":"https:\/\/www.evafm.net\/sitio\/wp-json\/wp\/v2\/media?parent=37291"}],"wp:term":[{"taxonomy":"category","embeddable":true,"href":"https:\/\/www.evafm.net\/sitio\/wp-json\/wp\/v2\/categories?post=37291"},{"taxonomy":"post_tag","embeddable":true,"href":"https:\/\/www.evafm.net\/sitio\/wp-json\/wp\/v2\/tags?post=37291"}],"curies":[{"name":"wp","href":"https:\/\/api.w.org\/{rel}","templated":true}]}}