{"id":37316,"date":"2018-08-16T13:18:07","date_gmt":"2018-08-16T18:18:07","guid":{"rendered":"http:\/\/www.evafm.net\/sitio\/?p=37316"},"modified":"2018-08-16T13:18:07","modified_gmt":"2018-08-16T18:18:07","slug":"masacre-de-180-ballenas-en-las-islas-feroe","status":"publish","type":"post","link":"https:\/\/www.evafm.net\/sitio\/masacre-de-180-ballenas-en-las-islas-feroe\/","title":{"rendered":"Masacre de 180 ballenas en las islas Feroe"},"content":{"rendered":"<div class=\"row\">\n<div class=\"col-xs-12 col-print-12\">\n<p class=\"element element-paragraph\">El peque\u00f1o archipi\u00e9lago anclado en el Atl\u00e1ntico Norte, ubicado entre Escocia, Noruega e Islandia,\u00a0se presenta como\u00a0un pa\u00eds aut\u00f3nomo dentro del Reino de Dinamarca, pero no pertenece a la Uni\u00f3n Europea.<\/p>\n<\/div>\n<\/div>\n<div class=\"row\">\n<div class=\"col-xs-12 col-print-12\">\n<p class=\"element element-paragraph\">Con una superficie de 1.393 km\u00b2 y poco menos de 50.000 habitantes,\u00a0<strong>las islas Feroe\u00a0presumen de una belleza natural dif\u00edcil de pasar por alto<\/strong>, con una geograf\u00eda que a pesar de carecer de bosques, est\u00e1 dominada por ondulantes praderas que ser\u00edan\u00a0un escenario ideal para rodar un largometraje del estilo de la saga del Se\u00f1or de los Anillos.<\/p>\n<p><strong>Su suelo pobre y la pr\u00e1ctica\u00a0ausencia\u00a0de recursos naturales hacen que\u00a0su econom\u00eda dependa casi enteramente en la pesca y\u00a0la industria derivada.<\/strong><\/p>\n<p>De cualquier forma, esto\u00a0no\u00a0justifica la brutal masacre de ballenas que se\u00a0sigue llevando adelante en las costas de dicho territorio, algo que contin\u00faa generando\u00a0repudio a nivel internacional, sobre todo luego de que se filtraran\u00a0im\u00e1genes gr\u00e1ficas de\u00a0la m\u00e1s reciente e innecesaria matanza .<\/p>\n<div class=\"row\">\n<div class=\"col-xs-12 col-print-12\">\n<p class=\"element element-paragraph\"><strong>La pr\u00e1ctica es parte intr\u00ednseca de la cultura feroesa y hasta los ni\u00f1os participan de ella desde muy temprana edad.<\/strong><\/p>\n<p class=\"element element-paragraph\">Seg\u00fan compartieron distintos medios internacionales, como los tabloides brit\u00e1nicos\u00a0<em>Daily Mail y The Sun<\/em>, los habitantes del pueblo de\u00a0Sandav\u00e1gur\u00a0en la isla de V\u00e1gar\u00a0asesinaron el mes pasado a 180 ballenas, como parte de una tradici\u00f3n estival en la que cientos de variedades conocidas como piloto y zifio son masacradas cada a\u00f1o.<\/p>\n<\/div>\n<\/div>\n<div class=\"row\">\n<div class=\"col-xs-12 col-print-12\">\n<p class=\"element element-paragraph\">Los isle\u00f1os han llevado adelante la brutal cacer\u00eda durante siglos, en preparaci\u00f3n para los crudos meses de invierno donde las condiciones de vida\u00a0se complican considerablemente.<strong>\u00a0<\/strong><\/p>\n<p class=\"element element-paragraph\"><strong>La carne de las ballenas es salada o cortada en bistecs, mientras que la grasa es fileteada y consumida cruda.<\/strong><\/p>\n<div class=\"row\">\n<div class=\"col-xs-12 col-print-12\">\n<p class=\"element element-paragraph\">Alastair Ward, un estudiante de 22 a\u00f1os perteneciente a la universidad de Cambridge, visit\u00f3 el archipi\u00e9lago el mes pasado y logr\u00f3 inmortalizar con su c\u00e1mara el dantesco suceso.<\/p>\n<\/div>\n<\/div>\n<div class=\"row\">\n<div class=\"col-xs-12 col-print-12\">\n<p class=\"element element-paragraph\"><strong>\u00abEst\u00e1bamos caminando a lo largo de la bah\u00eda\u00a0cuando\u00a0una familia de residentes se nos acerc\u00f3 para decirnos que se aproximaba una ballena\u00bb<\/strong>\u00a0dijo el joven, en di\u00e1logo con el\u00a0<em>Daily Mail<\/em>.<\/p>\n<\/div>\n<\/div>\n<div class=\"row\">\n<div class=\"col-xs-12 col-print-12\">\n<p class=\"element element-paragraph\">\u00abCre\u00edamos que se tratar\u00eda de un solo animal que ser\u00eda tra\u00eddo a la costa pero m\u00e1s y m\u00e1s botes segu\u00edan apareciendo en el horizonte\u00bb explic\u00f3 azorado Ward.<\/p>\n<div class=\"row\">\n<div class=\"col-xs-12 col-print-12\">\n<p class=\"element element-paragraph\"><strong>\u00abUna vez que se encontraban lo suficientemente cerca, todo el pueblo sali\u00f3 corriendo a recibirlos y all\u00ed fue cuando comenzaron a mutilar a los animales. Incluso los ni\u00f1os\u00a0participaban, al saltar sobre los cuerpos sin vida de las ballenas\u00bb<\/strong>\u00a0relat\u00f3 con desgarrador detalle.<\/p>\n<\/div>\n<\/div>\n<div class=\"row\">\n<div class=\"col-xs-12 col-print-12\">\n<p class=\"element element-paragraph\">\u00abSimplemente nos sentamos all\u00ed sin poder decir una palabra, tristes pero a la vez no pod\u00edamos dejar de ver lo que suced\u00eda.\u00a0Los chillidos de las ballenas eran espantosos\u00bb a\u00f1adi\u00f3.<\/p>\n<\/div>\n<\/div>\n<div class=\"row\">\n<div class=\"col-xs-12 col-print-12\">\n<p class=\"element element-paragraph\"><strong>\u00abPon\u00edan ganchos dentro de sus espir\u00e1culos para arrastrarlos a tierra y luego los\u00a0troceaban con cuchillos. <\/strong><\/p>\n<p class=\"element element-paragraph\"><strong>No murieron de una forma digna\u00bb<\/strong>\u00a0explic\u00f3.<\/p>\n<\/div>\n<\/div>\n<div class=\"row\">\n<div class=\"col-xs-12 col-print-12\">\n<p class=\"element element-paragraph\">El ritual ha sido criticado por activistas animales en el pasado, quienes aseguran que el mismo es \u00abcruel e innecesario\u00bb.<\/p>\n<p class=\"element element-paragraph\"><strong>Por otro lado, las autoridades locales aseguran que la cacer\u00eda se hace de forma sustentable y a la vez permite que la isla sea auto suficiente.<\/strong><\/p>\n<p>https:\/\/youtu.be\/vT6pdOmiwEU<\/p>\n<div class=\"single-image\">\n<div class=\"shares\">\n<div class=\"share-button facebook\"><\/div>\n<\/div>\n<p><img decoding=\"async\" id=\"CZJFDQJEM5FEDLXMEDZAV4GKS4\" class=\"image-lazy\" src=\"https:\/\/www.infobae.com\/new-resizer\/rk8XMEl2KSXlC16SqWbX0qo_PIs=\/600x0\/filters:quality(100)\/s3.amazonaws.com\/arc-wordpress-client-uploads\/infobae-wp\/wp-content\/uploads\/2018\/08\/16124138\/Feroe-1.jpg\" alt=\"Foto gentileza Alastair Ward \u2013 Triangle News\" width=\"750\" height=\"562.8205128205128\" \/><\/div>\n<p><span class=\"credit\">Foto gentileza Alastair Ward \u2013 Triangle News.<\/span><\/p>\n<div class=\"single-image\">\n<div class=\"shares\">\n<div class=\"share-button facebook\"><\/div>\n<\/div>\n<p><img decoding=\"async\" id=\"BEDKV2KDLZF6HE4PDWXGSVYSCU\" class=\"image-lazy\" src=\"https:\/\/www.infobae.com\/new-resizer\/rKq1cnunDswyH0lUXYAaNbWz4Nk=\/600x0\/filters:quality(100)\/s3.amazonaws.com\/arc-wordpress-client-uploads\/infobae-wp\/wp-content\/uploads\/2018\/08\/16124127\/Feroe-3.jpg\" alt=\"Foto gentileza Alastair Ward \u2013 Triangle News\" width=\"750\" height=\"562.8205128205128\" \/><\/div>\n<p><span class=\"credit\">Foto gentileza Alastair Ward \u2013 Triangle News.<\/span><\/p>\n<p>Fuente: infobae.com &#8211; youtube.com &#8211; Univisi\u00f3n Noticias<\/p>\n<p>&nbsp;<\/p>\n<\/div>\n<\/div>\n<\/div>\n<\/div>\n<\/div>\n<\/div>\n<\/div>\n<\/div>\n<div class=\"gsp_post_data\" \r\n\t            data-post_type=\"post\" \r\n\t            data-cat=\"noticias-internacionales\" \r\n\t            data-modified=\"120\"\r\n\t            data-created=\"1534425487\"\r\n\t            data-title=\"Masacre de 180 ballenas en las islas Feroe\" \r\n\t            data-home=\"https:\/\/www.evafm.net\/sitio\"><\/div>","protected":false},"excerpt":{"rendered":"<p>El peque\u00f1o archipi\u00e9lago anclado en el Atl\u00e1ntico Norte, ubicado entre Escocia, Noruega e Islandia,\u00a0se presenta como\u00a0un pa\u00eds aut\u00f3nomo dentro del Reino de Dinamarca, pero no pertenece a la Uni\u00f3n Europea. Con una superficie de 1.393 km\u00b2 y poco menos de 50.000 habitantes,\u00a0las islas Feroe\u00a0presumen de una belleza natural dif\u00edcil de pasar por alto, con una&#8230;<\/p>\n","protected":false},"author":5,"featured_media":37318,"comment_status":"closed","ping_status":"open","sticky":false,"template":"","format":"standard","meta":{"_joinchat":[],"footnotes":""},"categories":[1345],"tags":[],"class_list":["post-37316","post","type-post","status-publish","format-standard","has-post-thumbnail","hentry","category-noticias-internacionales","have-post-thumb"],"_links":{"self":[{"href":"https:\/\/www.evafm.net\/sitio\/wp-json\/wp\/v2\/posts\/37316","targetHints":{"allow":["GET"]}}],"collection":[{"href":"https:\/\/www.evafm.net\/sitio\/wp-json\/wp\/v2\/posts"}],"about":[{"href":"https:\/\/www.evafm.net\/sitio\/wp-json\/wp\/v2\/types\/post"}],"author":[{"embeddable":true,"href":"https:\/\/www.evafm.net\/sitio\/wp-json\/wp\/v2\/users\/5"}],"replies":[{"embeddable":true,"href":"https:\/\/www.evafm.net\/sitio\/wp-json\/wp\/v2\/comments?post=37316"}],"version-history":[{"count":1,"href":"https:\/\/www.evafm.net\/sitio\/wp-json\/wp\/v2\/posts\/37316\/revisions"}],"predecessor-version":[{"id":37319,"href":"https:\/\/www.evafm.net\/sitio\/wp-json\/wp\/v2\/posts\/37316\/revisions\/37319"}],"wp:featuredmedia":[{"embeddable":true,"href":"https:\/\/www.evafm.net\/sitio\/wp-json\/wp\/v2\/media\/37318"}],"wp:attachment":[{"href":"https:\/\/www.evafm.net\/sitio\/wp-json\/wp\/v2\/media?parent=37316"}],"wp:term":[{"taxonomy":"category","embeddable":true,"href":"https:\/\/www.evafm.net\/sitio\/wp-json\/wp\/v2\/categories?post=37316"},{"taxonomy":"post_tag","embeddable":true,"href":"https:\/\/www.evafm.net\/sitio\/wp-json\/wp\/v2\/tags?post=37316"}],"curies":[{"name":"wp","href":"https:\/\/api.w.org\/{rel}","templated":true}]}}