{"id":37371,"date":"2018-08-16T15:36:32","date_gmt":"2018-08-16T20:36:32","guid":{"rendered":"http:\/\/www.evafm.net\/sitio\/?p=37371"},"modified":"2018-08-16T15:36:32","modified_gmt":"2018-08-16T20:36:32","slug":"maykel-se-incursiona-al-genero-urbano-con-bacan","status":"publish","type":"post","link":"https:\/\/www.evafm.net\/sitio\/maykel-se-incursiona-al-genero-urbano-con-bacan\/","title":{"rendered":"Maykel se incursiona al g\u00e9nero urbano con \u201cBac\u00e1n\u201d"},"content":{"rendered":"<p>Bac\u00e1n\u201d es el nombre del nuevo \u00e9xito del artista ecuatoriano, Maykel. El cantante decidi\u00f3 denominar su sencillo con esta palabra coloquial y com\u00fan en el dialecto del joven ecuatoriano.<\/p>\n<p>En este caso Maykel decidi\u00f3 arriesgarse con el g\u00e9nero urbano, pese a que el artista es reconocido por la bachata, g\u00e9nero con el que incursion\u00f3 a la m\u00fasica ecuatoriana.<\/p>\n<p><iframe title=\"Maykel se incursiona al g\u00e9nero urbano  con &quot;Bac\u00e1n&quot; - Jarabe de Pico\" width=\"1200\" height=\"900\" src=\"https:\/\/www.youtube.com\/embed\/SR5FKlj5hoA?feature=oembed\" frameborder=\"0\" allow=\"accelerometer; autoplay; clipboard-write; encrypted-media; gyroscope; picture-in-picture; web-share\" referrerpolicy=\"strict-origin-when-cross-origin\" allowfullscreen><\/iframe><\/p>\n<p>Fuente: teleamazonas.com- Programa: Jarabe de pico<\/p>\n<div class=\"gsp_post_data\" \r\n\t            data-post_type=\"post\" \r\n\t            data-cat=\"farandula-ecuatoriana\" \r\n\t            data-modified=\"120\"\r\n\t            data-created=\"1534433792\"\r\n\t            data-title=\"Maykel se incursiona al g\u00e9nero urbano con \u201cBac\u00e1n\u201d\" \r\n\t            data-home=\"https:\/\/www.evafm.net\/sitio\"><\/div>","protected":false},"excerpt":{"rendered":"<p>Bac\u00e1n\u201d es el nombre del nuevo \u00e9xito del artista ecuatoriano, Maykel. El cantante decidi\u00f3 denominar su sencillo con esta palabra coloquial y com\u00fan en el dialecto del joven ecuatoriano. En este caso Maykel decidi\u00f3 arriesgarse con el g\u00e9nero urbano, pese a que el artista es reconocido por la bachata, g\u00e9nero con el que incursion\u00f3 a&#8230;<\/p>\n","protected":false},"author":5,"featured_media":37373,"comment_status":"closed","ping_status":"open","sticky":false,"template":"","format":"standard","meta":{"_joinchat":[],"footnotes":""},"categories":[1562],"tags":[],"class_list":["post-37371","post","type-post","status-publish","format-standard","has-post-thumbnail","hentry","category-farandula-ecuatoriana","have-post-thumb"],"_links":{"self":[{"href":"https:\/\/www.evafm.net\/sitio\/wp-json\/wp\/v2\/posts\/37371","targetHints":{"allow":["GET"]}}],"collection":[{"href":"https:\/\/www.evafm.net\/sitio\/wp-json\/wp\/v2\/posts"}],"about":[{"href":"https:\/\/www.evafm.net\/sitio\/wp-json\/wp\/v2\/types\/post"}],"author":[{"embeddable":true,"href":"https:\/\/www.evafm.net\/sitio\/wp-json\/wp\/v2\/users\/5"}],"replies":[{"embeddable":true,"href":"https:\/\/www.evafm.net\/sitio\/wp-json\/wp\/v2\/comments?post=37371"}],"version-history":[{"count":1,"href":"https:\/\/www.evafm.net\/sitio\/wp-json\/wp\/v2\/posts\/37371\/revisions"}],"predecessor-version":[{"id":37374,"href":"https:\/\/www.evafm.net\/sitio\/wp-json\/wp\/v2\/posts\/37371\/revisions\/37374"}],"wp:featuredmedia":[{"embeddable":true,"href":"https:\/\/www.evafm.net\/sitio\/wp-json\/wp\/v2\/media\/37373"}],"wp:attachment":[{"href":"https:\/\/www.evafm.net\/sitio\/wp-json\/wp\/v2\/media?parent=37371"}],"wp:term":[{"taxonomy":"category","embeddable":true,"href":"https:\/\/www.evafm.net\/sitio\/wp-json\/wp\/v2\/categories?post=37371"},{"taxonomy":"post_tag","embeddable":true,"href":"https:\/\/www.evafm.net\/sitio\/wp-json\/wp\/v2\/tags?post=37371"}],"curies":[{"name":"wp","href":"https:\/\/api.w.org\/{rel}","templated":true}]}}