{"id":37383,"date":"2018-08-17T14:51:41","date_gmt":"2018-08-17T19:51:41","guid":{"rendered":"http:\/\/www.evafm.net\/sitio\/?p=37383"},"modified":"2018-08-17T14:51:41","modified_gmt":"2018-08-17T19:51:41","slug":"ivan-duque-presento-su-plan-de-582-operaciones-para-atacar-el-crimen","status":"publish","type":"post","link":"https:\/\/www.evafm.net\/sitio\/ivan-duque-presento-su-plan-de-582-operaciones-para-atacar-el-crimen\/","title":{"rendered":"Iv\u00e1n Duque present\u00f3 su plan de 582 operaciones para atacar el crimen"},"content":{"rendered":"<div class=\"row\">\n<div class=\"col-xs-12 col-print-12\">\n<p class=\"element element-paragraph\">El presidente de Colombia,\u00a0<strong>Iv\u00e1n Duque<\/strong>, present\u00f3 el plan \u00ab<strong>El que la hace la paga<\/strong>\u00ab, una iniciativa con la que se busca fortalecer la fuerza p\u00fablica y \u00ab<strong>atacar<\/strong>\u00bb el crimen organizado en los pr\u00f3ximos 100 d\u00edas.<\/p>\n<\/div>\n<\/div>\n<div class=\"row\">\n<div class=\"col-xs-12 col-print-12\">\n<p class=\"element element-paragraph\">\u00ab<strong>Es un plan de choque para que en los pr\u00f3ximos 100 d\u00edas articulemos 582 operaciones en contra del crimen organizado<\/strong>, donde enfrentemos delitos como el secuestro, la extorsi\u00f3n, el abuso, la agresi\u00f3n y la intimidaci\u00f3n de ni\u00f1os\u00bb, afirm\u00f3 el mandatario en la presentaci\u00f3n del programa en Bogot\u00e1.<\/p>\n<\/div>\n<\/div>\n<div class=\"row\">\n<div class=\"col-xs-12 col-print-12\">\n<p class=\"element element-paragraph\">El proyecto prev\u00e9 adem\u00e1s enfrentar el \u00abfeminicidio\u00bb y el \u00abfleteo\u00bb, as\u00ed como luchar contra \u00abtodas las estructuras del crimen organizado en nuestras ciudades capitales\u00bb.<\/p>\n<\/div>\n<\/div>\n<div class=\"row\">\n<div class=\"col-xs-12 col-print-12\">\n<p class=\"element element-paragraph\">En ese sentido, el plan, que contempla \u00ab<strong>734 actividades de participaci\u00f3n c\u00edvica y que va a promover 102 focos de emprendimiento<\/strong>\u00ab, tendr\u00e1 una \u00ab<strong>red de participaci\u00f3n ciudadana<\/strong>\u00bb con la que se espera que la Polic\u00eda \u00ab<strong>trabaje muy de la mano con la comunidad en la identificaci\u00f3n de las amenazas, la neutralizaci\u00f3n de las mismas<\/strong>\u00ab.<\/p>\n<div class=\"row\">\n<div class=\"col-xs-12 col-print-12\">\n<p class=\"element element-paragraph\">Asimismo, el presidente se\u00f1al\u00f3 que espera que la iniciativa marque la \u00ab<strong>pauta<\/strong>\u00bb de un Gobierno que buscar\u00e1 \u00abconstruir seguridad con legalidad, paz con legalidad, gobernabilidad sobre la base de que el ciudadano se sienta en pleno ejercicio de sus libertades\u00bb.<\/p>\n<\/div>\n<\/div>\n<div class=\"row\">\n<div class=\"col-xs-12 col-print-12\">\n<p class=\"element element-paragraph\">De igual manera,\u00a0<strong>la Polic\u00eda realizar\u00e1 un trabajo en conjunto con la Fiscal\u00eda \u00abpara poder judicializar el crimen\u00bb<\/strong>\u00a0y contar\u00e1 con tres pilares, que son \u00ablas operaciones para la reducci\u00f3n del delito, el control y la prevenci\u00f3n y la participaci\u00f3n c\u00edvica\u00bb.<\/p>\n<\/div>\n<\/div>\n<div class=\"row\">\n<div class=\"col-xs-12 col-print-12\">\n<p class=\"element element-paragraph\">\u00abNace hoy este plan de choque &#8216;<strong>El que la hace la paga<\/strong>&#8216; y vamos a darle ese espaldarazo, ese respaldo que necesita nuestra Polic\u00eda Nacional, de todos los ciudadanos, para que el crimen se ha enfrentado y derrotado\u00bb, concluy\u00f3 el mandatario.<\/p>\n<p>Fuente: infobae.com<\/p>\n<\/div>\n<\/div>\n<\/div>\n<\/div>\n<div class=\"gsp_post_data\" \r\n\t            data-post_type=\"post\" \r\n\t            data-cat=\"general,noticias-internacionales\" \r\n\t            data-modified=\"120\"\r\n\t            data-created=\"1534517501\"\r\n\t            data-title=\"Iv\u00e1n Duque present\u00f3 su plan de 582 operaciones para atacar el crimen\" \r\n\t            data-home=\"https:\/\/www.evafm.net\/sitio\"><\/div>","protected":false},"excerpt":{"rendered":"<p>El presidente de Colombia,\u00a0Iv\u00e1n Duque, present\u00f3 el plan \u00abEl que la hace la paga\u00ab, una iniciativa con la que se busca fortalecer la fuerza p\u00fablica y \u00abatacar\u00bb el crimen organizado en los pr\u00f3ximos 100 d\u00edas. \u00abEs un plan de choque para que en los pr\u00f3ximos 100 d\u00edas articulemos 582 operaciones en contra del crimen organizado,&#8230;<\/p>\n","protected":false},"author":5,"featured_media":37384,"comment_status":"closed","ping_status":"open","sticky":false,"template":"","format":"standard","meta":{"_joinchat":[],"footnotes":""},"categories":[1720,1345],"tags":[],"class_list":["post-37383","post","type-post","status-publish","format-standard","has-post-thumbnail","hentry","category-general","category-noticias-internacionales","have-post-thumb"],"_links":{"self":[{"href":"https:\/\/www.evafm.net\/sitio\/wp-json\/wp\/v2\/posts\/37383","targetHints":{"allow":["GET"]}}],"collection":[{"href":"https:\/\/www.evafm.net\/sitio\/wp-json\/wp\/v2\/posts"}],"about":[{"href":"https:\/\/www.evafm.net\/sitio\/wp-json\/wp\/v2\/types\/post"}],"author":[{"embeddable":true,"href":"https:\/\/www.evafm.net\/sitio\/wp-json\/wp\/v2\/users\/5"}],"replies":[{"embeddable":true,"href":"https:\/\/www.evafm.net\/sitio\/wp-json\/wp\/v2\/comments?post=37383"}],"version-history":[{"count":1,"href":"https:\/\/www.evafm.net\/sitio\/wp-json\/wp\/v2\/posts\/37383\/revisions"}],"predecessor-version":[{"id":37385,"href":"https:\/\/www.evafm.net\/sitio\/wp-json\/wp\/v2\/posts\/37383\/revisions\/37385"}],"wp:featuredmedia":[{"embeddable":true,"href":"https:\/\/www.evafm.net\/sitio\/wp-json\/wp\/v2\/media\/37384"}],"wp:attachment":[{"href":"https:\/\/www.evafm.net\/sitio\/wp-json\/wp\/v2\/media?parent=37383"}],"wp:term":[{"taxonomy":"category","embeddable":true,"href":"https:\/\/www.evafm.net\/sitio\/wp-json\/wp\/v2\/categories?post=37383"},{"taxonomy":"post_tag","embeddable":true,"href":"https:\/\/www.evafm.net\/sitio\/wp-json\/wp\/v2\/tags?post=37383"}],"curies":[{"name":"wp","href":"https:\/\/api.w.org\/{rel}","templated":true}]}}