{"id":37386,"date":"2018-08-17T15:11:39","date_gmt":"2018-08-17T20:11:39","guid":{"rendered":"http:\/\/www.evafm.net\/sitio\/?p=37386"},"modified":"2018-08-17T15:11:39","modified_gmt":"2018-08-17T20:11:39","slug":"copa-ecuador-sera-transmitida-solo-por-goltv","status":"publish","type":"post","link":"https:\/\/www.evafm.net\/sitio\/copa-ecuador-sera-transmitida-solo-por-goltv\/","title":{"rendered":"Copa Ecuador sera transmitida solo por GolTV"},"content":{"rendered":"<p>Una cl\u00e1usula en el contrato que firmaron los clubes de la Liga Profesional con la empresa GolTV, del uruguayo Paco Casal, para la transmisi\u00f3n de los partidos del Campeonato Ecuatoriano de F\u00fatbol se interpone en la realizaci\u00f3n de la Copa Ecuador que pretende organizar la Federaci\u00f3n Ecuatoriana de F\u00fatbol.<\/p>\n<p>Despu\u00e9s de que el periodista Reinaldo Romero filtr\u00f3 el texto que le atribuye a la empresa de Casal una supuesta exclusividad, que no permitir\u00eda que otro medio obtenga los derechos de otros torneos en que participen los clubes, EL UNIVERSO consult\u00f3 ayer al presidente de la Liga Profesional, Miguel \u00c1ngel Loor, pero no ha existido contestaci\u00f3n de su parte.<\/p>\n<p>Loor dijo la semana pasada en una entrevista con este diario que \u00abGolTv no tiene nada que ver\u00bb en una presunta presi\u00f3n de los clubes a la FEF para que no firmara con otra empresa los derechos de la Copa Ecuador y de la Selecci\u00f3n para las eliminatorias.<\/p>\n<p>Pero la confirmaci\u00f3n de la existencia de dicha cl\u00e1usula lleg\u00f3 por parte del vicepresidente de Barcelona, Juan Alfredo Cuentas, quien en declaraciones para radio Super K-800 dijo que \u00abno se deber\u00eda hacer una pol\u00e9mica\u00bb y cree que \u00abes cuesti\u00f3n de conversarlo con GolTV\u00bb.<\/p>\n<p>El contrato que incluye la cl\u00e1usula de exclusivdad y que ata a los clubes con GolTV para cualquier otro futuro torneo en que estos participen tuvo el benepl\u00e1cito de la FEF, que imposibilitada legalmente de ejecutar el contrato con Casal, le cedi\u00f3 los derechos a los clubes para que firmen con su empresa y ahora, cuando no ha pasado ni un a\u00f1o, defiende su derecho de organizar torneos fuera del manto del uruguayo.<\/p>\n<p>\u00abLa Copa Ecuador es un torneo que est\u00e1 aprobado por el Directorio de la FEF. El estatuto de la FIFA, en el art\u00edculo 20, le permite a la FEF organizar, crear y planificar cualquier torneo que crea conveniente\u201d, dijo el martes el vicepresidente \u00c1lex De la Torre.<\/p>\n<p>El dirigente confirm\u00f3 adem\u00e1s que \u00ablos derechos de la Copa Ecuador ya fueron concedidos por 10 a\u00f1os a la empresa New Marketing\u00bb.<\/p>\n<p>Fuente: eluniverso.com<\/p>\n<div class=\"gsp_post_data\" \r\n\t            data-post_type=\"post\" \r\n\t            data-cat=\"deportes-ecuador,general\" \r\n\t            data-modified=\"120\"\r\n\t            data-created=\"1534518699\"\r\n\t            data-title=\"Copa Ecuador sera transmitida solo por GolTV\" \r\n\t            data-home=\"https:\/\/www.evafm.net\/sitio\"><\/div>","protected":false},"excerpt":{"rendered":"<p>Una cl\u00e1usula en el contrato que firmaron los clubes de la Liga Profesional con la empresa GolTV, del uruguayo Paco Casal, para la transmisi\u00f3n de los partidos del Campeonato Ecuatoriano de F\u00fatbol se interpone en la realizaci\u00f3n de la Copa Ecuador que pretende organizar la Federaci\u00f3n Ecuatoriana de F\u00fatbol. Despu\u00e9s de que el periodista Reinaldo&#8230;<\/p>\n","protected":false},"author":5,"featured_media":37387,"comment_status":"closed","ping_status":"open","sticky":false,"template":"","format":"standard","meta":{"_joinchat":[],"footnotes":""},"categories":[1557,1720],"tags":[],"class_list":["post-37386","post","type-post","status-publish","format-standard","has-post-thumbnail","hentry","category-deportes-ecuador","category-general","have-post-thumb"],"_links":{"self":[{"href":"https:\/\/www.evafm.net\/sitio\/wp-json\/wp\/v2\/posts\/37386","targetHints":{"allow":["GET"]}}],"collection":[{"href":"https:\/\/www.evafm.net\/sitio\/wp-json\/wp\/v2\/posts"}],"about":[{"href":"https:\/\/www.evafm.net\/sitio\/wp-json\/wp\/v2\/types\/post"}],"author":[{"embeddable":true,"href":"https:\/\/www.evafm.net\/sitio\/wp-json\/wp\/v2\/users\/5"}],"replies":[{"embeddable":true,"href":"https:\/\/www.evafm.net\/sitio\/wp-json\/wp\/v2\/comments?post=37386"}],"version-history":[{"count":1,"href":"https:\/\/www.evafm.net\/sitio\/wp-json\/wp\/v2\/posts\/37386\/revisions"}],"predecessor-version":[{"id":37388,"href":"https:\/\/www.evafm.net\/sitio\/wp-json\/wp\/v2\/posts\/37386\/revisions\/37388"}],"wp:featuredmedia":[{"embeddable":true,"href":"https:\/\/www.evafm.net\/sitio\/wp-json\/wp\/v2\/media\/37387"}],"wp:attachment":[{"href":"https:\/\/www.evafm.net\/sitio\/wp-json\/wp\/v2\/media?parent=37386"}],"wp:term":[{"taxonomy":"category","embeddable":true,"href":"https:\/\/www.evafm.net\/sitio\/wp-json\/wp\/v2\/categories?post=37386"},{"taxonomy":"post_tag","embeddable":true,"href":"https:\/\/www.evafm.net\/sitio\/wp-json\/wp\/v2\/tags?post=37386"}],"curies":[{"name":"wp","href":"https:\/\/api.w.org\/{rel}","templated":true}]}}