{"id":37430,"date":"2018-08-18T08:26:04","date_gmt":"2018-08-18T13:26:04","guid":{"rendered":"http:\/\/www.evafm.net\/sitio\/?p=37430"},"modified":"2018-08-18T08:26:04","modified_gmt":"2018-08-18T13:26:04","slug":"preocupados-ante-medida-venezolanos-apresuraron-su-paso","status":"publish","type":"post","link":"https:\/\/www.evafm.net\/sitio\/preocupados-ante-medida-venezolanos-apresuraron-su-paso\/","title":{"rendered":"Preocupados ante medida, venezolanos apresuraron su paso"},"content":{"rendered":"<p>Soledad L\u00f3pez junto a sus once hijos lleg\u00f3 ayer al Centro Binacional de Atenci\u00f3n en Frontera de Sucumb\u00edos. No sab\u00eda que a partir de hoy deb\u00eda presentar el pasaporte para ingresar a Ecuador. Por eso, al enterarse de la medida, apur\u00f3 a sus hijos para que arreglaran sus maletas para continuar el viaje.<\/p>\n<p>Sali\u00f3 del estado de Trujillo en Venezuela con la idea de llegar hasta Per\u00fa. Sobre las 9 de la ma\u00f1ana de ayer logr\u00f3 registrar su ingreso a Ecuador y enseguida fue con su familia a la carretera para tomar una camioneta que los llevara hasta Nueva Loja.<\/p>\n<p>All\u00ed iban a tomar un bus para ir hasta Huaquillas e intentar pasar a Per\u00fa antes de que entrara en vigencia la medida adoptada por el Gobierno, que la ha justificado \u201ccon la finalidad de garantizar la seguridad de venezolanos\u201d y la seguridad del territorio nacional.<\/p>\n<p>\u201cUstedes son la \u00fanica esperanza para salir de Venezuela y con esto del pasaporte pr\u00e1cticamente nos est\u00e1n cerrando las puertas\u201d, coment\u00f3 Soledad, cuyo pasaporte est\u00e1 vencido.<\/p>\n<p>Ella pidi\u00f3 una pr\u00f3rroga (renovaci\u00f3n) para dos a\u00f1os, pero no le concedieron. Su hija tambi\u00e9n solicit\u00f3 el pasaporte, transcurrieron dos a\u00f1os y no logr\u00f3 obtenerlo y por eso inici\u00f3 su periplo sin el documento.<\/p>\n<p>Sacar el pasaporte en Venezuela es un verdadero viacrucis, coment\u00f3 Jefferson Morantes, joven que sali\u00f3 de Venezuela con su padre y dos hermanos. Demor\u00f3 a\u00f1o y medio conseguirlo. Coment\u00f3 que el pasaporte deben tramitarlo en l\u00ednea, en el Servicio de Identificaci\u00f3n y Extranjer\u00eda, pero primero deben tener una tarjeta de cr\u00e9dito, los pagos no son bancarios ni en efectivo.<\/p>\n<p>Si se logra hacer el pago viene el tr\u00e1mite para que le aprueben las huellas dactilares y hacer otro pago con tarjeta de cr\u00e9dito; obtener los resultados de las huellas demora entre uno y dos a\u00f1os, dicen venezolanos.<\/p>\n<p>Otra traba que enfrentan es que el servicio en l\u00ednea no siempre est\u00e1 disponible, lo habilitan entre 15 y 20 minutos, entre dos o tres veces a la semana.<\/p>\n<p>Otros comentan que el tr\u00e1mite normal cuesta un mill\u00f3n de bol\u00edvares y demora dos a\u00f1os. Un tramitador les entrega en tres d\u00edas por 2.000 y 3.000 d\u00f3lares, que para los venezolanos resulta imposible.<\/p>\n<p>Unos venezolanos en tr\u00e1nsito creen que la exigencia del pasaporte no frenar\u00e1 la salida de su pa\u00eds. Advierten que se presentar\u00e1 un problema mayor de ilegalidad, pues la gente podr\u00eda usar pasos ilegales.<\/p>\n<p>Ayer, en el puente internacional Rumichaca, el arribo de los venezolanos fue constante durante todo el d\u00eda.<\/p>\n<p>\u201cNosotros no sab\u00edamos de ese nuevo requisito y ninguno de mis amigos trajo consigo el pasaporte. Gracias a Dios llegamos hoy (viernes) a la frontera y podremos ingresar legalmente a Ecuador solo con la c\u00e9dula, y as\u00ed continuar nuestro viaje hasta Per\u00fa\u201d, expres\u00f3 Dayana Aguirre, de 27 a\u00f1os.<\/p>\n<p>Ella lleg\u00f3 al punto fronterizo exhausta. Camin\u00f3 1.440 kil\u00f3metros desde C\u00facuta, ciudad colombiana fronteriza con Venezuela, hasta Ipiales.<\/p>\n<p>Sobre la medida de exigir pasaporte a los venezolanos, la vicepresidenta Mar\u00eda Alejandra Vicu\u00f1a dijo que la decisi\u00f3n es soberana y que tiene relaci\u00f3n directa con \u201cgarantizar y fortalecer la seguridad ciudadana\u201d y que en movilidad humana \u201csiempre priorizar\u00e1n la protecci\u00f3n y atenci\u00f3n del ser humano\u201d, sobre todo de los grupos de atenci\u00f3n prioritaria. (I)<\/p>\n<p><strong>4.500<\/strong><br \/>\nvenezolanos ingresan a diario por la frontera norte.<\/p>\n<p><img decoding=\"async\" src=\"https:\/\/www.eluniverso.com\/sites\/default\/files\/styles\/powgallery_800\/public\/fotos\/2018\/08\/13997091.jpg?itok=qvEa40fi\" alt=\"Preocupados ante medida, venezolanos apresuraron su paso \" \/><\/p>\n<p>Fuente: eluniverso.com<\/p>\n<div class=\"gsp_post_data\" \r\n\t            data-post_type=\"post\" \r\n\t            data-cat=\"general,noticias-ecuador\" \r\n\t            data-modified=\"120\"\r\n\t            data-created=\"1534580764\"\r\n\t            data-title=\"Preocupados ante medida, venezolanos apresuraron su paso\" \r\n\t            data-home=\"https:\/\/www.evafm.net\/sitio\"><\/div>","protected":false},"excerpt":{"rendered":"<p>Soledad L\u00f3pez junto a sus once hijos lleg\u00f3 ayer al Centro Binacional de Atenci\u00f3n en Frontera de Sucumb\u00edos. No sab\u00eda que a partir de hoy deb\u00eda presentar el pasaporte para ingresar a Ecuador. Por eso, al enterarse de la medida, apur\u00f3 a sus hijos para que arreglaran sus maletas para continuar el viaje. Sali\u00f3 del&#8230;<\/p>\n","protected":false},"author":5,"featured_media":37431,"comment_status":"closed","ping_status":"open","sticky":false,"template":"","format":"standard","meta":{"_joinchat":[],"footnotes":""},"categories":[1720,1558],"tags":[],"class_list":["post-37430","post","type-post","status-publish","format-standard","has-post-thumbnail","hentry","category-general","category-noticias-ecuador","have-post-thumb"],"_links":{"self":[{"href":"https:\/\/www.evafm.net\/sitio\/wp-json\/wp\/v2\/posts\/37430","targetHints":{"allow":["GET"]}}],"collection":[{"href":"https:\/\/www.evafm.net\/sitio\/wp-json\/wp\/v2\/posts"}],"about":[{"href":"https:\/\/www.evafm.net\/sitio\/wp-json\/wp\/v2\/types\/post"}],"author":[{"embeddable":true,"href":"https:\/\/www.evafm.net\/sitio\/wp-json\/wp\/v2\/users\/5"}],"replies":[{"embeddable":true,"href":"https:\/\/www.evafm.net\/sitio\/wp-json\/wp\/v2\/comments?post=37430"}],"version-history":[{"count":1,"href":"https:\/\/www.evafm.net\/sitio\/wp-json\/wp\/v2\/posts\/37430\/revisions"}],"predecessor-version":[{"id":37432,"href":"https:\/\/www.evafm.net\/sitio\/wp-json\/wp\/v2\/posts\/37430\/revisions\/37432"}],"wp:featuredmedia":[{"embeddable":true,"href":"https:\/\/www.evafm.net\/sitio\/wp-json\/wp\/v2\/media\/37431"}],"wp:attachment":[{"href":"https:\/\/www.evafm.net\/sitio\/wp-json\/wp\/v2\/media?parent=37430"}],"wp:term":[{"taxonomy":"category","embeddable":true,"href":"https:\/\/www.evafm.net\/sitio\/wp-json\/wp\/v2\/categories?post=37430"},{"taxonomy":"post_tag","embeddable":true,"href":"https:\/\/www.evafm.net\/sitio\/wp-json\/wp\/v2\/tags?post=37430"}],"curies":[{"name":"wp","href":"https:\/\/api.w.org\/{rel}","templated":true}]}}