{"id":37442,"date":"2018-08-18T09:18:45","date_gmt":"2018-08-18T14:18:45","guid":{"rendered":"http:\/\/www.evafm.net\/sitio\/?p=37442"},"modified":"2018-08-18T09:29:48","modified_gmt":"2018-08-18T14:29:48","slug":"macara-derroto-2-1-a-aucas-y-es-puntero-del-campeonato-ecuatoriano","status":"publish","type":"post","link":"https:\/\/www.evafm.net\/sitio\/macara-derroto-2-1-a-aucas-y-es-puntero-del-campeonato-ecuatoriano\/","title":{"rendered":"Macar\u00e1 derrot\u00f3 2-1 a Aucas y es puntero del Campeonato Ecuatoriano"},"content":{"rendered":"<div class=\"location-event\">Ambato &#8211;<\/div>\n<p>En un partido en donde\u00a0<strong>Aucas<\/strong>\u00a0trat\u00f3 de complicar a\u00a0<strong>Macar\u00e1<\/strong>, el plantel ambate\u00f1o logr\u00f3 el triunfo por 2 a 1 en la noche de este viernes, en el estadio Bellavista, para no perder de vista la punta en esta segunda etapa, al iniciarse la quinta fecha, con lo que sum\u00f3 trece puntos en la tabla de posiciones de la serie A.<\/p>\n<p>El director t\u00e9cnico de Aucas, Luis Soler, destac\u00f3 el segundo tiempo que hizo su equipo porque incluso ah\u00ed lleg\u00f3 el tanto del empate moment\u00e1neo, pero tambi\u00e9n dijo que le falt\u00f3 concretar las oportunidades que tuvieron.<\/p>\n<p>Asimismo se lament\u00f3 que el gol del triunfo de Macar\u00e1 haya llegado en el mejor momento que atravesaba el Aucas, pero dijo que gana el que hace los goles. El equipo comenz\u00f3 a jugar como lo hizo ante Liga de Quito, con solidez, controlando al rival y con opciones de gol, a\u00f1adi\u00f3 el estratega del cuadro oriental.<\/p>\n<p>Por su parte, el director t\u00e9cnico de Macar\u00e1, Pa\u00fal V\u00e9lez, reconoci\u00f3 que el equipo tuvo un buen primer tiempo, pero que en la segunda mitad del encuentro el rival fue mejor, adem\u00e1s se\u00f1al\u00f3 que es muy dif\u00edcil mantener un buen ritmo en los 90 minutos, porque si as\u00ed ser\u00eda est\u00e1 convencido que se podr\u00eda tener la punta (de la tabla de posiciones) durante todo el campeonato.<\/p>\n<p>Asimismo, el estratega ecuatoriano se lament\u00f3 de que se hayan fallado las opciones de gol que tuvieron sus dirigidos, aunque tambi\u00e9n resalt\u00f3 el gran coraz\u00f3n que tienen sus pupilos con el fin de lograr buenos resultados, pero que asimismo contin\u00fae el trabajo con humildad.<\/p>\n<p>\u201cHoy estamos confiados y metidos en tratar de hacer un gran papel, en tratar de buscar ese primer lugar e ir buscando partido a partido no perder y sacar puntos\u201d, a\u00f1adi\u00f3 V\u00e9lez.<\/p>\n<p>El primer gol de Macar\u00e1 fue obra de Juan T\u00e9vez a los 31 minutos, que con tiro cruzado venci\u00f3 al arquero de Aucas, Fernando Fern\u00e1ndez. El empate transitorio lleg\u00f3 a los 58m, a trav\u00e9s de Ignacio Cacheiro, y el tanto del triunfo del \u00eddolo ambate\u00f1o fue por intermedio de Ronal de Jes\u00fas.<\/p>\n<p><strong>Alineaciones<\/strong><\/p>\n<p>Macar\u00e1: Burrai, L. Qui\u00f1\u00f3nez, Manchot, M. Corozo, G. Corozo, De Jes\u00fas, Cazares, G\u00f3mez (Lucas, 58m), Arboleda (O. Qui\u00f1\u00f3nez, 75m), Burcio (Patta, 62m) y T\u00e9vez. DT: Pa\u00fal V\u00e9lez<\/p>\n<p>Aucas: Fern\u00e1ndez, Espinoza, Lara, Romero, Le\u00f3n (Govea, 82m), H. Qui\u00f1\u00f3nez (Pereira, 77m), Monta\u00f1o, Rodr\u00edguez (Valencia, 67m), Alvarado, Cacheiro y J. Qui\u00f1\u00f3nez. DT: Luis Soler<\/p>\n<p>\u00c1rbitro: Diego Lara. Amonest\u00f3 a De Jes\u00fas, 61m y Lucas, 61m, de Macar\u00e1. Y a Lara, 43m; Rodr\u00edguez, 47m y Espinoza, 82m, de Aucas.<\/p>\n<p>Goles: 1-0, T\u00e9vez (31m); 1-1, Cacheiro (58m); 2-1, De Jes\u00fas (67m).<\/p>\n<p>Incidencias: el partido se jug\u00f3 en el estadio Bellavista, ante aproximadamente 7.000 personas. (D)<\/p>\n<p>https:\/\/youtu.be\/l4weSrXXe50<\/p>\n<p>Fuente: eluniverso.com &#8211; youtube.com<\/p>\n<div class=\"teads-inread\">\n<div>\n<div id=\"teads0\" class=\"teads-player\"><\/div>\n<\/div>\n<\/div>\n<div id=\"mappingampliada\" class=\"dfp-slot atm-banner-mappingampliada publicity-content\">\n<div id=\"google_ads_iframe_\/78858240\/ElUniverso.com\/Universo_Ampliada_0__container__\"><\/div>\n<\/div>\n<div class=\"gsp_post_data\" \r\n\t            data-post_type=\"post\" \r\n\t            data-cat=\"deportes-ecuador,general\" \r\n\t            data-modified=\"120\"\r\n\t            data-created=\"1534583925\"\r\n\t            data-title=\"Macar\u00e1 derrot\u00f3 2-1 a Aucas y es puntero del Campeonato Ecuatoriano\" \r\n\t            data-home=\"https:\/\/www.evafm.net\/sitio\"><\/div>","protected":false},"excerpt":{"rendered":"<p>Ambato &#8211; En un partido en donde\u00a0Aucas\u00a0trat\u00f3 de complicar a\u00a0Macar\u00e1, el plantel ambate\u00f1o logr\u00f3 el triunfo por 2 a 1 en la noche de este viernes, en el estadio Bellavista, para no perder de vista la punta en esta segunda etapa, al iniciarse la quinta fecha, con lo que sum\u00f3 trece puntos en la tabla&#8230;<\/p>\n","protected":false},"author":5,"featured_media":37444,"comment_status":"closed","ping_status":"open","sticky":false,"template":"","format":"standard","meta":{"_joinchat":[],"footnotes":""},"categories":[1557,1720],"tags":[],"class_list":["post-37442","post","type-post","status-publish","format-standard","has-post-thumbnail","hentry","category-deportes-ecuador","category-general","have-post-thumb"],"_links":{"self":[{"href":"https:\/\/www.evafm.net\/sitio\/wp-json\/wp\/v2\/posts\/37442","targetHints":{"allow":["GET"]}}],"collection":[{"href":"https:\/\/www.evafm.net\/sitio\/wp-json\/wp\/v2\/posts"}],"about":[{"href":"https:\/\/www.evafm.net\/sitio\/wp-json\/wp\/v2\/types\/post"}],"author":[{"embeddable":true,"href":"https:\/\/www.evafm.net\/sitio\/wp-json\/wp\/v2\/users\/5"}],"replies":[{"embeddable":true,"href":"https:\/\/www.evafm.net\/sitio\/wp-json\/wp\/v2\/comments?post=37442"}],"version-history":[{"count":1,"href":"https:\/\/www.evafm.net\/sitio\/wp-json\/wp\/v2\/posts\/37442\/revisions"}],"predecessor-version":[{"id":37445,"href":"https:\/\/www.evafm.net\/sitio\/wp-json\/wp\/v2\/posts\/37442\/revisions\/37445"}],"wp:featuredmedia":[{"embeddable":true,"href":"https:\/\/www.evafm.net\/sitio\/wp-json\/wp\/v2\/media\/37444"}],"wp:attachment":[{"href":"https:\/\/www.evafm.net\/sitio\/wp-json\/wp\/v2\/media?parent=37442"}],"wp:term":[{"taxonomy":"category","embeddable":true,"href":"https:\/\/www.evafm.net\/sitio\/wp-json\/wp\/v2\/categories?post=37442"},{"taxonomy":"post_tag","embeddable":true,"href":"https:\/\/www.evafm.net\/sitio\/wp-json\/wp\/v2\/tags?post=37442"}],"curies":[{"name":"wp","href":"https:\/\/api.w.org\/{rel}","templated":true}]}}