{"id":37457,"date":"2018-08-18T10:08:14","date_gmt":"2018-08-18T15:08:14","guid":{"rendered":"http:\/\/www.evafm.net\/sitio\/?p=37457"},"modified":"2018-08-18T10:08:14","modified_gmt":"2018-08-18T15:08:14","slug":"rihanna-y-childish-gambino-viajaron-a-cuba-para-proyecto-musical","status":"publish","type":"post","link":"https:\/\/www.evafm.net\/sitio\/rihanna-y-childish-gambino-viajaron-a-cuba-para-proyecto-musical\/","title":{"rendered":"Rihanna y Childish Gambino viajaron a Cuba para proyecto musical"},"content":{"rendered":"<div class=\"row\">\n<div class=\"col-xs-12 col-print-12\">\n<p class=\"element element-paragraph\">La cantante Rihanna y el reconocido actor y m\u00fasico estadounidense Donald Glover (alias \u00abChildish Gambino\u00bb) llegaron el jueves a\u00a0<strong>Cuba en lo que parece ser un viaje de trabajo para filmar un nuevo proyecto<\/strong>, que tendr\u00eda como fondo el pa\u00eds caribe\u00f1o y el t\u00edtulo provisional \u00abGuava Island\u00bb (Isla Guayaba). Medios locales informaron que podr\u00eda tratarse de una pel\u00edcula musical.<\/p>\n<\/div>\n<\/div>\n<div class=\"row\">\n<div class=\"col-xs-12 col-print-12\">\n<p class=\"element element-paragraph\">En las im\u00e1genes publicadas por la revista local de far\u00e1ndula\u00a0<em>Vistar<\/em><strong><em>,<\/em>\u00a0Rihanna aparece vestida con sencillez;\u00a0<\/strong>ella\u00a0y Glover participan juntos en el rodaje de algo que a\u00fan no est\u00e1 claro si\u00a0<strong>es un v\u00eddeo musical o un largometraje.<\/strong><\/p>\n<p>Las \u00fanicas fotograf\u00edas conocidas hasta el momento sit\u00faan a la tambi\u00e9n empresaria y actriz caracterizada como una\u00a0<strong>costurera en un set de filmaci\u00f3n armado en una f\u00e1brica textil de la barriada de Alamar<\/strong>, en las afueras de La Habana.<\/p>\n<p><strong>Rihanna luce sonriente con un vestido a rayas de muchos colores con el pelo recogido en trenzas<\/strong>\u00a0y haciendo la se\u00f1al de paz.\u00a0<strong>Donald Glover, sin camiseta, sostiene una guitarra<\/strong>.<\/p>\n<div class=\"row\">\n<div class=\"col-xs-12 col-print-12\">\n<p class=\"element element-paragraph\">Del nuevo proyecto no se conoce mucho, solo que est\u00e1\u00a0<strong>dirigido por el japon\u00e9s-estadounidense Hiro Murai,<\/strong>\u00a0que cuenta entre sus trabajos m\u00e1s notables la serie c\u00f3mica \u00abAtlanta\u00bb y una larga lista de exitosos v\u00eddeos de artistas como David Guetta, Massive Attack, y el propio Glover.<\/p>\n<\/div>\n<\/div>\n<div class=\"row\">\n<div class=\"col-xs-12 col-print-12\">\n<p class=\"element element-paragraph\">En \u00abGuava Island\u00bb tambi\u00e9n act\u00faan\u00a0<strong>Letitia Wright<\/strong>\u00a0-Shuri en las pel\u00edculas de superh\u00e9roes \u00abBlack Panther\u00bb y \u00abAvengers, Infinity War\u00bb- y\u00a0<strong>Nonso Anozie<\/strong>, conocido por interpretar a Xaro Xhoan Daxos en la serie \u00abGame of Thrones\u00bb.<\/p>\n<p>Seg\u00fan\u00a0<em>Vistar,<\/em>\u00a0<strong>Childish Gambino\u00a0aprovech\u00f3\u00a0su estancia en el pa\u00eds para conocer la F\u00e1brica de Arte Cubano y\u00a0habr\u00eda quedado \u00abencantado\u00bb<\/strong>\u00a0con el concepto del lugar, por lo que le gustar\u00eda poder hacer algo all\u00ed.<\/p>\n<p>D\u00edas atr\u00e1s,\u00a0<strong>Gambino hab\u00eda confirmado que actuar\u00eda en la gala ben\u00e9fica organizada por Rihanna\u00a0el 13 de septiembre en Cipriani Wall Street en Nueva York.<\/strong><\/p>\n<p>La gala es a beneficio de la Fundaci\u00f3n Clara Lionel de la cantante, que promueve la educaci\u00f3n y las artes alrededor del mundo y ayuda a programas de respuesta ante emergencias.<\/p>\n<div class=\"pb-container\">\n<div id=\"cwkfqy1m9fYAZq\" class=\"col-md-8 col-sm-12 col-xs-12 pb-layout-item pb-chain pb-c-list-chain left-align\">\n<div id=\"f0HF5eKm9fYAZq\" class=\"wrapper clearfix full pb-feature pb-layout-item pb-f-article-body no-align\">\n<div id=\"article-body\" class=\"article-body article-body-elements\">\n<div id=\"article-content\">\n<div class=\"row\">\n<div class=\"col-xs-12 col-print-12\">\n<p class=\"element element-paragraph\">Childish Gambino, quien se coloc\u00f3 en el n\u00famero uno del Hot 100 de Billboard este a\u00f1o con el explosivo tema musical \u00abThis is America\u00bb \u2015acompa\u00f1ado de un impactante y pol\u00e9mico videoclip\u2015 se ha destacado por sus trabajos como actor, comediante, escritor, rapero y DJ.\u00a0<strong>En 2017, Glover fue incluido en el Time 100 de las personas m\u00e1s influyentes del mundo.<\/strong><\/p>\n<\/div>\n<\/div>\n<div class=\"row\">\n<div class=\"col-xs-12 col-print-12\">\n<p class=\"element element-paragraph\"><strong>Tras el \u00abdeshielo\u00bb con EEUU, oficializado en julio de 2015, Cuba se convirti\u00f3 en el destino de moda para muchas celebridades<\/strong>, entre ellos The Rolling Stones, la modelo Naomi Campbell, el matrimonio de cantantes Beyonc\u00e9 y Jay-Z, y el modisto Karl Lagerfeld, quien lleg\u00f3 a La Habana en mayo de 2016 con el primer desfile de Chanel en Latinoam\u00e9rica.<\/p>\n<\/div>\n<\/div>\n<div class=\"row\">\n<div class=\"element element-rawhtml col-xs-12\">\n<div id=\"powa-63b607f7-39d3-4fc9-87af-00555bb13c97\" class=\"powa arc-player powa-processed\">\n<div id=\"powa-63b607f7-39d3-4fc9-87af-00555bb13c97-powa-shot\" class=\"powa-shot\">\n<div class=\"powa-shot-image powa-shot-click powa-shot-click-play\">\n<div class=\"powa-shot-play-btn powa-shot-click powa-shot-click-play\"><i class=\"fa fa-play\"><\/i><span class=\"play-text\">\u00a0<\/span><\/div>\n<\/div>\n<\/div>\n<\/div>\n<\/div>\n<\/div>\n<\/div>\n<\/div>\n<\/div>\n<div id=\"f12Z6B1m9fYAZq\" class=\"wrapper clearfix full pb-feature pb-layout-item pb-f-ads-dfp no-align\">\n<div id=\"middle_1_300x250\" class=\"ad-slot\">\n<div id=\"middle_1_300x250_ad\">\n<div id=\"google_ads_iframe_\/1058609\/america\/entretenimiento\/nota\/middle_1_300x250_0__container__\"><img decoding=\"async\" src=\"https:\/\/www.infobae.com\/new-resizer\/-O_BWcW6S8IpxBcy3taNYcJYdSE=\/600x0\/filters:quality(100)\/s3.amazonaws.com\/arc-wordpress-client-uploads\/infobae-wp\/wp-content\/uploads\/2018\/08\/16151215\/Rihhana-y-Gambino-1.jpg\" alt=\"Rihanna y Childish Gambino en Cuba\" \/><\/div>\n<\/div>\n<\/div>\n<\/div>\n<div id=\"f0Zi4rMm9fYAZq\" class=\"wrapper clearfix full pb-feature pb-layout-item pb-f-homepage-story no-align\">\n<div class=\"border-bottom-off no-art\">\n<div class=\"no-skin flex-item flex-stack text-align-left equalize-height-target\">\n<div class=\"label-wrapper text-align-inherit\"><\/div>\n<\/div>\n<\/div>\n<\/div>\n<\/div>\n<\/div>\n<p>Rihanna y Childish Gambino en Cuba.<\/p>\n<div class=\"single-image\">\n<div class=\"shares\">\n<div class=\"share-button facebook\"><\/div>\n<\/div>\n<p><img decoding=\"async\" id=\"QUCGCPFXKJBQJPZHZRCQFIX7CI\" class=\"image-lazy\" src=\"https:\/\/www.infobae.com\/new-resizer\/Iw0kSmGbEgODUHjxP2SPmhfHdr0=\/600x0\/filters:quality(100)\/s3.amazonaws.com\/arc-wordpress-client-uploads\/infobae-wp\/wp-content\/uploads\/2018\/08\/16151145\/Rihhana-y-Gambino-2.jpg\" alt=\"Rihanna interpreta a una costurera en el proyecto conocido como \u201cGueva Island\u201d\" width=\"750\" height=\"1333.203125\" \/><\/div>\n<p><span class=\"credit\">Rihanna interpreta a una costurera en el proyecto conocido como \u201cGueva Island\u201d.<\/span><\/p>\n<div class=\"single-image\">\n<div class=\"shares\">\n<div class=\"share-button facebook\"><\/div>\n<\/div>\n<p><img decoding=\"async\" id=\"BSN46ZRREBE3ZIE62MSXEDGDOA\" class=\"image-lazy\" src=\"https:\/\/www.infobae.com\/new-resizer\/15oQVBaFDxG3fj7XnZTq7qYxjRU=\/600x0\/filters:quality(100)\/s3.amazonaws.com\/arc-wordpress-client-uploads\/infobae-wp\/wp-content\/uploads\/2018\/08\/16155400\/Rihanna-rodaje-Cuba.jpg\" alt=\"El rodaje de \u201cGueva Island\u201d\" width=\"750\" height=\"1000.0\" \/><\/div>\n<p><span class=\"credit\">El rodaje de \u201cGueva Island\u201d.<\/span><\/p>\n<div class=\"single-image\">\n<div class=\"shares\">\n<div class=\"share-button facebook\"><\/div>\n<\/div>\n<p><img decoding=\"async\" id=\"PPPIVCVJNZGKPCPHQEL4FXEUUQ\" class=\"image-lazy\" src=\"https:\/\/www.infobae.com\/new-resizer\/Mtm9fnejkinEBwircpE-s1In3jY=\/600x0\/filters:quality(100)\/s3.amazonaws.com\/arc-wordpress-client-uploads\/infobae-wp\/wp-content\/uploads\/2018\/08\/16151132\/Rihhana-y-Gambino-2.jpeg\" alt=\"Rihanna en Cuba\" width=\"750\" height=\"562.5\" \/><\/div>\n<p><span class=\"credit\">Rihanna en Cuba.<\/span><\/p>\n<div class=\"single-image\">\n<div class=\"shares\">\n<div class=\"share-button facebook\"><\/div>\n<\/div>\n<p><img decoding=\"async\" id=\"7YWXIZ7PZBEZJLXMN5QMXKAU5A\" class=\"image-lazy\" src=\"https:\/\/www.infobae.com\/new-resizer\/4n5nJXy3pwjDF2HZ9T3k51wA_pU=\/600x0\/filters:quality(100)\/s3.amazonaws.com\/arc-wordpress-client-uploads\/infobae-wp\/wp-content\/uploads\/2018\/08\/16155416\/Nonzo-Anozi.jpg\" alt=\"Nonzo Anozi\" width=\"750\" height=\"1007.03125\" \/><\/div>\n<p><span class=\"credit\">Nonzo Anozi<\/span><\/p>\n<\/div>\n<\/div>\n<\/div>\n<\/div>\n<div class=\"gsp_post_data\" \r\n\t            data-post_type=\"post\" \r\n\t            data-cat=\"farandula-internacional,general\" \r\n\t            data-modified=\"120\"\r\n\t            data-created=\"1534586894\"\r\n\t            data-title=\"Rihanna y Childish Gambino viajaron a Cuba para proyecto musical\" \r\n\t            data-home=\"https:\/\/www.evafm.net\/sitio\"><\/div>","protected":false},"excerpt":{"rendered":"<p>La cantante Rihanna y el reconocido actor y m\u00fasico estadounidense Donald Glover (alias \u00abChildish Gambino\u00bb) llegaron el jueves a\u00a0Cuba en lo que parece ser un viaje de trabajo para filmar un nuevo proyecto, que tendr\u00eda como fondo el pa\u00eds caribe\u00f1o y el t\u00edtulo provisional \u00abGuava Island\u00bb (Isla Guayaba). Medios locales informaron que podr\u00eda tratarse de&#8230;<\/p>\n","protected":false},"author":5,"featured_media":37458,"comment_status":"closed","ping_status":"open","sticky":false,"template":"","format":"standard","meta":{"_joinchat":[],"footnotes":""},"categories":[1346,1720],"tags":[],"class_list":["post-37457","post","type-post","status-publish","format-standard","has-post-thumbnail","hentry","category-farandula-internacional","category-general","have-post-thumb"],"_links":{"self":[{"href":"https:\/\/www.evafm.net\/sitio\/wp-json\/wp\/v2\/posts\/37457","targetHints":{"allow":["GET"]}}],"collection":[{"href":"https:\/\/www.evafm.net\/sitio\/wp-json\/wp\/v2\/posts"}],"about":[{"href":"https:\/\/www.evafm.net\/sitio\/wp-json\/wp\/v2\/types\/post"}],"author":[{"embeddable":true,"href":"https:\/\/www.evafm.net\/sitio\/wp-json\/wp\/v2\/users\/5"}],"replies":[{"embeddable":true,"href":"https:\/\/www.evafm.net\/sitio\/wp-json\/wp\/v2\/comments?post=37457"}],"version-history":[{"count":1,"href":"https:\/\/www.evafm.net\/sitio\/wp-json\/wp\/v2\/posts\/37457\/revisions"}],"predecessor-version":[{"id":37459,"href":"https:\/\/www.evafm.net\/sitio\/wp-json\/wp\/v2\/posts\/37457\/revisions\/37459"}],"wp:featuredmedia":[{"embeddable":true,"href":"https:\/\/www.evafm.net\/sitio\/wp-json\/wp\/v2\/media\/37458"}],"wp:attachment":[{"href":"https:\/\/www.evafm.net\/sitio\/wp-json\/wp\/v2\/media?parent=37457"}],"wp:term":[{"taxonomy":"category","embeddable":true,"href":"https:\/\/www.evafm.net\/sitio\/wp-json\/wp\/v2\/categories?post=37457"},{"taxonomy":"post_tag","embeddable":true,"href":"https:\/\/www.evafm.net\/sitio\/wp-json\/wp\/v2\/tags?post=37457"}],"curies":[{"name":"wp","href":"https:\/\/api.w.org\/{rel}","templated":true}]}}