{"id":37576,"date":"2018-08-21T14:55:21","date_gmt":"2018-08-21T19:55:21","guid":{"rendered":"http:\/\/www.evafm.net\/sitio\/?p=37576"},"modified":"2018-08-21T14:55:21","modified_gmt":"2018-08-21T19:55:21","slug":"una-alianza-en-la-cocina-y-otra-espera-en-el-congelador","status":"publish","type":"post","link":"https:\/\/www.evafm.net\/sitio\/una-alianza-en-la-cocina-y-otra-espera-en-el-congelador\/","title":{"rendered":"Una alianza en la cocina y otra espera en el congelador"},"content":{"rendered":"<p>El juego de la\u00a0<b>pol\u00edtica<\/b>. La que parec\u00eda ser una alianza l\u00f3gica y casi que en firme para las elecciones de marzo de 2019 pas\u00f3 al congelador, mientras que una que no se vislumbraba en el radar electoral se est\u00e1 cocinando.<\/p>\n<p>Las realidades de estas coaliciones salen a la luz luego de la presentaci\u00f3n y proclamaci\u00f3n oficial de dos candidaturas a la<b>\u00a0Alcald\u00eda de Guayaquil:<\/b>\u00a0<b>Cynthia<\/b><b>Viteri<\/b>, por el<b>\u00a0Partido Social Cristiano<\/b>; y\u00a0<b>Jimmy<\/b>\u00a0<b>Jairala<\/b>, por el movimiento Centro Democr\u00e1tico.<\/p>\n<p>Luego de conversaciones a\u00fan en proceso, esta \u00faltima organizaci\u00f3n pol\u00edtica se dispone solo a aguardar y lanza el bal\u00f3n a la cancha del movimiento PAIS, con el que espera concretar la alianza.<\/p>\n<p>\u201cYa es decisi\u00f3n de ellos cu\u00e1ndo sea el mejor momento de anunciar el apoyo o no a Jimmy Jairala&#8230; la candidatura de Jimmy no es negociable\u201d, coment\u00f3 a\u00a0<b>EXPRESO<\/b>\u00a0el director del movimiento naranja en Guayaquil, Jorge V\u00e9lez.<\/p>\n<p>El v\u00ednculo entre\u00a0<b>Centro Democr\u00e1tico\u00a0<\/b>y\u00a0<b>PAIS<\/b>\u00a0es muy estrecho.<\/p>\n<p>El movimiento de\u00a0<b>Jairala<\/b>\u00a0apoy\u00f3 en las elecciones presidenciales a PAIS, en la consulta popular de febrero, est\u00e1n cogobernando juntos y, adem\u00e1s, ha manifestado su respaldo a la precandidatura a la Prefectura del\u00a0<b>Guayas<\/b>\u00a0del gobernador Jos\u00e9 Francisco Cevallos.<\/p>\n<p>Sin embargo, la dirigencia en Guayas prefiere tomarse su tiempo.<\/p>\n<p>Rommel Salazar, director provincial del movimiento oficialista, al ser consultado por\u00a0<b>EXPRESO<\/b>\u00a0sobre las declaraciones de V\u00e9lez dijo que considera al prefecto del Guayas como un buen candidato, \u201cpero somos la primera fuerza pol\u00edtica del pa\u00eds y las definiciones se dar\u00e1n en las pr\u00f3ximas semanas\u201d.<\/p>\n<p>Una alianza que no se ve\u00eda venir es la del\u00a0<b>Partido Social Cristiano\u00a0<\/b>y\u00a0<b>SUMA<\/b>. Luego del quiebre de la Unidad en 2017, que inici\u00f3 con la presentaci\u00f3n de la\u00a0<b>candidatura<\/b>\u00a0presidencial de\u00a0<b>Cynthia<\/b>\u00a0<b>Viteri<\/b>, ahora vuelven a dialogar, curiosamente, en torno a la candidatura de esa misma persona para la Alcald\u00eda de Guayaquil. Guillermo Celi, presidente nacional (e) de SUMA, reconoce que existen acercamientos en el m\u00e1s alto nivel y ya encuentra coincidencias con las propuestas de Viteri como la continuidad del modelo de gesti\u00f3n actual y la creaci\u00f3n de centros para la prevenci\u00f3n del consumo de drogas. \u201cHemos conversado con el alcalde Jaime Nebot y eso permite ir conociendo de primera mano el programa de acci\u00f3n para este nuevo periodo con la candidatura de Viteri\u201d, coment\u00f3 Celi, quien precis\u00f3 que a finales de octubre tendr\u00e1n una decisi\u00f3n.<\/p>\n<p>Si ambas organizaciones compartir\u00e1n o no candidaturas en listas tambi\u00e9n est\u00e1 en an\u00e1lisis dentro del\u00a0<b>socialcristianismo<\/b>. Pascual del Cioppo, presidente nacional, aclara que esa decisi\u00f3n deber\u00e1 ser tomada por la asamblea en consulta con Nebot.<\/p>\n<p>No niega que existe un acercamiento con SUMA y que el partido est\u00e1 abierto a conversar con todas las agrupaciones que coincidan con el plan y el nombre de Viteri.<\/p>\n<div class=\"paragraph\">\n<p>Pais &#8211; Centro Democr\u00e1tico<\/p>\n<\/div>\n<div class=\"multimediaMacroWrapper\">\n<div class=\"contentMedia art-img\">\n<figure class=\"cutlineShow\">\n<div><img fetchpriority=\"high\" decoding=\"async\" class=\" lazyloaded\" title=\"Una alianza en la cocina y otra espera en el congelador\" src=\"https:\/\/www.expreso.ec\/placeholder\/svg\/viewbox\/732x412\" alt=\"Una alianza en la cocina y otra espera en el congelador\" width=\"732\" height=\"412\" \/><\/div>\n<div class=\"cutline\">Rommel Salazar, director en Guayas de Pais.<\/div>\n<\/figure>\n<\/div>\n<\/div>\n<div class=\"paragraph\">\n<p><b>Los di\u00e1logos van m\u00e1s all\u00e1 de los cuadros<\/b><\/p>\n<p>\u201cLas alianzas van en l\u00edneas program\u00e1ticas, en objetivos comunes que beneficien al pueblo. Creemos que Jimmy Jairala es un buen candidato, sin lugar a dudas, pero seguimos siendo la primera fuerza pol\u00edtica en el Ecuador\u201d.<\/p>\n<\/div>\n<div class=\"multimediaMacroWrapper\">\n<div class=\"contentMedia art-img\">\n<figure class=\"cutlineShow\">\n<div><img fetchpriority=\"high\" decoding=\"async\" class=\" lazyloaded\" title=\"Una alianza en la cocina y otra espera en el congelador\" src=\"https:\/\/www.expreso.ec\/placeholder\/svg\/viewbox\/732x412\" alt=\"Una alianza en la cocina y otra espera en el congelador\" width=\"732\" height=\"412\" \/><\/div>\n<div class=\"cutline\">Jorge V\u00e9lez, director de CD en Guayaquil<\/div>\n<\/figure>\n<\/div>\n<\/div>\n<div class=\"paragraph\">\n<p><b>Ya tomamos nuestras decisiones<\/b><\/p>\n<p>\u201cSer\u00eda una alianza l\u00f3gica, pero esa es la din\u00e1mica de la pol\u00edtica. Es decisi\u00f3n de ellos (PAIS) cu\u00e1ndo ser\u00e1 el mejor momento para decidir apoyar o no a Jimmy Jairala, aunque en su convenci\u00f3n mocionaron a un asamble\u00edsta para la Alcald\u00eda\u201d.<\/p>\n<p><b>Partido Social Cristiano &#8211; SUMA<\/b><\/p>\n<\/div>\n<div class=\"multimediaMacroWrapper\">\n<div class=\"contentMedia art-img\">\n<figure class=\"cutlineShow\">\n<div><img fetchpriority=\"high\" decoding=\"async\" class=\" lazyloaded\" title=\"Una alianza en la cocina y otra espera en el congelador\" src=\"https:\/\/www.expreso.ec\/placeholder\/svg\/viewbox\/732x412\" alt=\"Una alianza en la cocina y otra espera en el congelador\" width=\"732\" height=\"412\" \/><\/div>\n<div class=\"cutline\">Pascual del Cioppo, presidente nacional del PSC<\/div>\n<\/figure>\n<\/div>\n<\/div>\n<div class=\"paragraph\">\n<p><b>Son invitados a unirse a esta candidatura<\/b><\/p>\n<p>\u201cUna eventual alianza deber\u00e1 decidirla la asamblea provincial. Tambi\u00e9n tendr\u00e1 la opini\u00f3n importante del l\u00edder Jaime Nebot. En todo caso, invitar a unirse a nosotros y est\u00e1 bienvenida SUMA como cualquier otra organizaci\u00f3n pol\u00edtica y social\u201d.<\/p>\n<\/div>\n<div class=\"multimediaMacroWrapper\">\n<div class=\"contentMedia art-img\">\n<figure class=\"cutlineShow\">\n<div><img fetchpriority=\"high\" decoding=\"async\" class=\" lazyloaded\" title=\"Una alianza en la cocina y otra espera en el congelador\" src=\"https:\/\/www.expreso.ec\/placeholder\/svg\/viewbox\/732x412\" alt=\"Una alianza en la cocina y otra espera en el congelador\" width=\"732\" height=\"412\" \/><\/div>\n<div class=\"cutline\">Guillermo Celi, presidente nacional (e) de SUMA<\/div>\n<\/figure>\n<\/div>\n<\/div>\n<div class=\"paragraph\">\n<p><b>La alianza es para generar listas conjuntas<\/b><\/p>\n<p>\u201cEl modelo de gesti\u00f3n del alcalde Nebot ha permitido mejorar la calidad de vida de los guayaquile\u00f1os&#8230; Tenemos algunos temas con los que podr\u00edamos abonar y consolidar a\u00fan m\u00e1s un modelo que es importante para los guayaquile\u00f1os\u201d.<\/p>\n<p>Fuente: expreso.ec<\/p>\n<\/div>\n<div class=\"gsp_post_data\" \r\n\t            data-post_type=\"post\" \r\n\t            data-cat=\"noticias-ecuador\" \r\n\t            data-modified=\"120\"\r\n\t            data-created=\"1534863321\"\r\n\t            data-title=\"Una alianza en la cocina y otra espera en el congelador\" \r\n\t            data-home=\"https:\/\/www.evafm.net\/sitio\"><\/div>","protected":false},"excerpt":{"rendered":"<p>El juego de la\u00a0pol\u00edtica. La que parec\u00eda ser una alianza l\u00f3gica y casi que en firme para las elecciones de marzo de 2019 pas\u00f3 al congelador, mientras que una que no se vislumbraba en el radar electoral se est\u00e1 cocinando. Las realidades de estas coaliciones salen a la luz luego de la presentaci\u00f3n y proclamaci\u00f3n&#8230;<\/p>\n","protected":false},"author":5,"featured_media":37577,"comment_status":"closed","ping_status":"open","sticky":false,"template":"","format":"standard","meta":{"_joinchat":[],"footnotes":""},"categories":[1558],"tags":[],"class_list":["post-37576","post","type-post","status-publish","format-standard","has-post-thumbnail","hentry","category-noticias-ecuador","have-post-thumb"],"_links":{"self":[{"href":"https:\/\/www.evafm.net\/sitio\/wp-json\/wp\/v2\/posts\/37576","targetHints":{"allow":["GET"]}}],"collection":[{"href":"https:\/\/www.evafm.net\/sitio\/wp-json\/wp\/v2\/posts"}],"about":[{"href":"https:\/\/www.evafm.net\/sitio\/wp-json\/wp\/v2\/types\/post"}],"author":[{"embeddable":true,"href":"https:\/\/www.evafm.net\/sitio\/wp-json\/wp\/v2\/users\/5"}],"replies":[{"embeddable":true,"href":"https:\/\/www.evafm.net\/sitio\/wp-json\/wp\/v2\/comments?post=37576"}],"version-history":[{"count":1,"href":"https:\/\/www.evafm.net\/sitio\/wp-json\/wp\/v2\/posts\/37576\/revisions"}],"predecessor-version":[{"id":37578,"href":"https:\/\/www.evafm.net\/sitio\/wp-json\/wp\/v2\/posts\/37576\/revisions\/37578"}],"wp:featuredmedia":[{"embeddable":true,"href":"https:\/\/www.evafm.net\/sitio\/wp-json\/wp\/v2\/media\/37577"}],"wp:attachment":[{"href":"https:\/\/www.evafm.net\/sitio\/wp-json\/wp\/v2\/media?parent=37576"}],"wp:term":[{"taxonomy":"category","embeddable":true,"href":"https:\/\/www.evafm.net\/sitio\/wp-json\/wp\/v2\/categories?post=37576"},{"taxonomy":"post_tag","embeddable":true,"href":"https:\/\/www.evafm.net\/sitio\/wp-json\/wp\/v2\/tags?post=37576"}],"curies":[{"name":"wp","href":"https:\/\/api.w.org\/{rel}","templated":true}]}}