{"id":37579,"date":"2018-08-21T15:00:13","date_gmt":"2018-08-21T20:00:13","guid":{"rendered":"http:\/\/www.evafm.net\/sitio\/?p=37579"},"modified":"2018-08-21T15:00:13","modified_gmt":"2018-08-21T20:00:13","slug":"la-oiea-aseguro-que-corea-del-norte-no-ha-frenado-su-desarrollo-nuclear","status":"publish","type":"post","link":"https:\/\/www.evafm.net\/sitio\/la-oiea-aseguro-que-corea-del-norte-no-ha-frenado-su-desarrollo-nuclear\/","title":{"rendered":"La OIEA asegur\u00f3 que Corea del Norte no ha frenado su desarrollo nuclear"},"content":{"rendered":"<div class=\"row\">\n<div class=\"col-xs-12 col-print-12\">\n<p class=\"element element-paragraph\">El r\u00e9gimen Corea del Norte<strong>\u00a0contin\u00faa con sus actividades nucleares pese a la intenci\u00f3n de desnuclearizaci\u00f3n expresada por el l\u00edder Kim Jong-un meses atr\u00e1s<\/strong>, advirti\u00f3 el Organismo Internacional de Energ\u00eda At\u00f3mica (OIEA) en un informe\u00a0publicado este martes.<\/p>\n<\/div>\n<\/div>\n<div class=\"row\">\n<div class=\"col-xs-12 col-print-12\">\n<p class=\"element element-paragraph\"><strong>\u00abLa continuaci\u00f3n y desarrollo del programa nuclear de la Rep\u00fablica Democr\u00e1tica Popular de Corea del Norte son extremadamente preocupantes\u00bb<\/strong>, estima el director general de la agencia, Yukiya Amano, en este informe que se someter\u00e1 a la asamblea general anual del OIEA en septiembre.<\/p>\n<\/div>\n<\/div>\n<div class=\"row\">\n<div class=\"col-xs-12 col-print-12\">\n<p class=\"element element-paragraph\">La agencia de la ONU,\u00a0<strong>que no tiene presencia en Corea del Norte desde la expulsi\u00f3n de sus inspectores en abril de 2009<\/strong>, revel\u00f3 espec\u00edficamente que dispon\u00eda de informaci\u00f3n sobre actividades relacionadas al<strong>\u00a0\u00ablaboratorio radioqu\u00edmico\u00bb norcoreano \u00abentre finales de abril y principios de mayo de 2018\u00bb,<\/strong>\u00a0es decir, despu\u00e9s de la cumbre de las dos Coreas de abril.<\/p>\n<div class=\"row\">\n<div class=\"col-xs-12 col-print-12\">\n<p class=\"element element-paragraph\">Adem\u00e1s la agencia se\u00f1ala que<strong>\u00a0el reactor experimental de Yongbyon contin\u00faa su \u00abciclo operativo\u00bb iniciado en diciembre de 2015.<\/strong><\/p>\n<\/div>\n<\/div>\n<div class=\"row\">\n<div class=\"col-xs-12 col-print-12\">\n<p class=\"element element-paragraph\">La OIEA subray\u00f3 por otro lado que\u00a0<strong>Pyongyang continuaba con la construcci\u00f3n de su reactor de agua liviana,<\/strong>\u00a0as\u00ed como con la extracci\u00f3n y concentraci\u00f3n de uranio en su sitio de Pyongsan.<\/p>\n<\/div>\n<\/div>\n<div class=\"row\">\n<div class=\"col-xs-12 col-print-12\">\n<p class=\"element element-paragraph\">Amano consider\u00f3 como \u00abprofundamente lamentable\u00bb estas actividades que violan las resoluciones del Consejo de Seguridad de la ONU y<strong>\u00a0llam\u00f3 una vez m\u00e1s a Corea del Norte a \u00abcumplir plenamente con sus obligaciones\u00bb internacionales.<\/strong>\u00a0Destac\u00f3 que la OIEA est\u00e1 lista para retomar r\u00e1pidamente sus inspecciones en el terreno.<\/p>\n<\/div>\n<\/div>\n<div class=\"row\">\n<div class=\"col-xs-12 col-print-12\">\n<p class=\"element element-paragraph\">Kim Jong-un reafirm\u00f3 el 12 de junio su compromiso a favor de una \u00abdesnuclearizaci\u00f3n completa de la pen\u00ednsula coreana\u00bb,\u00a0<strong>en una reuni\u00f3n sin precedentes con el presidente de Estados Unidos, Donald Trump.<\/strong><\/p>\n<div class=\"row\">\n<div class=\"col-xs-12 col-print-12\">\n<p class=\"element element-paragraph\">El dictador norcoreano<strong>\u00a0hab\u00eda afirmado este objetivo el 27 de abril en una reuni\u00f3n con el presidente surcoreano Moon Jae-in,<\/strong>\u00a0pero estas declaraciones de intenci\u00f3n no fueron acompa\u00f1adas de ning\u00fan calendario ni modalidades para llevarlas a cabo,\u00a0<strong>muy lejos de la desnuclearizaci\u00f3n \u00abcompleta, verificable e irreversible\u00bb exigida por Estados Unidos.<\/strong><\/p>\n<\/div>\n<\/div>\n<div class=\"row\">\n<div class=\"col-xs-12 col-print-12\">\n<p class=\"element element-paragraph\"><strong>El Departamento de Estado estadounidense dijo la semana pasada que las discusiones con Corea del Norte iban \u00aben buena direcci\u00f3n\u00bb<\/strong>, al mencionar las reuniones a puerta cerrada entre Washington y Pyongyang.<\/p>\n<\/div>\n<\/div>\n<div class=\"row\">\n<div class=\"col-xs-12 col-print-12\">\n<p class=\"element element-paragraph\">En tanto las dos Coreas tienen prevista una nueva cumbre en septiembre en Pyongyang.<\/p>\n<div class=\"single-image\">\n<div class=\"shares\">\n<div class=\"share-button facebook\"><\/div>\n<\/div>\n<p><img decoding=\"async\" id=\"IBLJBZSQTBE27D7T25GAHDYV5Q\" class=\"image-lazy\" src=\"https:\/\/www.infobae.com\/new-resizer\/nhQsbBLXQKwrr34c3xoY1JYCNag=\/600x0\/filters:quality(100)\/s3.amazonaws.com\/arc-wordpress-client-uploads\/infobae-wp\/wp-content\/uploads\/2018\/06\/27045122\/planta-nuclear-Yongbyon-corea-del-norte-Reuters.jpg\" alt=\"La planta nuclear de Yongbyon (Kyodo\/Reuters\/archivo)\" width=\"750\" height=\"450.0\" \/><\/div>\n<p><span class=\"credit\">La planta nuclear de Yongbyon (Kyodo\/Reuters\/archivo)<\/span><\/p>\n<div class=\"single-image\">\n<div class=\"shares\">\n<div class=\"share-button facebook\"><\/div>\n<\/div>\n<p><img decoding=\"async\" id=\"VOBRLMMJLZB3NB7ZCVJFZKLGTY\" class=\"image-lazy\" src=\"https:\/\/www.infobae.com\/new-resizer\/mf6D-gZRtZ4VbluY6gl_9q0Uqhg=\/600x0\/filters:quality(100)\/s3.amazonaws.com\/arc-wordpress-client-uploads\/infobae-wp\/wp-content\/uploads\/2018\/06\/12030905\/encuentro-trump-kim-jong-un-singapur-16.jpg\" alt=\"Kim Jong -un y Donald Trump en la cumbre de Singapur el 12 de junio de 2018 (Reuters)\" width=\"750\" height=\"421.875\" \/><\/div>\n<p><span class=\"credit\">Kim Jong -un y Donald Trump en la cumbre de Singapur el 12 de junio de 2018 (Reuters)<\/span><\/p>\n<\/div>\n<\/div>\n<div class=\"row\">\n<div class=\"col-xs-12 col-print-12\">\n<p class=\"element element-paragraph\"><em>Con informaci\u00f3n de AFP y Reuters<\/em><\/p>\n<\/div>\n<\/div>\n<\/div>\n<\/div>\n<\/div>\n<\/div>\n<div class=\"gsp_post_data\" \r\n\t            data-post_type=\"post\" \r\n\t            data-cat=\"general,noticias-internacionales\" \r\n\t            data-modified=\"120\"\r\n\t            data-created=\"1534863613\"\r\n\t            data-title=\"La OIEA asegur\u00f3 que Corea del Norte no ha frenado su desarrollo nuclear\" \r\n\t            data-home=\"https:\/\/www.evafm.net\/sitio\"><\/div>","protected":false},"excerpt":{"rendered":"<p>El r\u00e9gimen Corea del Norte\u00a0contin\u00faa con sus actividades nucleares pese a la intenci\u00f3n de desnuclearizaci\u00f3n expresada por el l\u00edder Kim Jong-un meses atr\u00e1s, advirti\u00f3 el Organismo Internacional de Energ\u00eda At\u00f3mica (OIEA) en un informe\u00a0publicado este martes. \u00abLa continuaci\u00f3n y desarrollo del programa nuclear de la Rep\u00fablica Democr\u00e1tica Popular de Corea del Norte son extremadamente preocupantes\u00bb,&#8230;<\/p>\n","protected":false},"author":5,"featured_media":37580,"comment_status":"closed","ping_status":"open","sticky":false,"template":"","format":"standard","meta":{"_joinchat":[],"footnotes":""},"categories":[1720,1345],"tags":[],"class_list":["post-37579","post","type-post","status-publish","format-standard","has-post-thumbnail","hentry","category-general","category-noticias-internacionales","have-post-thumb"],"_links":{"self":[{"href":"https:\/\/www.evafm.net\/sitio\/wp-json\/wp\/v2\/posts\/37579","targetHints":{"allow":["GET"]}}],"collection":[{"href":"https:\/\/www.evafm.net\/sitio\/wp-json\/wp\/v2\/posts"}],"about":[{"href":"https:\/\/www.evafm.net\/sitio\/wp-json\/wp\/v2\/types\/post"}],"author":[{"embeddable":true,"href":"https:\/\/www.evafm.net\/sitio\/wp-json\/wp\/v2\/users\/5"}],"replies":[{"embeddable":true,"href":"https:\/\/www.evafm.net\/sitio\/wp-json\/wp\/v2\/comments?post=37579"}],"version-history":[{"count":1,"href":"https:\/\/www.evafm.net\/sitio\/wp-json\/wp\/v2\/posts\/37579\/revisions"}],"predecessor-version":[{"id":37581,"href":"https:\/\/www.evafm.net\/sitio\/wp-json\/wp\/v2\/posts\/37579\/revisions\/37581"}],"wp:featuredmedia":[{"embeddable":true,"href":"https:\/\/www.evafm.net\/sitio\/wp-json\/wp\/v2\/media\/37580"}],"wp:attachment":[{"href":"https:\/\/www.evafm.net\/sitio\/wp-json\/wp\/v2\/media?parent=37579"}],"wp:term":[{"taxonomy":"category","embeddable":true,"href":"https:\/\/www.evafm.net\/sitio\/wp-json\/wp\/v2\/categories?post=37579"},{"taxonomy":"post_tag","embeddable":true,"href":"https:\/\/www.evafm.net\/sitio\/wp-json\/wp\/v2\/tags?post=37579"}],"curies":[{"name":"wp","href":"https:\/\/api.w.org\/{rel}","templated":true}]}}