{"id":37585,"date":"2018-08-21T15:21:19","date_gmt":"2018-08-21T20:21:19","guid":{"rendered":"http:\/\/www.evafm.net\/sitio\/?p=37585"},"modified":"2018-08-21T15:21:19","modified_gmt":"2018-08-21T20:21:19","slug":"el-nacional-empato-al-guayaquil-city-con-gol-de-bryan-de-jesus","status":"publish","type":"post","link":"https:\/\/www.evafm.net\/sitio\/el-nacional-empato-al-guayaquil-city-con-gol-de-bryan-de-jesus\/","title":{"rendered":"El Nacional empat\u00f3 al Guayaquil City con gol de Bryan de Jes\u00fas"},"content":{"rendered":"<p>El Guayaquil City estaba gananado en el Ol\u00edmpico Atahualpa, pero Bryan De Jes\u00fas sali\u00f3 al rescate de El Nacional con su gol al minuto 90 para firmar el empate a 1, este lunes en el Ol\u00edmpico Atahualpa, en el cierre de la quinta jornada de la segunda etapa.<\/p>\n<p>Parec\u00eda que el respiro iba a ser para el equipo ciudadano y su entrenador, Pool Gavil\u00e1nez, comprometido por el pen\u00faltimo puesto de la tabla acumulada que arrastran sus dirigidos.<\/p>\n<p>El gol de Michael Hoyos al minuto 54 era un baldazo de agua fr\u00eda para el DT militar Eduardo Favaro, testigo de honor de las ocasiones que desperdiciaron Daniel Angulo (12m y 19m), Javier Qui\u00f1\u00f3nez (22m), Adolfo Mu\u00f1oz (23m y 41m) en el primer tiempo.<\/p>\n<p>Err\u00e1ticos y sin punter\u00eda los puros criollos, los guayaquile\u00f1os aprovecharon la primera oportunidad que se les present\u00f3.<\/p>\n<p>De un centro de Jonathan Perlaza desde el costado izquierdo, que sobr\u00f3 a un defensa del Rojo, Michael Hoyos tom\u00f3 el bal\u00f3n, enganch\u00f3 hacia dentro y remat\u00f3 fino sobre el costado derecho del portero Jairo Padilla.<\/p>\n<p>Desde luego, los militares se lanzaron en busca del empate; no obstante, la p\u00f3lvora estaba mojada.<\/p>\n<div class=\"panel-pane pane-views pane-datos-nota-ampliada pane-node-body\">\n<div class=\"pane-content\">\n<div class=\"view view-datos-nota-ampliada view-id-datos_nota_ampliada view-display-id-block_11 view-dom-id-e7afb798bcadec167be67365ae97ba09\">\n<div class=\"view-content\">\n<div class=\"views-row views-row-1 views-row-odd views-row-first views-row-last\">\n<div class=\"views-field views-field-body\">\n<div class=\"field-content\">\n<div class=\"field-name-body\">\n<p>Guayaquil City cuidaba el resultado y esperaba. En los minutos finales pudieron sentenciarlo pero Mauro Bustamante, al igual que los militares, no tuvo punter\u00eda: defini\u00f3 muy alto en una jugada que remat\u00f3 al andar (81m).<\/p>\n<p>Pero El Nacional se vali\u00f3 de un error defensivo de Jos\u00e9 Hurtado, quien hab\u00eda ingresado a 19 minutos del final. Corr\u00eda el 90m y De Jes\u00fas, en el lugar preciso, aprovech\u00f3 la falla del zaguero remat\u00f3 al fondo de las redes para certificar la igualdad 1 a 1. (D)<\/p>\n<p>https:\/\/youtu.be\/wzKTwt2jtrI<\/p>\n<p>Fuente: eluniverso.comtube.com<\/p>\n<\/div>\n<\/div>\n<\/div>\n<div class=\"views-field views-field-php\"><\/div>\n<\/div>\n<\/div>\n<\/div>\n<\/div>\n<\/div>\n<div class=\"panel-pane pane-block pane-addtoany-addtoany-button pane-addtoany block-addtoany-addtoany-button btn-redes\">\n<div class=\"pane-content\"><\/div>\n<\/div>\n<div class=\"panel-pane pane-views pane-datos-nota-ampliada element-hide-mobile tokens-nota\">\n<div class=\"pane-content\">\n<div class=\"view view-datos-nota-ampliada view-id-datos_nota_ampliada view-display-id-block_6 nota-tokens view-dom-id-040877bec022f0e5ba470ce1c7b38269\">\n<div class=\"view-content\">\n<div class=\"views-row views-row-1 views-row-odd views-row-first views-row-last\">\n<div class=\"views-field views-field-field-topicos\">\n<div class=\"field-content\"><\/div>\n<\/div>\n<div class=\"views-field views-field-field-keywords\">\n<div class=\"field-content\">\n<div class=\"item-list\"><\/div>\n<\/div>\n<\/div>\n<\/div>\n<\/div>\n<\/div>\n<\/div>\n<\/div>\n<div class=\"gsp_post_data\" \r\n\t            data-post_type=\"post\" \r\n\t            data-cat=\"deportes-ecuador\" \r\n\t            data-modified=\"120\"\r\n\t            data-created=\"1534864879\"\r\n\t            data-title=\"El Nacional empat\u00f3 al Guayaquil City con gol de Bryan de Jes\u00fas\" \r\n\t            data-home=\"https:\/\/www.evafm.net\/sitio\"><\/div>","protected":false},"excerpt":{"rendered":"<p>El Guayaquil City estaba gananado en el Ol\u00edmpico Atahualpa, pero Bryan De Jes\u00fas sali\u00f3 al rescate de El Nacional con su gol al minuto 90 para firmar el empate a 1, este lunes en el Ol\u00edmpico Atahualpa, en el cierre de la quinta jornada de la segunda etapa. Parec\u00eda que el respiro iba a ser&#8230;<\/p>\n","protected":false},"author":5,"featured_media":37588,"comment_status":"closed","ping_status":"open","sticky":false,"template":"","format":"standard","meta":{"_joinchat":[],"footnotes":""},"categories":[1557],"tags":[],"class_list":["post-37585","post","type-post","status-publish","format-standard","has-post-thumbnail","hentry","category-deportes-ecuador","have-post-thumb"],"_links":{"self":[{"href":"https:\/\/www.evafm.net\/sitio\/wp-json\/wp\/v2\/posts\/37585","targetHints":{"allow":["GET"]}}],"collection":[{"href":"https:\/\/www.evafm.net\/sitio\/wp-json\/wp\/v2\/posts"}],"about":[{"href":"https:\/\/www.evafm.net\/sitio\/wp-json\/wp\/v2\/types\/post"}],"author":[{"embeddable":true,"href":"https:\/\/www.evafm.net\/sitio\/wp-json\/wp\/v2\/users\/5"}],"replies":[{"embeddable":true,"href":"https:\/\/www.evafm.net\/sitio\/wp-json\/wp\/v2\/comments?post=37585"}],"version-history":[{"count":1,"href":"https:\/\/www.evafm.net\/sitio\/wp-json\/wp\/v2\/posts\/37585\/revisions"}],"predecessor-version":[{"id":37589,"href":"https:\/\/www.evafm.net\/sitio\/wp-json\/wp\/v2\/posts\/37585\/revisions\/37589"}],"wp:featuredmedia":[{"embeddable":true,"href":"https:\/\/www.evafm.net\/sitio\/wp-json\/wp\/v2\/media\/37588"}],"wp:attachment":[{"href":"https:\/\/www.evafm.net\/sitio\/wp-json\/wp\/v2\/media?parent=37585"}],"wp:term":[{"taxonomy":"category","embeddable":true,"href":"https:\/\/www.evafm.net\/sitio\/wp-json\/wp\/v2\/categories?post=37585"},{"taxonomy":"post_tag","embeddable":true,"href":"https:\/\/www.evafm.net\/sitio\/wp-json\/wp\/v2\/tags?post=37585"}],"curies":[{"name":"wp","href":"https:\/\/api.w.org\/{rel}","templated":true}]}}