{"id":37590,"date":"2018-08-21T15:26:23","date_gmt":"2018-08-21T20:26:23","guid":{"rendered":"http:\/\/www.evafm.net\/sitio\/?p=37590"},"modified":"2018-08-21T15:26:23","modified_gmt":"2018-08-21T20:26:23","slug":"jonathan-caicedo-primer-campeon-ecuatoriano-de-la-vuelta-a-colombia","status":"publish","type":"post","link":"https:\/\/www.evafm.net\/sitio\/jonathan-caicedo-primer-campeon-ecuatoriano-de-la-vuelta-a-colombia\/","title":{"rendered":"Jonathan Caicedo, primer campe\u00f3n ecuatoriano de la Vuelta a Colombia"},"content":{"rendered":"<div id=\"p_p_id_contentviewerportlet_WAR_newsportlet_INSTANCE_b4cc74b999554346a59a84c97c8c0814_\" class=\"portlet-boundary   portlet-static portlet-static-end portlet-boundary_contentviewerportlet_WAR_newsportlet_ content-viewer-portlet \">\n<div class=\"td-portlet itr-rm\">\n<section id=\"portlet_contentviewerportlet_WAR_newsportlet_INSTANCE_b4cc74b999554346a59a84c97c8c0814\" class=\"portlet itr-rm\">\n<div class=\"portlet-content itr-rm\">\n<div class=\" itr-rm portlet-content-container\">\n<div class=\"portlet-body itr-rm \">\n<div class=\"last td-viewer full-access\">\n<div class=\"template-33\">\n<div class=\"left-block\">\n<div class=\"text small resizable\">\n<div class=\"paragraph\">\n<p>El ciclista ecuatoriano\u00a0<b>Jonathan Caicedo<\/b>\u00a0sell\u00f3 una gran participaci\u00f3n en la competencia m\u00e1s importante de la regi\u00f3n y se convirti\u00f3, este domingo 19 de agosto, en el primer ecuatoriano en ganar la\u00a0<b>Vuelta a Colombi<\/b>a. El carchense corri\u00f3 con el Team Medell\u00edn y fue la gran sorpresa de esta edici\u00f3n.<\/p>\n<p>De hecho, dentro de su equipo el favorito era Oscar Sevilla, quien finalmente se qued\u00f3 con el tercer lugar.<\/p>\n<p>Caicedo fue l\u00edder de la Vuelta desde la cuarta etapa y ya no solt\u00f3 la posici\u00f3n hasta el final.<\/p>\n<p>Con un tiempo de 49:59:48, el ecuatoriano se volvi\u00f3 inalcanzable y se sac\u00f3 la espina del a\u00f1o pasado, cuando qued\u00f3 en la cuarta posici\u00f3n, a s\u00f3lo 12 segundos de pisar el podio.<\/p>\n<p>\u201cCreo que esta carrera es lo m\u00e1s grand<b>e\u00a0<\/b>que hay en Colombia. Nada de esto hubiera sido posible sin mis compa\u00f1eros de equipo.<\/p>\n<p>Estoy muy agradecido con ellos y con mi entrenador Jos\u00e9 Juli\u00e1n Vel\u00e1squez por toda la confianza y aqu\u00ed la estoy devolviendo con este importante\u00a0<b>triunfo<\/b>\u201d, dijo el ciclista a los medios tras ser premiado.<\/p>\n<p>Luego de este gran logro, el m\u00e1s importante de su carrera, el deportista de 25 a\u00f1os espera concretar su fichaje a la\u00a0<b>\u00e9lite del ciclismo<\/b>. \u201cQuiero correr en Europa.<\/p>\n<p>Este a\u00f1os hice buenas carreras en Espa\u00f1a. En la Vuelta a Asturias y en la Vuelta a Madrid hice buenas presentaciones.<\/p>\n<p>Mi futuro est\u00e1 muy encaminado en varios equipos que me quieren tener\u201d, asegur\u00f3.<\/p>\n<\/div>\n<\/div>\n<\/div>\n<div class=\"cl\">Fuente: expreso.ec<\/div>\n<\/div>\n<\/div>\n<\/div>\n<\/div>\n<\/div>\n<\/section>\n<\/div>\n<\/div>\n<div class=\"gsp_post_data\" \r\n\t            data-post_type=\"post\" \r\n\t            data-cat=\"deportes-internacionales,general\" \r\n\t            data-modified=\"120\"\r\n\t            data-created=\"1534865183\"\r\n\t            data-title=\"Jonathan Caicedo, primer campe\u00f3n ecuatoriano de la Vuelta a Colombia\" \r\n\t            data-home=\"https:\/\/www.evafm.net\/sitio\"><\/div>","protected":false},"excerpt":{"rendered":"<p>El ciclista ecuatoriano\u00a0Jonathan Caicedo\u00a0sell\u00f3 una gran participaci\u00f3n en la competencia m\u00e1s importante de la regi\u00f3n y se convirti\u00f3, este domingo 19 de agosto, en el primer ecuatoriano en ganar la\u00a0Vuelta a Colombia. El carchense corri\u00f3 con el Team Medell\u00edn y fue la gran sorpresa de esta edici\u00f3n. De hecho, dentro de su equipo el favorito&#8230;<\/p>\n","protected":false},"author":5,"featured_media":37591,"comment_status":"closed","ping_status":"open","sticky":false,"template":"","format":"standard","meta":{"_joinchat":[],"footnotes":""},"categories":[1342,1720],"tags":[],"class_list":["post-37590","post","type-post","status-publish","format-standard","has-post-thumbnail","hentry","category-deportes-internacionales","category-general","have-post-thumb"],"_links":{"self":[{"href":"https:\/\/www.evafm.net\/sitio\/wp-json\/wp\/v2\/posts\/37590","targetHints":{"allow":["GET"]}}],"collection":[{"href":"https:\/\/www.evafm.net\/sitio\/wp-json\/wp\/v2\/posts"}],"about":[{"href":"https:\/\/www.evafm.net\/sitio\/wp-json\/wp\/v2\/types\/post"}],"author":[{"embeddable":true,"href":"https:\/\/www.evafm.net\/sitio\/wp-json\/wp\/v2\/users\/5"}],"replies":[{"embeddable":true,"href":"https:\/\/www.evafm.net\/sitio\/wp-json\/wp\/v2\/comments?post=37590"}],"version-history":[{"count":1,"href":"https:\/\/www.evafm.net\/sitio\/wp-json\/wp\/v2\/posts\/37590\/revisions"}],"predecessor-version":[{"id":37592,"href":"https:\/\/www.evafm.net\/sitio\/wp-json\/wp\/v2\/posts\/37590\/revisions\/37592"}],"wp:featuredmedia":[{"embeddable":true,"href":"https:\/\/www.evafm.net\/sitio\/wp-json\/wp\/v2\/media\/37591"}],"wp:attachment":[{"href":"https:\/\/www.evafm.net\/sitio\/wp-json\/wp\/v2\/media?parent=37590"}],"wp:term":[{"taxonomy":"category","embeddable":true,"href":"https:\/\/www.evafm.net\/sitio\/wp-json\/wp\/v2\/categories?post=37590"},{"taxonomy":"post_tag","embeddable":true,"href":"https:\/\/www.evafm.net\/sitio\/wp-json\/wp\/v2\/tags?post=37590"}],"curies":[{"name":"wp","href":"https:\/\/api.w.org\/{rel}","templated":true}]}}