{"id":37593,"date":"2018-08-21T15:32:01","date_gmt":"2018-08-21T20:32:01","guid":{"rendered":"http:\/\/www.evafm.net\/sitio\/?p=37593"},"modified":"2018-08-21T15:32:01","modified_gmt":"2018-08-21T20:32:01","slug":"lo-de-esta-semana-no-es-un-microciclo","status":"publish","type":"post","link":"https:\/\/www.evafm.net\/sitio\/lo-de-esta-semana-no-es-un-microciclo\/","title":{"rendered":"\u201cLo de esta semana no es un microciclo\u201d"},"content":{"rendered":"<p>El\u00a0<b>Bolillo G\u00f3mez<\/b>\u00a0arranc\u00f3 la noche del domingo 19 de agosto de 2018 con la primera convocatoria de la Tri, de cara a las eliminatorias al Mundial de 2022 y la Copa Am\u00e9rica.<\/p>\n<p>Sin embargo, el estratega colombiano enfatiz\u00f3 en que este \u201cno se trata de un microciclo\u201d, puesto que son apenas dos d\u00edas de\u00a0<b>entrenamientos<\/b>\u00a0y \u201cun microciclo debe durar al menos 15 d\u00edas\u201d.<\/p>\n<p>En rueda de prensa en la\u00a0<b>Casa de la Selecci\u00f3n<\/b>, G\u00f3mez y su cuerpo t\u00e9cnico destac\u00f3 la sangre nueva que llega al\u00a0<b>equipo<\/b>\u00a0ecuatoriano. \u201cVoy a tratar de no traer a ning\u00fan jugador de Europa. Reci\u00e9n empiezan los torneos y eso ser\u00eda desacomodarlos\u201d.<\/p>\n<p>La Tri enfrentar\u00e1 el 7 y 11 de septiembre a Jamaica y Guatemala, respectivamente.<\/p>\n<div id=\"p_p_id_contentviewerportlet_WAR_newsportlet_INSTANCE_b4cc74b999554346a59a84c97c8c0814_\" class=\"portlet-boundary   portlet-static portlet-static-end portlet-boundary_contentviewerportlet_WAR_newsportlet_ content-viewer-portlet \">\n<div class=\"td-portlet itr-rm\">\n<section id=\"portlet_contentviewerportlet_WAR_newsportlet_INSTANCE_b4cc74b999554346a59a84c97c8c0814\" class=\"portlet itr-rm\">\n<div class=\"portlet-content itr-rm\">\n<div class=\" itr-rm portlet-content-container\">\n<div class=\"portlet-body itr-rm \">\n<div class=\"last td-viewer full-access\">\n<div class=\"template-33\">\n<div class=\"left-block\">\n<div class=\"text small resizable\">\n<div class=\"paragraph\">\n<p>Por ello, el Bolillo reuni\u00f3 a sus convocados -con la ausencia de los seis jugadores de Liga de Quito y dos de El Nacional que se vincular\u00e1n el martes-, para entrenar en la Casa de la Selecci\u00f3n. El martes 21 el trabajo se trasladar\u00e1 al estadio Ol\u00edmpico Atahualpa.<\/p>\n<p>El Bolillo tambi\u00e9n inform\u00f3 que la lesi\u00f3n de\u00a0<b>Cristian Noboa\u00a0<\/b>mantendr\u00e1 alejado de las canchas al jugador por al menos seis meses. El ecuatoriano sufri\u00f3 una rotura de ligamentos durante un partido por la Liga de Rusia.<\/p>\n<\/div>\n<\/div>\n<\/div>\n<div class=\"cl\">Fuente: expreso.ec<\/div>\n<\/div>\n<\/div>\n<\/div>\n<\/div>\n<\/div>\n<\/section>\n<\/div>\n<\/div>\n<div class=\"gsp_post_data\" \r\n\t            data-post_type=\"post\" \r\n\t            data-cat=\"deportes-internacionales\" \r\n\t            data-modified=\"120\"\r\n\t            data-created=\"1534865521\"\r\n\t            data-title=\"\u201cLo de esta semana no es un microciclo\u201d\" \r\n\t            data-home=\"https:\/\/www.evafm.net\/sitio\"><\/div>","protected":false},"excerpt":{"rendered":"<p>El\u00a0Bolillo G\u00f3mez\u00a0arranc\u00f3 la noche del domingo 19 de agosto de 2018 con la primera convocatoria de la Tri, de cara a las eliminatorias al Mundial de 2022 y la Copa Am\u00e9rica. Sin embargo, el estratega colombiano enfatiz\u00f3 en que este \u201cno se trata de un microciclo\u201d, puesto que son apenas dos d\u00edas de\u00a0entrenamientos\u00a0y \u201cun microciclo&#8230;<\/p>\n","protected":false},"author":5,"featured_media":37594,"comment_status":"closed","ping_status":"open","sticky":false,"template":"","format":"standard","meta":{"_joinchat":[],"footnotes":""},"categories":[1342],"tags":[],"class_list":["post-37593","post","type-post","status-publish","format-standard","has-post-thumbnail","hentry","category-deportes-internacionales","have-post-thumb"],"_links":{"self":[{"href":"https:\/\/www.evafm.net\/sitio\/wp-json\/wp\/v2\/posts\/37593","targetHints":{"allow":["GET"]}}],"collection":[{"href":"https:\/\/www.evafm.net\/sitio\/wp-json\/wp\/v2\/posts"}],"about":[{"href":"https:\/\/www.evafm.net\/sitio\/wp-json\/wp\/v2\/types\/post"}],"author":[{"embeddable":true,"href":"https:\/\/www.evafm.net\/sitio\/wp-json\/wp\/v2\/users\/5"}],"replies":[{"embeddable":true,"href":"https:\/\/www.evafm.net\/sitio\/wp-json\/wp\/v2\/comments?post=37593"}],"version-history":[{"count":1,"href":"https:\/\/www.evafm.net\/sitio\/wp-json\/wp\/v2\/posts\/37593\/revisions"}],"predecessor-version":[{"id":37595,"href":"https:\/\/www.evafm.net\/sitio\/wp-json\/wp\/v2\/posts\/37593\/revisions\/37595"}],"wp:featuredmedia":[{"embeddable":true,"href":"https:\/\/www.evafm.net\/sitio\/wp-json\/wp\/v2\/media\/37594"}],"wp:attachment":[{"href":"https:\/\/www.evafm.net\/sitio\/wp-json\/wp\/v2\/media?parent=37593"}],"wp:term":[{"taxonomy":"category","embeddable":true,"href":"https:\/\/www.evafm.net\/sitio\/wp-json\/wp\/v2\/categories?post=37593"},{"taxonomy":"post_tag","embeddable":true,"href":"https:\/\/www.evafm.net\/sitio\/wp-json\/wp\/v2\/tags?post=37593"}],"curies":[{"name":"wp","href":"https:\/\/api.w.org\/{rel}","templated":true}]}}