{"id":37627,"date":"2018-08-21T18:12:35","date_gmt":"2018-08-21T23:12:35","guid":{"rendered":"http:\/\/www.evafm.net\/sitio\/?p=37627"},"modified":"2018-08-21T18:12:35","modified_gmt":"2018-08-21T23:12:35","slug":"dos-obras-de-microteatro-en-sala-la-bota","status":"publish","type":"post","link":"https:\/\/www.evafm.net\/sitio\/dos-obras-de-microteatro-en-sala-la-bota\/","title":{"rendered":"Dos obras de microteatro en sala La Bota"},"content":{"rendered":"<p>El Grupo Teatro Ensayo Gestus presenta esta noche dos obras de formato corto.\u00a0<em>Y mis cinco d\u00f3lares qu\u00e9,<\/em>\u00a0basado en textos de Jos\u00e9 Sanchis Sinisterra, y\u00a0<em>Noct\u00e1mbulos<\/em>, de Cristian Cortez.<\/p>\n<p>Estos montajes son parte de la d\u00e9cima edici\u00f3n del festival de teatro Jos\u00e9 Mart\u00ednez Queirolo, que se desarrollar\u00e1 hasta el jueves 23 en la sala La Bota, en el malec\u00f3n del Salado, en la av. 9 de Octubre.<\/p>\n<p>Bernardo Men\u00e9ndez en\u00a0<em>Y mis cinco d\u00f3lares qu\u00e9<\/em>\u00a0interpreta al conserje de un teatro, quien advierte a los asistentes que la obra que quieren ver no se realiza en el escenario principal y explica, a su manera, c\u00f3mo ser\u00e1 el montaje.<\/p>\n<p>En cambio, en\u00a0<em>Noct\u00e1mbulos,\u00a0<\/em>Azucena Mora y Virgilio Valero dan vida a una pareja de casados que intentan revivir la pasi\u00f3n conyugal. Ella le propondr\u00e1 a su marido creativos y provocativos juegos en su dormitorio para romper la rutina nocturna. \u00bfLograr\u00e1 ella cumplir todas sus fantas\u00edas \u00edntimas?<\/p>\n<p>Milton G\u00e1lvez y Bernardo Men\u00e9ndez realizan la asistencia t\u00e9cnica y direcci\u00f3n de esta producci\u00f3n.<\/p>\n<p>Valor de entradas: $ 5 y $ 2,50 para estudiantes y tercera edad.\u00a0<strong>(E)<\/strong><\/p>\n<p>Fuente: eluniverso.com<\/p>\n<div class=\"gsp_post_data\" \r\n\t            data-post_type=\"post\" \r\n\t            data-cat=\"farandula-ecuatoriana,general\" \r\n\t            data-modified=\"120\"\r\n\t            data-created=\"1534875155\"\r\n\t            data-title=\"Dos obras de microteatro en sala La Bota\" \r\n\t            data-home=\"https:\/\/www.evafm.net\/sitio\"><\/div>","protected":false},"excerpt":{"rendered":"<p>El Grupo Teatro Ensayo Gestus presenta esta noche dos obras de formato corto.\u00a0Y mis cinco d\u00f3lares qu\u00e9,\u00a0basado en textos de Jos\u00e9 Sanchis Sinisterra, y\u00a0Noct\u00e1mbulos, de Cristian Cortez. Estos montajes son parte de la d\u00e9cima edici\u00f3n del festival de teatro Jos\u00e9 Mart\u00ednez Queirolo, que se desarrollar\u00e1 hasta el jueves 23 en la sala La Bota, en&#8230;<\/p>\n","protected":false},"author":5,"featured_media":37628,"comment_status":"closed","ping_status":"open","sticky":false,"template":"","format":"standard","meta":{"_joinchat":[],"footnotes":""},"categories":[1562,1720],"tags":[],"class_list":["post-37627","post","type-post","status-publish","format-standard","has-post-thumbnail","hentry","category-farandula-ecuatoriana","category-general","have-post-thumb"],"_links":{"self":[{"href":"https:\/\/www.evafm.net\/sitio\/wp-json\/wp\/v2\/posts\/37627","targetHints":{"allow":["GET"]}}],"collection":[{"href":"https:\/\/www.evafm.net\/sitio\/wp-json\/wp\/v2\/posts"}],"about":[{"href":"https:\/\/www.evafm.net\/sitio\/wp-json\/wp\/v2\/types\/post"}],"author":[{"embeddable":true,"href":"https:\/\/www.evafm.net\/sitio\/wp-json\/wp\/v2\/users\/5"}],"replies":[{"embeddable":true,"href":"https:\/\/www.evafm.net\/sitio\/wp-json\/wp\/v2\/comments?post=37627"}],"version-history":[{"count":1,"href":"https:\/\/www.evafm.net\/sitio\/wp-json\/wp\/v2\/posts\/37627\/revisions"}],"predecessor-version":[{"id":37629,"href":"https:\/\/www.evafm.net\/sitio\/wp-json\/wp\/v2\/posts\/37627\/revisions\/37629"}],"wp:featuredmedia":[{"embeddable":true,"href":"https:\/\/www.evafm.net\/sitio\/wp-json\/wp\/v2\/media\/37628"}],"wp:attachment":[{"href":"https:\/\/www.evafm.net\/sitio\/wp-json\/wp\/v2\/media?parent=37627"}],"wp:term":[{"taxonomy":"category","embeddable":true,"href":"https:\/\/www.evafm.net\/sitio\/wp-json\/wp\/v2\/categories?post=37627"},{"taxonomy":"post_tag","embeddable":true,"href":"https:\/\/www.evafm.net\/sitio\/wp-json\/wp\/v2\/tags?post=37627"}],"curies":[{"name":"wp","href":"https:\/\/api.w.org\/{rel}","templated":true}]}}