{"id":37652,"date":"2018-08-22T15:07:54","date_gmt":"2018-08-22T20:07:54","guid":{"rendered":"http:\/\/www.evafm.net\/sitio\/?p=37652"},"modified":"2018-08-22T15:07:54","modified_gmt":"2018-08-22T20:07:54","slug":"tema-de-frickson-erazo-esta-dificil-segun-abogado-de-barcelona-sc","status":"publish","type":"post","link":"https:\/\/www.evafm.net\/sitio\/tema-de-frickson-erazo-esta-dificil-segun-abogado-de-barcelona-sc\/","title":{"rendered":"Tema de Frickson Erazo est\u00e1 \u00abdif\u00edcil\u00bb seg\u00fan abogado de Barcelona SC"},"content":{"rendered":"<p>Este mi\u00e9rcoles el cuadro de\u00a0<strong>Barcelona Sporting Club\u00a0<\/strong>mediante una rueda de prensa en el estadio Monumental, dio a conocer varios temas institucionales y deportivos. Uno de ellos, el caso del defensor Frickson Erazo, quien a\u00fan no ha podido ser habilitado ya que su transferencia lleg\u00f3 fuera del tiempo m\u00e1ximo estipulado por la FEF.<\/p>\n<p>En primer lugar se dio paso al abogado Alfredo Parra, quien inform\u00f3 sobre las deudas canceladas y los pr\u00f3ximos juicios que el cuadro canario deber\u00e1 afrentar. \u00abCuando nosotros iniciamos esta administraci\u00f3n ten\u00edamos 18 juicios en contra, al d\u00eda de hoy de acuerdo a las gestiones que hemos hecho tenemos apenas un juicio\u00bb, dijo el s\u00edndico de Barcelona. Parra adem\u00e1s agreg\u00f3 que el club ha cancelado m\u00e1s de dos millones de d\u00f3lares por deudas.<\/p>\n<p>\u00abEl \u00fanico caso que queda pendiente es el de Fabi\u00e1n Vargas (exjugador canario en 2013) que est\u00e1 en proceso y esperemos los pr\u00f3ximos d\u00edas tener una resoluci\u00f3n favorable\u00bb, concluy\u00f3.<\/p>\n<p>Por su parte el abogado Jos\u00e9 Miguel P\u00e9rez, quien lleva de cerca el caso del defensor Frickson Erazo; habl\u00f3 sobre la situaci\u00f3n actual con el jugador luego de las gestiones que ha hecho el club para poder habilitar al jugador en la FEF. \u00abNos contactamos con las personas de la Comisi\u00f3n del Estatuto del jugador de FIFA y presentamos un recurso de revisi\u00f3n pero todav\u00eda no tenemos respuesta. Esperamos en el transcurso de estos d\u00edas tener una respuesta formal y cuando lo tengamos, lo informaremos\u00bb, se\u00f1al\u00f3 P\u00e9rez.<\/p>\n<p>El s\u00edndico canario reconoci\u00f3 que la situaci\u00f3n \u00abest\u00e1 dif\u00edcil\u00bb pero que har\u00e1n lo posible por habilitar al jugador. (D)<\/p>\n<p>Fuente: eluniverso.com<\/p>\n<div class=\"gsp_post_data\" \r\n\t            data-post_type=\"post\" \r\n\t            data-cat=\"deportes-ecuador,general\" \r\n\t            data-modified=\"120\"\r\n\t            data-created=\"1534950474\"\r\n\t            data-title=\"Tema de Frickson Erazo est\u00e1 \u00abdif\u00edcil\u00bb seg\u00fan abogado de Barcelona SC\" \r\n\t            data-home=\"https:\/\/www.evafm.net\/sitio\"><\/div>","protected":false},"excerpt":{"rendered":"<p>Este mi\u00e9rcoles el cuadro de\u00a0Barcelona Sporting Club\u00a0mediante una rueda de prensa en el estadio Monumental, dio a conocer varios temas institucionales y deportivos. Uno de ellos, el caso del defensor Frickson Erazo, quien a\u00fan no ha podido ser habilitado ya que su transferencia lleg\u00f3 fuera del tiempo m\u00e1ximo estipulado por la FEF. En primer lugar&#8230;<\/p>\n","protected":false},"author":5,"featured_media":37653,"comment_status":"closed","ping_status":"open","sticky":false,"template":"","format":"standard","meta":{"_joinchat":[],"footnotes":""},"categories":[1557,1720],"tags":[],"class_list":["post-37652","post","type-post","status-publish","format-standard","has-post-thumbnail","hentry","category-deportes-ecuador","category-general","have-post-thumb"],"_links":{"self":[{"href":"https:\/\/www.evafm.net\/sitio\/wp-json\/wp\/v2\/posts\/37652","targetHints":{"allow":["GET"]}}],"collection":[{"href":"https:\/\/www.evafm.net\/sitio\/wp-json\/wp\/v2\/posts"}],"about":[{"href":"https:\/\/www.evafm.net\/sitio\/wp-json\/wp\/v2\/types\/post"}],"author":[{"embeddable":true,"href":"https:\/\/www.evafm.net\/sitio\/wp-json\/wp\/v2\/users\/5"}],"replies":[{"embeddable":true,"href":"https:\/\/www.evafm.net\/sitio\/wp-json\/wp\/v2\/comments?post=37652"}],"version-history":[{"count":1,"href":"https:\/\/www.evafm.net\/sitio\/wp-json\/wp\/v2\/posts\/37652\/revisions"}],"predecessor-version":[{"id":37654,"href":"https:\/\/www.evafm.net\/sitio\/wp-json\/wp\/v2\/posts\/37652\/revisions\/37654"}],"wp:featuredmedia":[{"embeddable":true,"href":"https:\/\/www.evafm.net\/sitio\/wp-json\/wp\/v2\/media\/37653"}],"wp:attachment":[{"href":"https:\/\/www.evafm.net\/sitio\/wp-json\/wp\/v2\/media?parent=37652"}],"wp:term":[{"taxonomy":"category","embeddable":true,"href":"https:\/\/www.evafm.net\/sitio\/wp-json\/wp\/v2\/categories?post=37652"},{"taxonomy":"post_tag","embeddable":true,"href":"https:\/\/www.evafm.net\/sitio\/wp-json\/wp\/v2\/tags?post=37652"}],"curies":[{"name":"wp","href":"https:\/\/api.w.org\/{rel}","templated":true}]}}