{"id":37655,"date":"2018-08-22T15:12:47","date_gmt":"2018-08-22T20:12:47","guid":{"rendered":"http:\/\/www.evafm.net\/sitio\/?p=37655"},"modified":"2018-08-22T15:12:47","modified_gmt":"2018-08-22T20:12:47","slug":"desacuerdo-en-la-ligapro-afectaria-a-la-presentacion-de-lista-unica-a-la-fef","status":"publish","type":"post","link":"https:\/\/www.evafm.net\/sitio\/desacuerdo-en-la-ligapro-afectaria-a-la-presentacion-de-lista-unica-a-la-fef\/","title":{"rendered":"Desacuerdo en la LigaPro afectar\u00eda a la presentaci\u00f3n de lista \u00fanica a la FEF"},"content":{"rendered":"<p>El desacuerdo que surgi\u00f3 ayer por la medida que se tom\u00f3 de cambiar el sistema del campeonato nacional de f\u00fatbol a partir del 2019, puede afectar a la presentaci\u00f3n de un candidato \u00fanico a la presidencia de la FEF por parte de los dirigentes que integran la\u00a0Liga Profesional de F\u00fatbol.<\/p>\n<p>Que \u00abse ha roto la uni\u00f3n\u00bb de la Liga Profesional declar\u00f3 el martes Tito Manjarrez, presidente de El Nacional, al abandonar -al igual que dirigentes de otros cuatro clubes- la reuni\u00f3n del Consejo de Presidentes.<\/p>\n<p>En este contexto, el radiodifusor Mario Canessa, sostiene que desde ayer se vieron los \u00abprimeros movimientos electorales\u00bb en busca de la presidencia de la FEF, a partir de enero de 2019.<\/p>\n<p>\u00abCoincide que dos de los que han sonado ah\u00ed (candidatos a la FEF) est\u00e1n en contra del proceso, o sea, tambi\u00e9n est\u00e1n lanzando los fuegos artificales para ver qu\u00e9 sucede con las campa\u00f1as que ya mismo ingresan para ver qui\u00e9n es el postulante para la federaci\u00f3n.<\/p>\n<p>Claro que est\u00e1 en juego eso y ellos lo han demostrado: oposici\u00f3n contra una u otra cosa; porque me llama la atenci\u00f3n que un General del Ej\u00e9rcito diga que &#8216;Hay la dictadura del voto\u00bb, refiri\u00f3 el comentarista de radio Caravana, en di\u00e1logo con\u00a0<em>CityNoticias<\/em>, de Radio City.<\/p>\n<p>Consultado sobre si alg\u00fan club de la LigoPro tendr\u00eda planificado poner a otro candidato, uno recomendado por un exdirigente que est\u00e1 cumpliendo una condena por lavado de activos, Canessa coment\u00f3:<\/p>\n<p>\u00abNombres no me atrevo a decirlos todav\u00eda pero la fuente que me dio la informaci\u00f3n para m\u00ed es confiable. Me dijo que tras bastidores se est\u00e1 trabajando en un candidato y que sea de la anuencia del expresidente (de la FEF). Eso es verdad, y hay algunos dirigentes que me han dicho: &#8216;No est\u00e1s muy equivocado&#8217;.<\/p>\n<p>Yo tengo hasta algunas sospechas de la presencia del &#8216;Bolillo&#8217; (Hern\u00e1n Dar\u00edo G\u00f3mez) y sus acompa\u00f1antes.<\/p>\n<p>O sea hay que comenzar a unir cabos, yo creo que algo de eso est\u00e1 pasando y no creo que pierdan la oportunidad para poner alg\u00fan candidatazo que pueda representar sus intereses\u00bb. (D)<\/p>\n<p>Fuente: eluniverso.com<\/p>\n<div class=\"gsp_post_data\" \r\n\t            data-post_type=\"post\" \r\n\t            data-cat=\"deportes-ecuador\" \r\n\t            data-modified=\"120\"\r\n\t            data-created=\"1534950767\"\r\n\t            data-title=\"Desacuerdo en la LigaPro afectar\u00eda a la presentaci\u00f3n de lista \u00fanica a la FEF\" \r\n\t            data-home=\"https:\/\/www.evafm.net\/sitio\"><\/div>","protected":false},"excerpt":{"rendered":"<p>El desacuerdo que surgi\u00f3 ayer por la medida que se tom\u00f3 de cambiar el sistema del campeonato nacional de f\u00fatbol a partir del 2019, puede afectar a la presentaci\u00f3n de un candidato \u00fanico a la presidencia de la FEF por parte de los dirigentes que integran la\u00a0Liga Profesional de F\u00fatbol. Que \u00abse ha roto la&#8230;<\/p>\n","protected":false},"author":5,"featured_media":37656,"comment_status":"closed","ping_status":"open","sticky":false,"template":"","format":"standard","meta":{"_joinchat":[],"footnotes":""},"categories":[1557],"tags":[],"class_list":["post-37655","post","type-post","status-publish","format-standard","has-post-thumbnail","hentry","category-deportes-ecuador","have-post-thumb"],"_links":{"self":[{"href":"https:\/\/www.evafm.net\/sitio\/wp-json\/wp\/v2\/posts\/37655","targetHints":{"allow":["GET"]}}],"collection":[{"href":"https:\/\/www.evafm.net\/sitio\/wp-json\/wp\/v2\/posts"}],"about":[{"href":"https:\/\/www.evafm.net\/sitio\/wp-json\/wp\/v2\/types\/post"}],"author":[{"embeddable":true,"href":"https:\/\/www.evafm.net\/sitio\/wp-json\/wp\/v2\/users\/5"}],"replies":[{"embeddable":true,"href":"https:\/\/www.evafm.net\/sitio\/wp-json\/wp\/v2\/comments?post=37655"}],"version-history":[{"count":1,"href":"https:\/\/www.evafm.net\/sitio\/wp-json\/wp\/v2\/posts\/37655\/revisions"}],"predecessor-version":[{"id":37657,"href":"https:\/\/www.evafm.net\/sitio\/wp-json\/wp\/v2\/posts\/37655\/revisions\/37657"}],"wp:featuredmedia":[{"embeddable":true,"href":"https:\/\/www.evafm.net\/sitio\/wp-json\/wp\/v2\/media\/37656"}],"wp:attachment":[{"href":"https:\/\/www.evafm.net\/sitio\/wp-json\/wp\/v2\/media?parent=37655"}],"wp:term":[{"taxonomy":"category","embeddable":true,"href":"https:\/\/www.evafm.net\/sitio\/wp-json\/wp\/v2\/categories?post=37655"},{"taxonomy":"post_tag","embeddable":true,"href":"https:\/\/www.evafm.net\/sitio\/wp-json\/wp\/v2\/tags?post=37655"}],"curies":[{"name":"wp","href":"https:\/\/api.w.org\/{rel}","templated":true}]}}