{"id":37673,"date":"2018-08-22T16:26:47","date_gmt":"2018-08-22T21:26:47","guid":{"rendered":"http:\/\/www.evafm.net\/sitio\/?p=37673"},"modified":"2018-08-22T16:26:47","modified_gmt":"2018-08-22T21:26:47","slug":"idris-elba-no-sera-el-nuevo-james-bond","status":"publish","type":"post","link":"https:\/\/www.evafm.net\/sitio\/idris-elba-no-sera-el-nuevo-james-bond\/","title":{"rendered":"Idris Elba no ser\u00e1 el nuevo James Bond"},"content":{"rendered":"<div class=\"row\">\n<div class=\"col-xs-12 col-print-12\">\n<p class=\"element element-paragraph\"><strong>Idris Elba<\/strong>\u00a0despert\u00f3 las esperanzas de sus fans y despu\u00e9s las destruy\u00f3. El actor brit\u00e1nico gener\u00f3\u00a0conjeturas de que ser\u00eda el pr\u00f3ximo James Bond al tuitear la semana pasada una selfie con la leyenda \u00abMi nombre es Elba, Idris Elba\u00bb, parafraseando la famosa carta de presentaci\u00f3n del agente 007.<\/p>\n<\/div>\n<\/div>\n<div class=\"row\">\n<div class=\"col-xs-12 col-print-12\">\n<p class=\"element element-paragraph\">Pero luego\u00a0la estrella de\u00a0<strong><em>The Wire<\/em><\/strong>\u00a0y\u00a0<strong>Luther<\/strong>\u00a0neg\u00f3 ser el sucesor de Daniel Craig en el papel.\u00a0Preguntado por una periodista de la\u00a0cadena\u00a0brit\u00e1nica ITV si estaba frente al pr\u00f3ximo Bond, Elba respondi\u00f3 inmediatamente \u00abno\u00bb.<\/p>\n<\/div>\n<\/div>\n<div class=\"row\">\n<div class=\"col-xs-12 col-print-12\">\n<p class=\"element element-paragraph\">Craig protagoniz\u00f3\u00a0cuatro pel\u00edculas de\u00a0la saga y se dispone a regresar en\u00a0<strong><em>Bond 25<\/em><\/strong>, que en las \u00faltimas horas\u00a0se qued\u00f3 sin director tras la renuncia de\u00a0<strong>Danny Boyle\u00a0<\/strong>por \u00abdiferencias creativas\u00bb.<\/p>\n<div class=\"row\">\n<div class=\"col-xs-12 col-print-12\">\n<p class=\"element element-paragraph\">La salida se produce casi tres meses despu\u00e9s de que fuera anunciada la contrataci\u00f3n del director brit\u00e1nico de 61 a\u00f1os, ganador de un Oscar en 2008 por \u00abSlumdog Millionaire\u00bb.<\/p>\n<\/div>\n<\/div>\n<div class=\"row\">\n<div class=\"col-xs-12 col-print-12\">\n<p class=\"element element-paragraph\">Est\u00e1 previsto que\u00a0<strong><em>Bond 25<\/em><\/strong>\u00a0comience a rodarse en diciembre en Londres.<\/p>\n<div class=\"single-image\">\n<div class=\"shares\">\n<div class=\"share-button facebook\"><\/div>\n<\/div>\n<p><img decoding=\"async\" id=\"TPKPTV2NK5G4RG3Z2DYS4O7AXM\" class=\"image-lazy\" src=\"https:\/\/www.infobae.com\/new-resizer\/XEqwiPOxgf3ACAnx_Tiit8TLhx8=\/600x0\/filters:quality(100)\/s3.amazonaws.com\/arc-wordpress-client-uploads\/infobae-wp\/wp-content\/uploads\/2017\/01\/19151109\/James-Bond-actores-daniel-craig.jpg\" alt=\"Danny Boyle\u00a0se baj\u00f3 la direcci\u00f3n de\u00a0la pel\u00edcula n\u00famero 25 de James Bond\" width=\"750\" height=\"500.0\" \/><\/div>\n<p><span class=\"credit\">Danny Boyle\u00a0se baj\u00f3 la direcci\u00f3n de\u00a0la pel\u00edcula n\u00famero 25 de James Bond.<\/span><\/p>\n<p>Fuente: infobae.com<\/p>\n<\/div>\n<\/div>\n<\/div>\n<\/div>\n<div class=\"gsp_post_data\" \r\n\t            data-post_type=\"post\" \r\n\t            data-cat=\"farandula-internacional\" \r\n\t            data-modified=\"120\"\r\n\t            data-created=\"1534955207\"\r\n\t            data-title=\"Idris Elba no ser\u00e1 el nuevo James Bond\" \r\n\t            data-home=\"https:\/\/www.evafm.net\/sitio\"><\/div>","protected":false},"excerpt":{"rendered":"<p>Idris Elba\u00a0despert\u00f3 las esperanzas de sus fans y despu\u00e9s las destruy\u00f3. El actor brit\u00e1nico gener\u00f3\u00a0conjeturas de que ser\u00eda el pr\u00f3ximo James Bond al tuitear la semana pasada una selfie con la leyenda \u00abMi nombre es Elba, Idris Elba\u00bb, parafraseando la famosa carta de presentaci\u00f3n del agente 007. Pero luego\u00a0la estrella de\u00a0The Wire\u00a0y\u00a0Luther\u00a0neg\u00f3 ser el sucesor&#8230;<\/p>\n","protected":false},"author":5,"featured_media":37674,"comment_status":"closed","ping_status":"open","sticky":false,"template":"","format":"standard","meta":{"_joinchat":[],"footnotes":""},"categories":[1346],"tags":[],"class_list":["post-37673","post","type-post","status-publish","format-standard","has-post-thumbnail","hentry","category-farandula-internacional","have-post-thumb"],"_links":{"self":[{"href":"https:\/\/www.evafm.net\/sitio\/wp-json\/wp\/v2\/posts\/37673","targetHints":{"allow":["GET"]}}],"collection":[{"href":"https:\/\/www.evafm.net\/sitio\/wp-json\/wp\/v2\/posts"}],"about":[{"href":"https:\/\/www.evafm.net\/sitio\/wp-json\/wp\/v2\/types\/post"}],"author":[{"embeddable":true,"href":"https:\/\/www.evafm.net\/sitio\/wp-json\/wp\/v2\/users\/5"}],"replies":[{"embeddable":true,"href":"https:\/\/www.evafm.net\/sitio\/wp-json\/wp\/v2\/comments?post=37673"}],"version-history":[{"count":1,"href":"https:\/\/www.evafm.net\/sitio\/wp-json\/wp\/v2\/posts\/37673\/revisions"}],"predecessor-version":[{"id":37675,"href":"https:\/\/www.evafm.net\/sitio\/wp-json\/wp\/v2\/posts\/37673\/revisions\/37675"}],"wp:featuredmedia":[{"embeddable":true,"href":"https:\/\/www.evafm.net\/sitio\/wp-json\/wp\/v2\/media\/37674"}],"wp:attachment":[{"href":"https:\/\/www.evafm.net\/sitio\/wp-json\/wp\/v2\/media?parent=37673"}],"wp:term":[{"taxonomy":"category","embeddable":true,"href":"https:\/\/www.evafm.net\/sitio\/wp-json\/wp\/v2\/categories?post=37673"},{"taxonomy":"post_tag","embeddable":true,"href":"https:\/\/www.evafm.net\/sitio\/wp-json\/wp\/v2\/tags?post=37673"}],"curies":[{"name":"wp","href":"https:\/\/api.w.org\/{rel}","templated":true}]}}