{"id":37676,"date":"2018-08-22T16:51:46","date_gmt":"2018-08-22T21:51:46","guid":{"rendered":"http:\/\/www.evafm.net\/sitio\/?p=37676"},"modified":"2018-08-22T16:51:46","modified_gmt":"2018-08-22T21:51:46","slug":"eva-longoria-sera-la-madre-de-dora-la-exploradora","status":"publish","type":"post","link":"https:\/\/www.evafm.net\/sitio\/eva-longoria-sera-la-madre-de-dora-la-exploradora\/","title":{"rendered":"Eva Longoria ser\u00e1 la madre de Dora la Exploradora"},"content":{"rendered":"<p>Eva Longoria se une al elenco de la pel\u00edcula\u00a0<em>Dora la Exploradora<\/em>\u00a0en su versi\u00f3n de carne y hueso.<\/p>\n<p>En la ficci\u00f3n, la actriz y modelo se pondr\u00e1 en la piel de la madre de una Dora bastante m\u00e1s crecida de lo habitual, a quien dar\u00e1 vida Isabela Moner.<\/p>\n<p>Producido por Paramount, el filme estar\u00e1 basado en la serie de dibujos animados que Nickelodeon emiti\u00f3 durante 14 a\u00f1os, entre el a\u00f1o 2000 y el 2014.<\/p>\n<p>La ficci\u00f3n infantil, que alcanz\u00f3 las ocho temporadas y acumul\u00f3 172 episodios a sus espaldas, segu\u00eda los pasos de Dora, una ni\u00f1a latina que viajaba por todo el mundo en busca de aventuras.<\/p>\n<p>En la gran pantalla, el personaje de Isabela Moner, convertida en toda una adolescente tal y como muestra la primera imagen oficial del filme, se muda a la ciudad y se enfrenta, por primera vez, al instituto.<\/p>\n<p>Junto a su inseparable mejor amigo, el mono Botas, Dora liderar\u00e1 a un grupo de j\u00f3venes en una aventura al estilo de los Goonies.<\/p>\n<p>El nuevo grupo de amigos tendr\u00e1 que salvar a los padres de la protagonista y resolver un misterio imposible detr\u00e1s de una civilizaci\u00f3n Inca perdida.<\/p>\n<p>El actor y comediante mexicano Eugenio Derbez coprotagoniza el filme encarnando a Alejandro, un misterioso habitante de la jungla que intenta proteger a los adolescentes de los merodeadores. Junto a Derbez, que adem\u00e1s es productor del filme, completan el elenco Micke Moreno, Nicholas Coombe, Madeleine Madden, Adriana Barraza y Temuera Morrison.<\/p>\n<p>La versi\u00f3n cinematogr\u00e1fica de la serie animada de Nickelodeon tiene prevista su fecha de estreno el 2 de agosto del pr\u00f3ximo a\u00f1o.<\/p>\n<p>El estudio eligi\u00f3 al escritor y director Nick Stoller como guionista y a James Bobin, director de\u00a0<em>Alicia a trav\u00e9s del espejo<\/em>\u00a0y\u00a0<em>El tour de los Muppets<\/em>, como realizador del proyecto.<\/p>\n<p>Fuente: elespectador.com<\/p>\n<p>&nbsp;<\/p>\n<div class=\"gsp_post_data\" \r\n\t            data-post_type=\"post\" \r\n\t            data-cat=\"farandula-internacional\" \r\n\t            data-modified=\"120\"\r\n\t            data-created=\"1534956706\"\r\n\t            data-title=\"Eva Longoria ser\u00e1 la madre de Dora la Exploradora\" \r\n\t            data-home=\"https:\/\/www.evafm.net\/sitio\"><\/div>","protected":false},"excerpt":{"rendered":"<p>Eva Longoria se une al elenco de la pel\u00edcula\u00a0Dora la Exploradora\u00a0en su versi\u00f3n de carne y hueso. En la ficci\u00f3n, la actriz y modelo se pondr\u00e1 en la piel de la madre de una Dora bastante m\u00e1s crecida de lo habitual, a quien dar\u00e1 vida Isabela Moner. Producido por Paramount, el filme estar\u00e1 basado en&#8230;<\/p>\n","protected":false},"author":5,"featured_media":37677,"comment_status":"closed","ping_status":"open","sticky":false,"template":"","format":"standard","meta":{"_joinchat":[],"footnotes":""},"categories":[1346],"tags":[],"class_list":["post-37676","post","type-post","status-publish","format-standard","has-post-thumbnail","hentry","category-farandula-internacional","have-post-thumb"],"_links":{"self":[{"href":"https:\/\/www.evafm.net\/sitio\/wp-json\/wp\/v2\/posts\/37676","targetHints":{"allow":["GET"]}}],"collection":[{"href":"https:\/\/www.evafm.net\/sitio\/wp-json\/wp\/v2\/posts"}],"about":[{"href":"https:\/\/www.evafm.net\/sitio\/wp-json\/wp\/v2\/types\/post"}],"author":[{"embeddable":true,"href":"https:\/\/www.evafm.net\/sitio\/wp-json\/wp\/v2\/users\/5"}],"replies":[{"embeddable":true,"href":"https:\/\/www.evafm.net\/sitio\/wp-json\/wp\/v2\/comments?post=37676"}],"version-history":[{"count":1,"href":"https:\/\/www.evafm.net\/sitio\/wp-json\/wp\/v2\/posts\/37676\/revisions"}],"predecessor-version":[{"id":37678,"href":"https:\/\/www.evafm.net\/sitio\/wp-json\/wp\/v2\/posts\/37676\/revisions\/37678"}],"wp:featuredmedia":[{"embeddable":true,"href":"https:\/\/www.evafm.net\/sitio\/wp-json\/wp\/v2\/media\/37677"}],"wp:attachment":[{"href":"https:\/\/www.evafm.net\/sitio\/wp-json\/wp\/v2\/media?parent=37676"}],"wp:term":[{"taxonomy":"category","embeddable":true,"href":"https:\/\/www.evafm.net\/sitio\/wp-json\/wp\/v2\/categories?post=37676"},{"taxonomy":"post_tag","embeddable":true,"href":"https:\/\/www.evafm.net\/sitio\/wp-json\/wp\/v2\/tags?post=37676"}],"curies":[{"name":"wp","href":"https:\/\/api.w.org\/{rel}","templated":true}]}}