{"id":37721,"date":"2018-08-23T16:53:09","date_gmt":"2018-08-23T21:53:09","guid":{"rendered":"http:\/\/www.evafm.net\/sitio\/?p=37721"},"modified":"2018-08-23T16:53:09","modified_gmt":"2018-08-23T21:53:09","slug":"ben-affleck-en-un-sospechoso-estado-camino-a-rehabilitacion","status":"publish","type":"post","link":"https:\/\/www.evafm.net\/sitio\/ben-affleck-en-un-sospechoso-estado-camino-a-rehabilitacion\/","title":{"rendered":"Ben Affleck en un sospechoso estado camino a rehabilitaci\u00f3n"},"content":{"rendered":"<div class=\"row\">\n<div class=\"col-xs-12 col-print-12\">\n<p class=\"element element-paragraph\">Tras conocerse unas\u00a0preocupantes im\u00e1genes de Ben Affleck recibiendo un delivery de alcohol en su residencia de Los \u00c1ngeles, su ex mujer<strong>\u00a0Jennifer Garner<\/strong>\u00a0fue a buscarlo para internarlo en un centro de rehabilitaci\u00f3n.<\/p>\n<p class=\"element element-paragraph\">El delicado momento en la vida del actor qued\u00f3 registrado por los paparazzi que se encontraban en las afueras de la casa de la estrella de Hollywood.<\/p>\n<\/div>\n<\/div>\n<div class=\"row\">\n<div class=\"col-xs-12 col-print-12\">\n<p class=\"element element-paragraph\">En\u00a0la\u00a0im\u00e1genes se puede ver a Garner\u00a0<strong>llevando en su veh\u00edculo al ganador del Oscar, de 46 a\u00f1os, quien est\u00e1\u00a0en estado de ebriedad.\u00a0<\/strong><\/p>\n<p class=\"element element-paragraph\">Minutos m\u00e1s tarde, ingres\u00f3 a<strong>\u00a0The Canyon<\/strong>, un exclusivo centro m\u00e9dico especializado en adicciones, que est\u00e1 ubicado en Malib\u00fa.<\/p>\n<p>Varios reportes de la prensa local indican que la actriz\u00a0le rog\u00f3 al padre de sus tres hijos para\u00a0<strong>que recibiera ayuda profesional<\/strong>.<\/p>\n<p>Fuentes informaron al sitio\u00a0<em><strong>TMZ<\/strong><\/em>\u00a0que Affleck reconoci\u00f3 su problema, no puso resistencia\u00a0y\u00a0<strong>accedi\u00f3\u00a0a r\u00e1pidamente a recibir tratamiento.<\/strong><\/p>\n<div class=\"row\">\n<div class=\"col-xs-12 col-print-12\">\n<p class=\"element element-paragraph\">Se desconoce el tiempo que\u00a0permanecer\u00e1 en el establecimiento m\u00e9dico.<\/p>\n<\/div>\n<\/div>\n<div class=\"row\">\n<div class=\"col-xs-12 col-print-12\">\n<p class=\"element element-paragraph\"><strong>Es la tercera vez que\u00a0el \u00faltimo Batman del cine\u00a0ingresa\u00a0a un centro de rehabilitaci\u00f3n<\/strong>. Lo hizo por primera vez en el 2001 y nuevamente en\u00a0noviembre\u00a0del a\u00f1o pasado.<\/p>\n<\/div>\n<\/div>\n<div class=\"row\">\n<div class=\"col-xs-12 col-print-12\">\n<p class=\"element element-paragraph\">Amigos cercanos al director aseguraron que sufri\u00f3 una reca\u00edda tras terminar su relaci\u00f3n con la productora\u00a0<strong>Lindsay Shookus<\/strong>, con quien estuvo\u00a0de novio un poco m\u00e1s de un a\u00f1o.<\/p>\n<div class=\"row\">\n<div class=\"col-xs-12 col-print-12\"><\/div>\n<\/div>\n<div class=\"row\">\n<div class=\"col-xs-12 col-print-12\">\n<p class=\"element element-paragraph\"><img decoding=\"async\" src=\"https:\/\/www.infobae.com\/new-resizer\/iUil9aa6aESv--zoT8L0H49mgWk=\/600x0\/filters:quality(100)\/s3.amazonaws.com\/arc-wordpress-client-uploads\/infobae-wp\/wp-content\/uploads\/2018\/08\/23163338\/jennifer-garner-ben-affleck.jpg\" alt=\"El momento en que Jennifer Garnet busca a su ex para llevarlo al centro m\u00c3\u00a9dico (Grosby Group)\" \/><\/p>\n<p>El momento en que Jennifer Garnet busca a su ex para llevarlo al centro m\u00e9dico (Grosby Group)<\/p>\n<p>Fuente: infobae.com<\/p>\n<\/div>\n<\/div>\n<\/div>\n<\/div>\n<\/div>\n<\/div>\n<div class=\"gsp_post_data\" \r\n\t            data-post_type=\"post\" \r\n\t            data-cat=\"farandula-internacional,general\" \r\n\t            data-modified=\"120\"\r\n\t            data-created=\"1535043189\"\r\n\t            data-title=\"Ben Affleck en un sospechoso estado camino a rehabilitaci\u00f3n\" \r\n\t            data-home=\"https:\/\/www.evafm.net\/sitio\"><\/div>","protected":false},"excerpt":{"rendered":"<p>Tras conocerse unas\u00a0preocupantes im\u00e1genes de Ben Affleck recibiendo un delivery de alcohol en su residencia de Los \u00c1ngeles, su ex mujer\u00a0Jennifer Garner\u00a0fue a buscarlo para internarlo en un centro de rehabilitaci\u00f3n. El delicado momento en la vida del actor qued\u00f3 registrado por los paparazzi que se encontraban en las afueras de la casa de la&#8230;<\/p>\n","protected":false},"author":5,"featured_media":37722,"comment_status":"closed","ping_status":"open","sticky":false,"template":"","format":"standard","meta":{"_joinchat":[],"footnotes":""},"categories":[1346,1720],"tags":[],"class_list":["post-37721","post","type-post","status-publish","format-standard","has-post-thumbnail","hentry","category-farandula-internacional","category-general","have-post-thumb"],"_links":{"self":[{"href":"https:\/\/www.evafm.net\/sitio\/wp-json\/wp\/v2\/posts\/37721","targetHints":{"allow":["GET"]}}],"collection":[{"href":"https:\/\/www.evafm.net\/sitio\/wp-json\/wp\/v2\/posts"}],"about":[{"href":"https:\/\/www.evafm.net\/sitio\/wp-json\/wp\/v2\/types\/post"}],"author":[{"embeddable":true,"href":"https:\/\/www.evafm.net\/sitio\/wp-json\/wp\/v2\/users\/5"}],"replies":[{"embeddable":true,"href":"https:\/\/www.evafm.net\/sitio\/wp-json\/wp\/v2\/comments?post=37721"}],"version-history":[{"count":1,"href":"https:\/\/www.evafm.net\/sitio\/wp-json\/wp\/v2\/posts\/37721\/revisions"}],"predecessor-version":[{"id":37723,"href":"https:\/\/www.evafm.net\/sitio\/wp-json\/wp\/v2\/posts\/37721\/revisions\/37723"}],"wp:featuredmedia":[{"embeddable":true,"href":"https:\/\/www.evafm.net\/sitio\/wp-json\/wp\/v2\/media\/37722"}],"wp:attachment":[{"href":"https:\/\/www.evafm.net\/sitio\/wp-json\/wp\/v2\/media?parent=37721"}],"wp:term":[{"taxonomy":"category","embeddable":true,"href":"https:\/\/www.evafm.net\/sitio\/wp-json\/wp\/v2\/categories?post=37721"},{"taxonomy":"post_tag","embeddable":true,"href":"https:\/\/www.evafm.net\/sitio\/wp-json\/wp\/v2\/tags?post=37721"}],"curies":[{"name":"wp","href":"https:\/\/api.w.org\/{rel}","templated":true}]}}