{"id":37735,"date":"2018-08-23T17:46:10","date_gmt":"2018-08-23T22:46:10","guid":{"rendered":"http:\/\/www.evafm.net\/sitio\/?p=37735"},"modified":"2018-08-23T17:46:10","modified_gmt":"2018-08-23T22:46:10","slug":"jose-miguel-salem-no-somos-moda-somos-una-tradicion","status":"publish","type":"post","link":"https:\/\/www.evafm.net\/sitio\/jose-miguel-salem-no-somos-moda-somos-una-tradicion\/","title":{"rendered":"Jos\u00e9 Miguel Salem: No somos moda, somos una tradici\u00f3n"},"content":{"rendered":"<p>Para\u00a0<strong>Jos\u00e9 Miguel Salem<\/strong>, 1988 fue un a\u00f1o decisivo en su vida. Ten\u00eda apenas 24 a\u00f1os y reci\u00e9n hab\u00eda regresado de los Estados Unidos en donde se hab\u00eda estado formando como bailar\u00edn.<\/p>\n<p>En ese pa\u00eds norteamericano se involucr\u00f3 mucho en el teatro musical, rama que en el Ecuador \u2013en aquella \u00e9poca\u2013 era poco conocida.<\/p>\n<p>Hizo un salto de fe: se decidi\u00f3 a explotar todo el conocimiento que adquiri\u00f3 en este tipo de arte, cre\u00f3 su propia compa\u00f1\u00eda de teatro musical.<\/p>\n<p>\u201cMantenerse es lo m\u00e1s dif\u00edcil que hay\u201d, dice el core\u00f3grafo cuando se le consulta sobre c\u00f3mo han sido las tres d\u00e9cadas en las que ha estado al frente de\u00a0Danzasjazz Producciones.<\/p>\n<p>\u201cAl principio fue f\u00e1cil porque \u00e9ramos nuevos y tuvimos \u00e9xito muy r\u00e1pido, pero de ah\u00ed en adelante mantenerse creo que ha sido lo m\u00e1s dif\u00edcil, creo que en todo tipo de cosas, pero en el mundo del espect\u00e1culo del Ecuador es m\u00e1s dif\u00edcil porque no hay mucha competencia\u201d, explica Salem y agrega que es justo el tema de la competencia lo que los obliga a ser cada d\u00eda mejores, a ser m\u00e1s \u201cpropositivos\u201d en cada producci\u00f3n, a \u201cno repetirse\u201d.<\/p>\n<p>En sus tres d\u00e9cadas\u00a0<strong>Danzasjazz<\/strong>\u00a0ha sido la formadora de muchos talentos. Algunos han seguido en esa \u00e1rea con sus propias escuelas de danza, mientras que otros laboran en pantalla.<\/p>\n<p>Salem se\u00f1ala que en cualquier rama que se desempe\u00f1en sus exalumnos, se siente orgulloso de haber sido parte de esos procesos, asegurando que en la compa\u00f1\u00eda \u201cnosotros no somos moda, somos una tradici\u00f3n\u201d.<\/p>\n<p>Apunta que por ello siempre trata de asumir el reto de ofrecer al p\u00fablico propuestas arriesgadas, que animen al espectador a consumir teatro musical. \u201cSiento que debemos darles un espect\u00e1culo en el que se les comunique que siempre hemos estado aqu\u00ed y que vamos a seguir estando aqu\u00ed&#8230; Siempre Danzasjazz est\u00e1 en el espectro teatral constante\u201d, cuenta Salem, cuyo lema se fundamenta en la \u201cespectacularidad\u201d para llevar al p\u00fablico a las estrellas.<\/p>\n<p>Adicional a la compa\u00f1\u00eda, Danzasjazz mantiene cinco escuelas que funcionan desde hace m\u00e1s de 25 a\u00f1os, pero esas no est\u00e1n bajo la direcci\u00f3n de Salem, ni tampoco imparte c\u00e1tedra.<\/p>\n<p>Recuerda con mucha felicidad y satisfacci\u00f3n los d\u00edas en los que ense\u00f1aba, bailaba, dirig\u00eda y produc\u00eda al mismo tiempo. Pero confiesa que ahora prefiere estar tras bastidores, y asegura que el tiempo de bailar ya pas\u00f3 y que es hora de pasar la posta a los nuevos talentos.<\/p>\n<p><strong>A celebrar aniversario<\/strong><\/p>\n<p>Por sus treinta a\u00f1os, Danzasjazz Producciones pondr\u00e1 en escena la obra Una noche en Broadway con la participaci\u00f3n de Claudia Camposano, Patricio L\u00f3pez, Lucciana Hakman, Nicole Rubira en su elenco principal, as\u00ed como de una treintena de artistas entre actores, cantantes y bailarines.<\/p>\n<p>Esta obra, que se estrenar\u00e1 el 31 de agosto, a las 20:30, habla de Stefy, una periodista de espect\u00e1culos a quien le encargaron la misi\u00f3n de contar la historia del teatro musical de Danzasjazz. (I)<\/p>\n<p>Fuente: eluniverso.com<\/p>\n<div class=\"gsp_post_data\" \r\n\t            data-post_type=\"post\" \r\n\t            data-cat=\"farandula-ecuatoriana,general\" \r\n\t            data-modified=\"120\"\r\n\t            data-created=\"1535046370\"\r\n\t            data-title=\"Jos\u00e9 Miguel Salem: No somos moda, somos una tradici\u00f3n\" \r\n\t            data-home=\"https:\/\/www.evafm.net\/sitio\"><\/div>","protected":false},"excerpt":{"rendered":"<p>Para\u00a0Jos\u00e9 Miguel Salem, 1988 fue un a\u00f1o decisivo en su vida. Ten\u00eda apenas 24 a\u00f1os y reci\u00e9n hab\u00eda regresado de los Estados Unidos en donde se hab\u00eda estado formando como bailar\u00edn. En ese pa\u00eds norteamericano se involucr\u00f3 mucho en el teatro musical, rama que en el Ecuador \u2013en aquella \u00e9poca\u2013 era poco conocida. Hizo un&#8230;<\/p>\n","protected":false},"author":5,"featured_media":37736,"comment_status":"closed","ping_status":"open","sticky":false,"template":"","format":"standard","meta":{"_joinchat":[],"footnotes":""},"categories":[1562,1720],"tags":[],"class_list":["post-37735","post","type-post","status-publish","format-standard","has-post-thumbnail","hentry","category-farandula-ecuatoriana","category-general","have-post-thumb"],"_links":{"self":[{"href":"https:\/\/www.evafm.net\/sitio\/wp-json\/wp\/v2\/posts\/37735","targetHints":{"allow":["GET"]}}],"collection":[{"href":"https:\/\/www.evafm.net\/sitio\/wp-json\/wp\/v2\/posts"}],"about":[{"href":"https:\/\/www.evafm.net\/sitio\/wp-json\/wp\/v2\/types\/post"}],"author":[{"embeddable":true,"href":"https:\/\/www.evafm.net\/sitio\/wp-json\/wp\/v2\/users\/5"}],"replies":[{"embeddable":true,"href":"https:\/\/www.evafm.net\/sitio\/wp-json\/wp\/v2\/comments?post=37735"}],"version-history":[{"count":1,"href":"https:\/\/www.evafm.net\/sitio\/wp-json\/wp\/v2\/posts\/37735\/revisions"}],"predecessor-version":[{"id":37737,"href":"https:\/\/www.evafm.net\/sitio\/wp-json\/wp\/v2\/posts\/37735\/revisions\/37737"}],"wp:featuredmedia":[{"embeddable":true,"href":"https:\/\/www.evafm.net\/sitio\/wp-json\/wp\/v2\/media\/37736"}],"wp:attachment":[{"href":"https:\/\/www.evafm.net\/sitio\/wp-json\/wp\/v2\/media?parent=37735"}],"wp:term":[{"taxonomy":"category","embeddable":true,"href":"https:\/\/www.evafm.net\/sitio\/wp-json\/wp\/v2\/categories?post=37735"},{"taxonomy":"post_tag","embeddable":true,"href":"https:\/\/www.evafm.net\/sitio\/wp-json\/wp\/v2\/tags?post=37735"}],"curies":[{"name":"wp","href":"https:\/\/api.w.org\/{rel}","templated":true}]}}