{"id":37756,"date":"2018-08-24T13:45:54","date_gmt":"2018-08-24T18:45:54","guid":{"rendered":"http:\/\/www.evafm.net\/sitio\/?p=37756"},"modified":"2018-08-24T13:45:54","modified_gmt":"2018-08-24T18:45:54","slug":"emelec-lanza-su-revista-especial","status":"publish","type":"post","link":"https:\/\/www.evafm.net\/sitio\/emelec-lanza-su-revista-especial\/","title":{"rendered":"Emelec lanza su revista especial"},"content":{"rendered":"<p>El estadio Capwell, a partir de las 12:00 de hoy, albergar\u00e1 en la sala de prensa del escenario la ceremonia de lanzamiento oficial de la revista especial del club, elaborada conjuntamente por EL UNIVERSO y\u00a0<em>El Gr\u00e1fico<\/em>, de Argentina.<\/p>\n<p>Las 104 p\u00e1ginas de la publicaci\u00f3n de lujo, titulada\u00a0<em>Grandes \u00eddolos de Emelec<\/em>, son \u201cun recorrido imperdible por los\u00a0<em>cracks<\/em>\u00a0de la historia el\u00e9ctrica. Perfiles, fotos, entrevistas y an\u00e9cdotas de hombres que dejaron (y contin\u00faan dejando) una huella profunda en el coraz\u00f3n del hincha emelecista\u201d.<\/p>\n<p>Nombres legendarios como los de Carlos Raffo, Eduardo Garc\u00eda, Enrique Raimondy, Marino Alc\u00edvar, Jos\u00e9 Vicente Balseca, y estrellas m\u00e1s cercanas en el tiempo como Lupo Qui\u00f1\u00f3nez, Carlos Torres Garc\u00e9s, Jes\u00fas C\u00e1rdenas, Iv\u00e1n Kaviedes, Miler Bola\u00f1os, \u00c1ngel Mena y muchos m\u00e1s desfilan una obra de colecci\u00f3n.<\/p>\n<p>La intenci\u00f3n de la revista es contar la historia de un club de un modo no convencional. Hemos elegido a los futbolistas m\u00e1s trascendentes que vistieron la casaca azul y plomo durante su riqu\u00edsima existencia\u201d.<\/p>\n<p>El lanzamiento lo har\u00e1 Nassib Neme, presidente de Emelec, \u201cel padre de la criatura\u201d, como se lo llama en la revista que circula desde el martes pasado y puede ser comprada ($ 3,99) en las agencias de EL UNIVERSO o con voceadores.\u00a0<strong>(D)<\/strong><\/p>\n<p><img decoding=\"async\" src=\"https:\/\/www.eluniverso.com\/sites\/default\/files\/styles\/powgallery_800\/public\/fotos\/2018\/08\/14066781.jpg?itok=osno1nNJ\" alt=\"El lanzamiento de la revista de Emelec, hoy\" \/><\/p>\n<p><img decoding=\"async\" src=\"https:\/\/www.eluniverso.com\/sites\/default\/files\/styles\/powgallery_800\/public\/fotos\/2018\/08\/14066783.jpg?itok=t_UK519n\" alt=\"El lanzamiento de la revista de Emelec, hoy\" \/><\/p>\n<div class=\"fb-video fb_iframe_widget fb_iframe_widget_fluid_desktop\"><\/div>\n<div><\/div>\n<div>Fuente: eluniverso.com<\/div>\n<div class=\"gsp_post_data\" \r\n\t            data-post_type=\"post\" \r\n\t            data-cat=\"deportes-ecuador,general\" \r\n\t            data-modified=\"120\"\r\n\t            data-created=\"1535118354\"\r\n\t            data-title=\"Emelec lanza su revista especial\" \r\n\t            data-home=\"https:\/\/www.evafm.net\/sitio\"><\/div>","protected":false},"excerpt":{"rendered":"<p>El estadio Capwell, a partir de las 12:00 de hoy, albergar\u00e1 en la sala de prensa del escenario la ceremonia de lanzamiento oficial de la revista especial del club, elaborada conjuntamente por EL UNIVERSO y\u00a0El Gr\u00e1fico, de Argentina. Las 104 p\u00e1ginas de la publicaci\u00f3n de lujo, titulada\u00a0Grandes \u00eddolos de Emelec, son \u201cun recorrido imperdible por&#8230;<\/p>\n","protected":false},"author":5,"featured_media":37757,"comment_status":"closed","ping_status":"open","sticky":false,"template":"","format":"standard","meta":{"_joinchat":[],"footnotes":""},"categories":[1557,1720],"tags":[],"class_list":["post-37756","post","type-post","status-publish","format-standard","has-post-thumbnail","hentry","category-deportes-ecuador","category-general","have-post-thumb"],"_links":{"self":[{"href":"https:\/\/www.evafm.net\/sitio\/wp-json\/wp\/v2\/posts\/37756","targetHints":{"allow":["GET"]}}],"collection":[{"href":"https:\/\/www.evafm.net\/sitio\/wp-json\/wp\/v2\/posts"}],"about":[{"href":"https:\/\/www.evafm.net\/sitio\/wp-json\/wp\/v2\/types\/post"}],"author":[{"embeddable":true,"href":"https:\/\/www.evafm.net\/sitio\/wp-json\/wp\/v2\/users\/5"}],"replies":[{"embeddable":true,"href":"https:\/\/www.evafm.net\/sitio\/wp-json\/wp\/v2\/comments?post=37756"}],"version-history":[{"count":1,"href":"https:\/\/www.evafm.net\/sitio\/wp-json\/wp\/v2\/posts\/37756\/revisions"}],"predecessor-version":[{"id":37758,"href":"https:\/\/www.evafm.net\/sitio\/wp-json\/wp\/v2\/posts\/37756\/revisions\/37758"}],"wp:featuredmedia":[{"embeddable":true,"href":"https:\/\/www.evafm.net\/sitio\/wp-json\/wp\/v2\/media\/37757"}],"wp:attachment":[{"href":"https:\/\/www.evafm.net\/sitio\/wp-json\/wp\/v2\/media?parent=37756"}],"wp:term":[{"taxonomy":"category","embeddable":true,"href":"https:\/\/www.evafm.net\/sitio\/wp-json\/wp\/v2\/categories?post=37756"},{"taxonomy":"post_tag","embeddable":true,"href":"https:\/\/www.evafm.net\/sitio\/wp-json\/wp\/v2\/tags?post=37756"}],"curies":[{"name":"wp","href":"https:\/\/api.w.org\/{rel}","templated":true}]}}