{"id":37831,"date":"2018-08-25T12:28:45","date_gmt":"2018-08-25T17:28:45","guid":{"rendered":"http:\/\/www.evafm.net\/sitio\/?p=37831"},"modified":"2018-08-25T12:28:45","modified_gmt":"2018-08-25T17:28:45","slug":"gloria-trevi-se-apodera-del-choliseo-en-la-noche-de-estrellas","status":"publish","type":"post","link":"https:\/\/www.evafm.net\/sitio\/gloria-trevi-se-apodera-del-choliseo-en-la-noche-de-estrellas\/","title":{"rendered":"Gloria Trevi se apodera del Choliseo en la \u201cNoche de estrellas\u201d"},"content":{"rendered":"<p>El p\u00fablico se deleit\u00f3 con el variado conglomerado de artistas que form\u00f3 parte del espect\u00e1culo Noche de Estrellas 2018 en el Coliseo de Puerto Rico la noche del s\u00e1bado.<\/p>\n<p>Si bien todos tuvieron una calurosa recepci\u00f3n de parte del p\u00fablico, fue la mexicana Gloria Trevi, a quien le correspondi\u00f3 el cierre del show, la que provoc\u00f3 que el p\u00fablico bailara y se contagiara con su caracter\u00edstico entusiasmo.<\/p>\n<p>Sobre 30 canciones formaron parte del tradicional festival radial, que se realiz\u00f3 en la modalidad peque\u00f1a del Choliseo.<\/p>\n<p>El evento inici\u00f3 a las 9:00 con la presentaci\u00f3n de segmentos de v\u00eddeos de \u00e9xitos como \u00abDura\u00bb de Daddy Yankee, \u00abX (Equis)\u00bb, de Nicky Jam y J Balvin, y \u00abCalypso\u00bb, de Luis Fonsi, entre otros.<\/p>\n<p>Con sonoros aplausos, el d\u00fao de m\u00fasica pop Ha*Ash, compuesto por las hermanas mexicanas Hanna y Ashley, comenzaron el concierto que auspicia la cadena Uno Radio Group y sus emisoras Fidelity y Hot 102.<\/p>\n<p>Canciones como \u00abEst\u00e9s en donde est\u00e9s\u00bb, \u00abNo pasa nada\u00bb y \u00abLo aprend\u00ed de ti\u00bb, entre otras, dieron la bienvenida a la tem\u00e1tica del amor y el desamor.<\/p>\n<p>\u00abPara Ashley y para m\u00ed es un verdadero honor y privilegio estar de vuelta en nuestra isla preferida\u00bb, expres\u00f3 una emocionada Hanna.<\/p>\n<p>Con \u00abTe dejo en libertad\u00bb, una de las coreadas de principio a fin, Ashley invit\u00f3 a soltar una relaci\u00f3n amorosa que no te conviene.<\/p>\n<p>No falt\u00f3 el sencillo en promoci\u00f3n, \u00abEso no va a suceder\u00bb.<\/p>\n<p>Antes de despedirse con el tema \u00abPerd\u00f3n, perd\u00f3n\u00bb, ambas expresaron su gratitud por el apoyo del p\u00fablico.<\/p>\n<p>\u00abCreemos que los boricuas son lo m\u00e1ximo\u00bb, dijo Ashley, arrancando aplausos.<\/p>\n<p>Tras culminar su presentaci\u00f3n, los animadores Normando Valent\u00edn e Ivonne Orsini, moderadores del espacio radial vespertino \u00abHappy Hour\u00bb, dieron la bienvenida formal al espect\u00e1culo.<\/p>\n<p>La siguiente intervenci\u00f3n musical recay\u00f3 en el cantautor venezolano Nacho.<\/p>\n<p>\u00abSi t\u00fa supieras cu\u00e1nto te amo, Puerto Rico\u00bb, salud\u00f3, antes de comenzar con el tema \u00abNo te vas\u00bb.<\/p>\n<p>Continu\u00f3 con \u00abCasualidad\u00bb y \u00abMe voy enamorando\u00bb, para luego interpretar con un s\u00e9quito de bailarinas los \u00e9xitos \u00abMi ni\u00f1a bonita\u00bb y \u00abAndas en mi cabeza\u00bb, que populariz\u00f3 cuando formaba parte del d\u00fao Chino &amp; Nacho, antes de arrancar su carrera de solista en 2017.<\/p>\n<p>Estos \u00faltimos fueron los temas que provocaron m\u00e1s gritos y aplausos.<\/p>\n<p>El tambi\u00e9n activista pol\u00edtico no perdi\u00f3 oportunidad para hacer referencia a su pa\u00eds. \u00abViva Venezuela libre\u00bb.<\/p>\n<p>Tambi\u00e9n habl\u00f3 sobre su conexi\u00f3n con la cultura boricua. \u00abDesde el a\u00f1o 2004 vengo para esta isla\u00bb, confes\u00f3, y a\u00f1adi\u00f3 que ha estado en pueblos como Fajardo, Ponce y Culebra, \u00aby cuando nadie me conoc\u00eda, me la pasaba comiendo alcapurrias en Luquillo\u00bb.<\/p>\n<p>Como parte de su agradecimiento por el calor de los puertorrique\u00f1os, antes de culminar su presentaci\u00f3n con \u00abB\u00e1ilame\u00bb, revel\u00f3 que \u00absi Puerto Rico no me hubiera abierto las puertas quiz\u00e1s no hubiera tenido carrera musical\u00bb.<\/p>\n<p>El d\u00fao compuesto por los hermanos mexicanos Jesse &amp; Joy hicieron su entrada con el tema \u00abDueles\u00bb.<\/p>\n<p>\u00ab\u00bfC\u00f3mo est\u00e1 la isla m\u00e1s encantadora de todo el planeta Tierra?\u00bb, salud\u00f3 Joy. Su hermano tambi\u00e9n tuvo unas palabras para el p\u00fablico.<\/p>\n<p>\u00abNos da mucho gusto ver que Puerto Rico se est\u00e1 levantando\u00bb, dijo, haciendo referencia a la dificultad tras el hurac\u00e1n Mar\u00eda.<\/p>\n<p>\u00abLa de mala suerte\u00bb y \u00abEcos de amor\u00bb figuraron entre su oferta musical, y sirvieron para repasar los ritmos pop latino y pop rock que caracteriza su estilo.<\/p>\n<p>No falt\u00f3 el cl\u00e1sico \u00abCorre\u00bb, con la voz del p\u00fablico como acompa\u00f1ante.<\/p>\n<p>El \u00e9xito \u00ab3 a.m.\u00bb, con la interpretaci\u00f3n de Jesse en sustituci\u00f3n de Gente de Zona, fue el escogido para la despedida.<\/p>\n<p>Para la presentaci\u00f3n de la siguiente artista, Becky G, tanto Orsini como Valent\u00edn se presentaron en pijamas, inspirados en uno de los \u00e9xitos de la cantante estadounidense.<\/p>\n<p>La vocalista recibi\u00f3 un caluroso recibimiento para comenzar con \u00abSola\u00bb, que por momentos bail\u00f3 junto a sus bailarines.<\/p>\n<p>\u00ab\u00bfC\u00f3mo est\u00e1 mi lindo Puerto Rico?\u00bb, fueron las primeras palabras de la cantante estadounidense.<\/p>\n<p>\u00abEs un placer estar aqu\u00ed con ustedes por primera vez\u00bb, a\u00f1adi\u00f3, antes de dar paso al pegajoso tema \u00abMad Love\u00bb.<\/p>\n<p>A lo largo de su repertorio, que incluy\u00f3 otros temas en ingl\u00e9s, la vocalista luci\u00f3 numerosos pasos de baile con los que acentu\u00f3 su sensualidad.<\/p>\n<p>Como pre\u00e1mbulo al \u00e9xito \u00abMayores\u00bb, la artista gui\u00f3 al p\u00fablico a corear parte del tema.<\/p>\n<p>\u00abUna canci\u00f3n que cambi\u00f3 mi vida. Ustedes me ayudaron a llevarla n\u00famero uno en Puerto Rico\u00bb, dijo la artista de ascendencia mexicana.<\/p>\n<p>\u00abSin pijama\u00bb fue otro de los temas que, sin duda, alborot\u00f3 a la audiencia, que en su mayor\u00eda utiliz\u00f3 sus tel\u00e9fonos celulares para capturar la presentaci\u00f3n.<\/p>\n<p>El evento concluy\u00f3 con la intervenci\u00f3n de la mexicana Gloria Trevi, quien con su habitual irreverencia y sensualidad encendi\u00f3 la tarima.<\/p>\n<p>https:\/\/www.instagram.com\/p\/Bm5E9d8n2jI\/?utm_source=ig_web_copy_link<\/p>\n<p><img decoding=\"async\" src=\"http:\/\/rec-eph.primerahora.com\/images\/2018\/08\/25\/8cac52497ef44090bc248585b11b332f_1.jpg\" \/><\/p>\n<p><img decoding=\"async\" src=\"http:\/\/rec-eph.primerahora.com\/images\/2018\/08\/25\/8e38df1b5e634385b329e97f5e63ece5.jpg\" \/><\/p>\n<p><img decoding=\"async\" src=\"http:\/\/rec-eph.primerahora.com\/images\/2018\/08\/25\/adfbf699cae147ecb3eadddfff36be0c.jpg\" \/><\/p>\n<p><img decoding=\"async\" src=\"http:\/\/rec-eph.primerahora.com\/images\/2018\/08\/25\/cf66c035ea2443dd8f9f7d5298457450.jpg\" \/><\/p>\n<p><img decoding=\"async\" src=\"http:\/\/rec-eph.primerahora.com\/images\/2018\/08\/25\/0c4314b62ec44029aebf01ddcf56b8c0.jpg\" \/><\/p>\n<p><img decoding=\"async\" src=\"http:\/\/rec-eph.primerahora.com\/images\/2018\/08\/25\/8a519e4a4b2f4904a6229e89808887c2.jpg\" \/><\/p>\n<p><img decoding=\"async\" src=\"http:\/\/rec-eph.primerahora.com\/images\/2018\/08\/25\/a5bd0775a51c496aaa0cc52cbcbb534e.jpg\" \/><\/p>\n<p><img decoding=\"async\" src=\"http:\/\/rec-eph.primerahora.com\/images\/2018\/08\/25\/9e2e5a3b4d9b4591ba0b90843873a1e6.jpg\" \/><\/p>\n<p>Ha*ash. (david.villafane@gfrmedia.com)<\/p>\n<p><img decoding=\"async\" src=\"http:\/\/rec-eph.primerahora.com\/images\/2018\/08\/25\/69c25554026e4c7fb185a7ef96dd7a6c_1.jpg\" \/><\/p>\n<p>Becky G. (david.villafane@gfrmedia.com)<\/p>\n<p><img decoding=\"async\" src=\"http:\/\/rec-eph.primerahora.com\/images\/2018\/08\/25\/987edf88130346499784ec0b7f29d361.jpg\" \/><\/p>\n<p>Jesse &amp; Joy. (david.villafane@gfrmedia.com)<\/p>\n<p>&nbsp;<\/p>\n<p>&nbsp;<\/p>\n<div class=\"zoom-icon\"><\/div>\n<p><img decoding=\"async\" src=\"http:\/\/rec-eph.primerahora.com\/images\/2018\/08\/25\/2a853bc1cacc40d69f515ae4f2980221.jpg\" \/><\/p>\n<div>\n<p>Jesse &amp; Joy. (david.villafane@gfrmedia.com)<\/p>\n<p>Fuente: primerahora.com<\/p>\n<\/div>\n<div class=\"gsp_post_data\" \r\n\t            data-post_type=\"post\" \r\n\t            data-cat=\"farandula-internacional\" \r\n\t            data-modified=\"120\"\r\n\t            data-created=\"1535200125\"\r\n\t            data-title=\"Gloria Trevi se apodera del Choliseo en la \u201cNoche de estrellas\u201d\" \r\n\t            data-home=\"https:\/\/www.evafm.net\/sitio\"><\/div>","protected":false},"excerpt":{"rendered":"<p>El p\u00fablico se deleit\u00f3 con el variado conglomerado de artistas que form\u00f3 parte del espect\u00e1culo Noche de Estrellas 2018 en el Coliseo de Puerto Rico la noche del s\u00e1bado. Si bien todos tuvieron una calurosa recepci\u00f3n de parte del p\u00fablico, fue la mexicana Gloria Trevi, a quien le correspondi\u00f3 el cierre del show, la que&#8230;<\/p>\n","protected":false},"author":5,"featured_media":37833,"comment_status":"closed","ping_status":"open","sticky":false,"template":"","format":"standard","meta":{"_joinchat":[],"footnotes":""},"categories":[1346],"tags":[],"class_list":["post-37831","post","type-post","status-publish","format-standard","has-post-thumbnail","hentry","category-farandula-internacional","have-post-thumb"],"_links":{"self":[{"href":"https:\/\/www.evafm.net\/sitio\/wp-json\/wp\/v2\/posts\/37831","targetHints":{"allow":["GET"]}}],"collection":[{"href":"https:\/\/www.evafm.net\/sitio\/wp-json\/wp\/v2\/posts"}],"about":[{"href":"https:\/\/www.evafm.net\/sitio\/wp-json\/wp\/v2\/types\/post"}],"author":[{"embeddable":true,"href":"https:\/\/www.evafm.net\/sitio\/wp-json\/wp\/v2\/users\/5"}],"replies":[{"embeddable":true,"href":"https:\/\/www.evafm.net\/sitio\/wp-json\/wp\/v2\/comments?post=37831"}],"version-history":[{"count":1,"href":"https:\/\/www.evafm.net\/sitio\/wp-json\/wp\/v2\/posts\/37831\/revisions"}],"predecessor-version":[{"id":37834,"href":"https:\/\/www.evafm.net\/sitio\/wp-json\/wp\/v2\/posts\/37831\/revisions\/37834"}],"wp:featuredmedia":[{"embeddable":true,"href":"https:\/\/www.evafm.net\/sitio\/wp-json\/wp\/v2\/media\/37833"}],"wp:attachment":[{"href":"https:\/\/www.evafm.net\/sitio\/wp-json\/wp\/v2\/media?parent=37831"}],"wp:term":[{"taxonomy":"category","embeddable":true,"href":"https:\/\/www.evafm.net\/sitio\/wp-json\/wp\/v2\/categories?post=37831"},{"taxonomy":"post_tag","embeddable":true,"href":"https:\/\/www.evafm.net\/sitio\/wp-json\/wp\/v2\/tags?post=37831"}],"curies":[{"name":"wp","href":"https:\/\/api.w.org\/{rel}","templated":true}]}}