{"id":37852,"date":"2018-08-26T11:34:21","date_gmt":"2018-08-26T16:34:21","guid":{"rendered":"http:\/\/www.evafm.net\/sitio\/?p=37852"},"modified":"2018-08-26T11:34:21","modified_gmt":"2018-08-26T16:34:21","slug":"el-vulnerable-sistema-electrico-de-guayaquil","status":"publish","type":"post","link":"https:\/\/www.evafm.net\/sitio\/el-vulnerable-sistema-electrico-de-guayaquil\/","title":{"rendered":"El vulnerable sistema el\u00e9ctrico de Guayaquil"},"content":{"rendered":"<p>Solo en los \u00faltimos diez d\u00edas se han registrado en\u00a0<b>Guayaquil<\/b>\u00a0tres prolongados cortes de energ\u00eda que, adem\u00e1s de\u00a0<b>caotizar el<\/b>\u00a0<b>tr\u00e1nsito<\/b>\u00a0en la ciudad, han obligado a los habitantes a preguntarse si acaso vuelven los apagones.<\/p>\n<p>\u201c\u00bfSer\u00e1 que acaso vamos a volver a vivir entre penumbras, como ya lo hicimos en el 2009? Ojal\u00e1 y la situaci\u00f3n no se repita porque en ese entonces perd\u00ed mucho dinero, casi me voy a la quiebra&#8230;\u201d, expresa Keila Narv\u00e1ez, propietaria de un spa en la ciudadela\u00a0<b>Urdesa<\/b>, una de las zonas afectadas por el corte de 27 minutos que el martes pasado fue causado porque un contratista municipal top\u00f3 una l\u00ednea de transmisi\u00f3n en el momento en que cortaba un enlace de alumbrado p\u00fablico.<\/p>\n<p>A decir de la\u00a0<b>Unidad de Negocio<\/b>\u00a0<b>Guayas-Los<\/b>\u00a0<b>R\u00edos<\/b>\u00a0de la\u00a0<b>Corporaci\u00f3n Nacional de Electricidad, CNEL<\/b>, todas las interrupciones, al menos las siete m\u00e1s fuertes en lo que va del a\u00f1o, han sido causadas por factores externos, como el clima, los accidentes de tr\u00e1nsito, las tormentas y los cortocircuitos provocados por cometas y globos. Incluidas las dos de marzo, cuyos da\u00f1os repercutieron en el\u00a0<b>Sistema Nacional de Interconectado de Transmisi\u00f3n<\/b>, colapsando as\u00ed a Guayaquil y dej\u00e1ndola pr\u00e1cticamente desarmada: con da\u00f1os en los electrodom\u00e9sticos y problemas en el sistema de transporte urbano, semaforizaci\u00f3n y en la operatividad de<b>l aeropuerto Jos\u00e9 Joaqu\u00edn de Olmedo<\/b>, que incluso tuvo que desviar algunos de sus vuelos.<\/p>\n<p>Aunque para los expertos consultados por EXPRESO este \u00faltimo hecho fue generado por una sobrecarga de energ\u00eda y no por factores externos, todos coinciden, al igual que CNEL, que el sistema el\u00e9ctrico de la ciudad es vulnerable, pero por motivos diferentes.<\/p>\n<p>CNEL apunta a que por tener l\u00edneas en su gran mayor\u00eda a\u00e9reas y expuestas a la vegetaci\u00f3n, aves, roedores y factores antes expuestos, se da el problema. H\u00e9ctor Plaza, docente de la facultad de\u00a0<b>Ingenier\u00eda en Electricidad y Computaci\u00f3n<\/b>\u00a0de la Espol, y Reymont Castillo, presidente del\u00a0<b>Colegio Regional de Ingenieros El\u00e9ctricos y Electr\u00f3nicos del Litoral (Crieel)<\/b>, en cambio, consideran que los contratiempos sobre todo est\u00e1n ligados a la falta de inversi\u00f3n y mantenimiento por parte de la empresa.<\/p>\n<p>\u201cLos eventos que se dan es porque el mantenimiento no es din\u00e1mico, sino est\u00e1tico: solo en determinadas \u00e9pocas\u201d. Adem\u00e1s, las subestaciones el\u00e9ctricas, cuya infraestructura sirve para potenciar el servicio de energ\u00eda en los vecindarios, est\u00e1n sobrecargadas porque los aisladores (l\u00edneas), en su mayor\u00eda obsoletos, precisamente -dice Plaza- lo est\u00e1n tambi\u00e9n, y eso facilita que se vaya el sistema.<\/p>\n<p>\u201cEl Gobierno el a\u00f1o anterior le quit\u00f3 casi\u00a0<b>$ 530 millones<\/b>\u00a0a CNEL, entonces no hay inversi\u00f3n para cambiar e instalar l\u00edneas nuevas que eviten las\u00a0<b>sobrecargas<\/b>\u00a0y\u00a0<b>apagones<\/b>\u201d; ni tampoco, advierte el experto, existe el dinero suficiente para adquirir los veh\u00edculos y la maquinaria adecuada para, por ejemplo, cortar cada que sea necesario las ramas de los \u00e1rboles que -en efecto- pueden causar una serie de fallas.<\/p>\n<p>Por falta de recursos y debido a los cambios constantes en la administraci\u00f3n de las Unidades de Negocios y la Corporaci\u00f3n como tal, agrega Castillo, ciertos procesos de operaci\u00f3n y mantenimiento no han sido ejecutados o no, al menos, con regularidad.<\/p>\n<p>\u201cAhora mismo el personal t\u00e9cnico de\u00a0<b>CNEL<\/b>\u00a0deber\u00eda estar limpiando los aisladores, que por la \u00e9poca y el viento, tienden a llenarse de polvo e impurezas (lo que puede perturbar las l\u00edneas, los alambres, el equipo). Los mantenimientos a todas las infraestructuras el\u00e9ctricas son planes que no deben parar jam\u00e1s\u201d.<\/p>\n<p>Respecto a ello la<b>\u00a0Unidad de Negocio Guayas<\/b>\u00a0&#8211; Los R\u00edos confirma estar haci\u00e9ndolo. \u201cNuestros trabajos son perennes, incluso gracias a ello, comparando el n\u00famero de interrupciones mayores a tres minutos a nivel de cabecera de alimentadoras en lo que va del a\u00f1o y en relaci\u00f3n al mismo periodo del 2017, tenemos una reducci\u00f3n del 11 %\u201d, manifiesta sin revelar el n\u00famero total de cortes suscitados y reiterando en el hecho de que sus desconexiones son de origen externo o causadas por terceros.<\/p>\n<p>Y si bien los especialistas lo tienen en cuenta, consideran que CNEL podr\u00eda tomar medidas preventivas, instalando\u00a0<b>se\u00f1al\u00e9tica<\/b>, para evitar los incidentes.<\/p>\n<p>Seg\u00fan la Corporaci\u00f3n, algunas de las desconexiones se dieron porque un globo de helio entr\u00f3 en contacto con las l\u00edneas el\u00e9ctricas a\u00e9reas, lo que caus\u00f3 que un circuito se bote. \u201cSi tan solo un letrero hubiese anunciado que determinada l\u00ednea era de alta tensi\u00f3n o requer\u00eda de cuidado, es posible que los habitantes no lo hubiesen lanzado\u201d, dice Plaza.<\/p>\n<p>En relaci\u00f3n a las aves de rapi\u00f1a, que con frecuencia se posan y entran en contacto con las l\u00edneas, fusibles y otros equipos, haciendo que se apague la energ\u00eda, detalla Walter G\u00e1ndara, tambi\u00e9n ingeniero el\u00e9ctrico de la ciudad, se podr\u00eda modificar la infraestructura de los postes, ponerle puntas o cubrirlas con una especie de cajas- para que la afectaci\u00f3n sea menor.<\/p>\n<p>CNEL, por su parte, hace un llamado a que los trabajos que otras empresas realicen sobre o en las estructuras sean coordinados con la\u00a0<b>Unidad de Negocios<\/b>, a fin de evitar accidentes. \u201cEllos podr\u00edan solicitar protectores de l\u00edneas o alejamientos, e instruir a sus\u00a0<b>trabajadores o contratistas\u00a0<\/b>del peligro de acercarse o hacer contactos con las l\u00edneas de distribuci\u00f3n el\u00e9ctrica\u201d, manifiesta, al hacer hincapi\u00e9 en que otros dos cortes de este a\u00f1o fueron provocados, como el del martes, por un contacto accidental de un contratista que trabajaba sobre el esqueleto de soporte de una se\u00f1al\u00e9tica.<\/p>\n<p><b>Las p\u00e9rdidas las percibe el usuario y el sector privado<\/b><\/p>\n<p>En un reportaje anterior publicado por\u00a0<b>EXPRESO<\/b>, los expertos ya hablaron de las consecuencias econ\u00f3micas que genera un\u00a0<b>corte<\/b>. Los usuarios se enfocaron en los da\u00f1os de sus electrodom\u00e9sticos o las repercusiones por el cierre de sus negocios; y el sector privado en las p\u00e9rdidas por la\u00a0<b>paralizaci\u00f3n<\/b>\u00a0<b>moment\u00e1nea<\/b>\u00a0de la producci\u00f3n.<\/p>\n<p>Si bien, explica Castillo, no existe a la fecha regulaci\u00f3n alguna que permita saber cu\u00e1nto pierde una empresa por cada minuto sin electricidad;\u00a0<b>Caterina<\/b>\u00a0<b>Costa<\/b>, presidenta de la<b>\u00a0C\u00e1mara de Industrias de Guayaquil<\/b>, en su momento dijo a este Diario que cuando hay interrupciones se pierde la continuidad de la producci\u00f3n, lo que no solo da\u00f1a el material que se est\u00e1 procesando, el cual puede ser recuperable o no, sino que el problema impacta en todas las \u00e1reas, incluyendo la\u00a0<b>administrativa y la de log\u00edstica<\/b>, pues eso impide el correcto desenvolvimiento de los procesos.<\/p>\n<p>\u201cA la larga cuando uno suma todas las paralizaciones se traduce en p\u00e9rdidas de varios miles de d\u00f3lares, y no por un a\u00f1o o meses, sino por pocas horas en las que no se produce\u201d. Un gasto que, a juicio de Costa, se puede incrementar si uno de los generadores de la empresa, por el mismo apag\u00f3n, se quema. \u201cDe ser as\u00ed vamos a perder entre\u00a0<b>$ 60.000 o $ 70.000<\/b>\u201d.<\/p>\n<p>Para Castillo una medida que a futuro, de continuar el problema, podr\u00eda dar un respiro al<b>\u00a0sector privado<\/b>\u00a0est\u00e1 ligado con las compa\u00f1\u00edas de seguro que cubren este tipo de eventualidad. \u201cEn otros pa\u00edses hay seguros que cubren por la materia prima que se da\u00f1\u00f3 o dej\u00f3 de producir. Aqu\u00ed todav\u00eda no contamos con ese servicio&#8230;\u201d.<\/p>\n<p>Fuente: expreso.ec<\/p>\n<div class=\"gsp_post_data\" \r\n\t            data-post_type=\"post\" \r\n\t            data-cat=\"noticias-ecuador\" \r\n\t            data-modified=\"120\"\r\n\t            data-created=\"1535283261\"\r\n\t            data-title=\"El vulnerable sistema el\u00e9ctrico de Guayaquil\" \r\n\t            data-home=\"https:\/\/www.evafm.net\/sitio\"><\/div>","protected":false},"excerpt":{"rendered":"<p>Solo en los \u00faltimos diez d\u00edas se han registrado en\u00a0Guayaquil\u00a0tres prolongados cortes de energ\u00eda que, adem\u00e1s de\u00a0caotizar el\u00a0tr\u00e1nsito\u00a0en la ciudad, han obligado a los habitantes a preguntarse si acaso vuelven los apagones. \u201c\u00bfSer\u00e1 que acaso vamos a volver a vivir entre penumbras, como ya lo hicimos en el 2009? Ojal\u00e1 y la situaci\u00f3n no se&#8230;<\/p>\n","protected":false},"author":5,"featured_media":37853,"comment_status":"closed","ping_status":"open","sticky":false,"template":"","format":"standard","meta":{"_joinchat":[],"footnotes":""},"categories":[1558],"tags":[],"class_list":["post-37852","post","type-post","status-publish","format-standard","has-post-thumbnail","hentry","category-noticias-ecuador","have-post-thumb"],"_links":{"self":[{"href":"https:\/\/www.evafm.net\/sitio\/wp-json\/wp\/v2\/posts\/37852","targetHints":{"allow":["GET"]}}],"collection":[{"href":"https:\/\/www.evafm.net\/sitio\/wp-json\/wp\/v2\/posts"}],"about":[{"href":"https:\/\/www.evafm.net\/sitio\/wp-json\/wp\/v2\/types\/post"}],"author":[{"embeddable":true,"href":"https:\/\/www.evafm.net\/sitio\/wp-json\/wp\/v2\/users\/5"}],"replies":[{"embeddable":true,"href":"https:\/\/www.evafm.net\/sitio\/wp-json\/wp\/v2\/comments?post=37852"}],"version-history":[{"count":1,"href":"https:\/\/www.evafm.net\/sitio\/wp-json\/wp\/v2\/posts\/37852\/revisions"}],"predecessor-version":[{"id":37854,"href":"https:\/\/www.evafm.net\/sitio\/wp-json\/wp\/v2\/posts\/37852\/revisions\/37854"}],"wp:featuredmedia":[{"embeddable":true,"href":"https:\/\/www.evafm.net\/sitio\/wp-json\/wp\/v2\/media\/37853"}],"wp:attachment":[{"href":"https:\/\/www.evafm.net\/sitio\/wp-json\/wp\/v2\/media?parent=37852"}],"wp:term":[{"taxonomy":"category","embeddable":true,"href":"https:\/\/www.evafm.net\/sitio\/wp-json\/wp\/v2\/categories?post=37852"},{"taxonomy":"post_tag","embeddable":true,"href":"https:\/\/www.evafm.net\/sitio\/wp-json\/wp\/v2\/tags?post=37852"}],"curies":[{"name":"wp","href":"https:\/\/api.w.org\/{rel}","templated":true}]}}