{"id":37856,"date":"2018-08-26T14:40:50","date_gmt":"2018-08-26T19:40:50","guid":{"rendered":"http:\/\/www.evafm.net\/sitio\/?p=37856"},"modified":"2018-08-26T14:40:50","modified_gmt":"2018-08-26T19:40:50","slug":"nueva-ola-de-arrestos-en-nicaragua","status":"publish","type":"post","link":"https:\/\/www.evafm.net\/sitio\/nueva-ola-de-arrestos-en-nicaragua\/","title":{"rendered":"Nueva ola de arrestos en Nicaragua"},"content":{"rendered":"<div class=\"row\">\n<div class=\"col-xs-12 col-print-12\">\n<p class=\"element element-paragraph\">El r\u00e9gimen de Daniel Ortega no detiene su escalada de violencia sobre la poblaci\u00f3n civil. Este domingo la Coordinadora Universitaria por la Democracia y la Justicia (CUDJ) denunci\u00f3 que<strong>al menos 28 personas,<\/strong>\u00a0<strong>en su mayor\u00eda universitarios y una brasile\u00f1a-estadounidense<\/strong>,\u00a0<strong>fueron detenidas<\/strong>\u00a0de \u00abmanera arbitraria\u00bb por la Polic\u00eda de Nicaragua en el marco de las protestas contra el Gobierno.<\/p>\n<\/div>\n<\/div>\n<div class=\"row\">\n<div class=\"col-xs-12 col-print-12\">\n<p class=\"element element-paragraph\">Entre los detenidos se encuentra la documentalista brasile\u00f1a-estadounidense\u00a0<strong>Emilia Mello<\/strong>, quien viajaba con un grupo de estudiantes hacia la ciudad colonial de Granada que participar\u00edan en una marcha contra el r\u00e9gimen,\u00a0<strong>cuando fue retenida y trasladada a la c\u00e1rcel El Chipote<\/strong>, en Managua, sede de la Direcci\u00f3n de Auxilio Judicial, seg\u00fan indica la denuncia.<\/p>\n<\/div>\n<\/div>\n<div class=\"row\">\n<div class=\"col-xs-12 col-print-12\">\n<p class=\"element element-paragraph\">La documentalista posteriormente fue llevada a la sede de la Direcci\u00f3n de Migraci\u00f3n y Extranjer\u00eda, donde,\u00a0de acuerdo a la versi\u00f3n que ofrecieron las autoridades a los detenidos,<strong>ser\u00e1 deportada.<\/strong><\/p>\n<\/div>\n<\/div>\n<div class=\"row\">\n<div class=\"col-xs-12 col-print-12\">\n<p class=\"element element-paragraph\">El secretario ejecutivo de la Comisi\u00f3n Interamericana de Derechos Humanos (CIDH),<strong>\u00a0el brasile\u00f1o Paulo Abr\u00e3o<\/strong>, confirm\u00f3 a trav\u00e9s de Twitter que Mello fue trasladada del centro de detenci\u00f3n a Migraci\u00f3n,<strong>\u00a0donde ser\u00eda expulsada este domingo.<\/strong><\/p>\n<div class=\"row\">\n<div class=\"col-xs-12 col-print-12\">\n<p class=\"element element-paragraph\"><strong>Junto a Mello fueron detenidos en el municipio de San Marcos (suroeste) otros 19 nicarag\u00fcenses,<\/strong>\u00a0entre ellos dos documentalistas locales, que horas despu\u00e9s fueron liberados.<\/p>\n<\/div>\n<\/div>\n<div class=\"row\">\n<div class=\"col-xs-12 col-print-12\">\n<p class=\"element element-paragraph\">La CUDJ denunci\u00f3 que otros seis estudiantes fueron detenidos en la ciudad de Le\u00f3n, 90 kil\u00f3metros al noroeste de Managua,\u00a0<strong>tras participar anoche en una marcha.<\/strong><\/p>\n<\/div>\n<\/div>\n<div class=\"row\">\n<div class=\"col-xs-12 col-print-12\">\n<p class=\"element element-paragraph\">La detenci\u00f3n de los seis dirigentes estudiantiles provoc\u00f3 la reacci\u00f3n de sus compa\u00f1eros que<strong>se apostaron en las afueras de la delegaci\u00f3n policial departamental para exigir su liberaci\u00f3n<\/strong>, en medio de cacerolazos y quema de llantas.<\/p>\n<\/div>\n<\/div>\n<div class=\"row\">\n<div class=\"col-xs-12 col-print-12\">\n<p class=\"element element-paragraph\"><strong>La polic\u00eda antidisturbios repeli\u00f3 cerca de la medianoche ese piquete de protestas<\/strong>, sin que hasta ahora se conozca de heridos.<\/p>\n<\/div>\n<\/div>\n<div class=\"row\">\n<div class=\"col-xs-12 col-print-12\">\n<p class=\"element element-paragraph\">Por su lado, la Unidad M\u00e9dica Nicarag\u00fcense denunci\u00f3 la detenci\u00f3n de<strong>\u00a0Jos\u00e9 Antonio V\u00e1squez<\/strong>, un m\u00e9dico y cirujano, especialista en ginecolog\u00eda y obstetricia.<\/p>\n<div class=\"row\">\n<div class=\"col-xs-12 col-print-12\">\n<p class=\"element element-paragraph\">Seg\u00fan esa Asociaci\u00f3n, el m\u00e9dico fue \u00absecuestrado\u00bb por un grupo de hombres armados la tarde del s\u00e1bado saliendo de una cafeter\u00eda en Managua junto al abogado y militar retirado<strong>Francisco Ortega<\/strong>, y se los llevaron con rumbo desconocido.<\/p>\n<\/div>\n<\/div>\n<div class=\"row\">\n<div class=\"col-xs-12 col-print-12\">\n<p class=\"element element-paragraph\"><strong>V\u00e1squez es un m\u00e9dico que ha asistido a los heridos<\/strong>\u00a0en el marco de las protestas contra el Gobierno.<\/p>\n<\/div>\n<\/div>\n<div class=\"row\">\n<div class=\"col-xs-12 col-print-12\">\n<p class=\"element element-paragraph\">En tanto, Ortega es un abogado con especialidad en medicina forense que fue contratado por la familia del universitario Franco Valdivia, muerto de un disparo el pasado 20 de abril y cuyo cuerpo, junto al de Orlando P\u00e9rez, fueron exhumados para determinar las causas de muerte.<\/p>\n<\/div>\n<\/div>\n<div class=\"row\">\n<div class=\"col-xs-12 col-print-12\">\n<p class=\"element element-paragraph\">Ortega afirm\u00f3 que los dos estudiantes universitarios que fallecieron en el municipio de Estel\u00ed, norte de Nicaragua,<strong>\u00a0recibieron disparos certeros de \u00abalguien que sab\u00eda disparar muy bien\u00bb.<\/strong><\/p>\n<\/div>\n<\/div>\n<div class=\"row\">\n<div class=\"col-xs-12 col-print-12\">\n<p class=\"element element-paragraph\">Mientras, la Oficina del Alto Comisionado de las Naciones Unidas para los Derechos Humanos (OACNUDH) y el Mecanismo Especial de Seguimiento para Nicaragua (Meseni), establecido por la Comisi\u00f3n Interamericana de Derechos Humanos (CIDH),<strong>\u00a0informaron que siguen recibiendo reportes de detenciones colectivas en Nicaragua.<\/strong><\/p>\n<div class=\"row\">\n<div class=\"col-xs-12 col-print-12\">\n<p class=\"element element-paragraph\">La Polic\u00eda de Nicaragua a\u00fan no se ha referido a esas denuncias.<\/p>\n<\/div>\n<\/div>\n<div class=\"row\">\n<div class=\"col-xs-12 col-print-12\">\n<p class=\"element element-paragraph\">Desde abril pasado,\u00a0<strong>miles de nicarag\u00fcenses han salido a las calles a protestar contra Ortega<\/strong>, en el marco de una crisis que ha dejado entre 322 y 448 muertos, seg\u00fan organismos humanitarios internacionales y locales, mientras el Gobierno reconoce 198 fallecidos y denuncia un intento de golpe de Estado.<\/p>\n<\/div>\n<\/div>\n<div class=\"row\">\n<div class=\"col-xs-12 col-print-12\">\n<p class=\"element element-paragraph\">La CIDH elev\u00f3 este viernes a 322 la cifra de fallecidos durante las protestas, de los que la mayor\u00eda, afirma, perdi\u00f3 la vida \u00abcomo resultado de la acci\u00f3n estatal\u00bb.<\/p>\n<\/div>\n<\/div>\n<div class=\"row\">\n<div class=\"col-xs-12 col-print-12\">\n<p class=\"element element-paragraph\">Las manifestaciones contra Ortega y su esposa, la vicepresidenta Rosario Murillo, comenzaron el 18 de abril pasado por unas fallidas reformas de la seguridad social y se convirtieron en una exigencia de renuncia del mandatario, despu\u00e9s de once a\u00f1os en el poder, con acusaciones de abuso y corrupci\u00f3n.<\/p>\n<div class=\"single-image\">\n<div class=\"shares\">\n<div class=\"share-button facebook\"><\/div>\n<\/div>\n<p><img decoding=\"async\" id=\"AICQ6D2O2NDKNONZUWQGSSESNQ\" class=\"image-lazy\" src=\"https:\/\/www.infobae.com\/new-resizer\/1qQlYOL6O-BCYo0vjNz0KrF2zv8=\/600x0\/filters:quality(100)\/s3.amazonaws.com\/arc-wordpress-client-uploads\/infobae-wp\/wp-content\/uploads\/2018\/07\/21204638\/000_17U5PO.jpg\" alt=\"La Polic\u00eda volvi\u00f3 a evitar manifestaciones contra el r\u00e9gimen (AFP PHOTO \/ MARVIN RECINOS)\" width=\"750\" height=\"500.8928571428571\" \/><\/div>\n<p><span class=\"credit\">La Polic\u00eda volvi\u00f3 a evitar manifestaciones contra el r\u00e9gimen (AFP PHOTO \/ MARVIN RECINOS)<\/span><\/p>\n<div class=\"single-image\">\n<div class=\"shares\">\n<div class=\"share-button facebook\"><\/div>\n<\/div>\n<p><img decoding=\"async\" id=\"TTXHYFIRKJEHJK5Q2XV2R7J6RY\" class=\"image-lazy\" src=\"https:\/\/www.infobae.com\/new-resizer\/tMdq3DMg2jAofZIJzT-xPyaxIrs=\/600x0\/filters:quality(100)\/s3.amazonaws.com\/arc-wordpress-client-uploads\/infobae-wp\/wp-content\/uploads\/2018\/07\/17011252\/2018-07-08T050857Z_389523046_RC1B51364970_RTRMADP_3_NICARAGUA-POLITICS.jpg\" alt=\"Los manifestantes exigen la salida del poder de Ortega y su esposa, la vicepresidente Rosario Murillo (REUTERS\/Oswaldo Rivas)\" width=\"750\" height=\"507.14285714285717\" \/><\/div>\n<p><span class=\"credit\">Los manifestantes exigen la salida del poder de Ortega y su esposa, la vicepresidente Rosario Murillo (REUTERS\/Oswaldo Rivas)<\/span><\/p>\n<\/div>\n<\/div>\n<div class=\"row\">\n<div class=\"col-xs-12 col-print-12\">\n<p class=\"element element-paragraph\">Con informaci\u00f3n de EFE<\/p>\n<\/div>\n<\/div>\n<\/div>\n<\/div>\n<\/div>\n<\/div>\n<\/div>\n<\/div>\n<div class=\"gsp_post_data\" \r\n\t            data-post_type=\"post\" \r\n\t            data-cat=\"general,noticias-internacionales\" \r\n\t            data-modified=\"120\"\r\n\t            data-created=\"1535294450\"\r\n\t            data-title=\"Nueva ola de arrestos en Nicaragua\" \r\n\t            data-home=\"https:\/\/www.evafm.net\/sitio\"><\/div>","protected":false},"excerpt":{"rendered":"<p>El r\u00e9gimen de Daniel Ortega no detiene su escalada de violencia sobre la poblaci\u00f3n civil. Este domingo la Coordinadora Universitaria por la Democracia y la Justicia (CUDJ) denunci\u00f3 queal menos 28 personas,\u00a0en su mayor\u00eda universitarios y una brasile\u00f1a-estadounidense,\u00a0fueron detenidas\u00a0de \u00abmanera arbitraria\u00bb por la Polic\u00eda de Nicaragua en el marco de las protestas contra el Gobierno&#8230;.<\/p>\n","protected":false},"author":5,"featured_media":37857,"comment_status":"closed","ping_status":"open","sticky":false,"template":"","format":"standard","meta":{"_joinchat":[],"footnotes":""},"categories":[1720,1345],"tags":[],"class_list":["post-37856","post","type-post","status-publish","format-standard","has-post-thumbnail","hentry","category-general","category-noticias-internacionales","have-post-thumb"],"_links":{"self":[{"href":"https:\/\/www.evafm.net\/sitio\/wp-json\/wp\/v2\/posts\/37856","targetHints":{"allow":["GET"]}}],"collection":[{"href":"https:\/\/www.evafm.net\/sitio\/wp-json\/wp\/v2\/posts"}],"about":[{"href":"https:\/\/www.evafm.net\/sitio\/wp-json\/wp\/v2\/types\/post"}],"author":[{"embeddable":true,"href":"https:\/\/www.evafm.net\/sitio\/wp-json\/wp\/v2\/users\/5"}],"replies":[{"embeddable":true,"href":"https:\/\/www.evafm.net\/sitio\/wp-json\/wp\/v2\/comments?post=37856"}],"version-history":[{"count":1,"href":"https:\/\/www.evafm.net\/sitio\/wp-json\/wp\/v2\/posts\/37856\/revisions"}],"predecessor-version":[{"id":37858,"href":"https:\/\/www.evafm.net\/sitio\/wp-json\/wp\/v2\/posts\/37856\/revisions\/37858"}],"wp:featuredmedia":[{"embeddable":true,"href":"https:\/\/www.evafm.net\/sitio\/wp-json\/wp\/v2\/media\/37857"}],"wp:attachment":[{"href":"https:\/\/www.evafm.net\/sitio\/wp-json\/wp\/v2\/media?parent=37856"}],"wp:term":[{"taxonomy":"category","embeddable":true,"href":"https:\/\/www.evafm.net\/sitio\/wp-json\/wp\/v2\/categories?post=37856"},{"taxonomy":"post_tag","embeddable":true,"href":"https:\/\/www.evafm.net\/sitio\/wp-json\/wp\/v2\/tags?post=37856"}],"curies":[{"name":"wp","href":"https:\/\/api.w.org\/{rel}","templated":true}]}}