{"id":37859,"date":"2018-08-26T14:48:12","date_gmt":"2018-08-26T19:48:12","guid":{"rendered":"http:\/\/www.evafm.net\/sitio\/?p=37859"},"modified":"2018-08-26T14:48:12","modified_gmt":"2018-08-26T19:48:12","slug":"lider-del-estado-islamico-en-afganistan-cayo-abatido-en-un-ataque-aereo","status":"publish","type":"post","link":"https:\/\/www.evafm.net\/sitio\/lider-del-estado-islamico-en-afganistan-cayo-abatido-en-un-ataque-aereo\/","title":{"rendered":"L\u00edder del Estado Isl\u00e1mico en Afganist\u00e1n cay\u00f3 abatido en un ataque a\u00e9reo"},"content":{"rendered":"<div class=\"row\">\n<div class=\"col-xs-12 col-print-12\">\n<p class=\"element element-paragraph\">El jefe local del grupo terrorista Estado Isl\u00e1mico (ISIS, en ingl\u00e9s) en Afganist\u00e1n y 10 de sus hombre<strong>s murieron en el este del pa\u00eds en un ataque a\u00e9reo,<\/strong>\u00a0anunciaron este domingo responsable del gobierno afgano.<\/p>\n<\/div>\n<\/div>\n<div class=\"row\">\n<div class=\"col-xs-12 col-print-12\">\n<p class=\"element element-paragraph\">\u00ab<strong>Abu Saad Arhabi muri\u00f3 la noche pasada, a las 22:05<\/strong>, en la localidad de Jangal Kaley, distrito de Khogyani, en la provincia de Nangarhar,\u00a0<strong>con diez de sus combatientes<\/strong>\u00ab, declar\u00f3 a la prensa un portavoz de la Direcci\u00f3n Nacional de Seguridad (NSD, por sus siglas en ingl\u00e9s).<\/p>\n<\/div>\n<\/div>\n<div class=\"row\">\n<div class=\"col-xs-12 col-print-12\">\n<p class=\"element element-paragraph\">El ataque a\u00e9reo fue llevado a cabo por la<strong>s \u00abfuerzas a\u00e9reas afganas y extranjeras\u00bb, es decir estadounidenses<\/strong>, agreg\u00f3 la NSD. Nangarhar se encuentra en el este del pa\u00eds, en la frontera con Pakist\u00e1n.<\/p>\n<div class=\"row\">\n<div class=\"col-xs-12 col-print-12\">\n<p class=\"element element-paragraph\">\u00abDos bases y un n\u00famero importante de armas y municiones fueron destruidas\u00bb, agreg\u00f3 la NSD.<\/p>\n<\/div>\n<\/div>\n<div class=\"row\">\n<div class=\"col-xs-12 col-print-12\">\n<p class=\"element element-paragraph\">\u00ab<strong>Saad Arhabi<\/strong>\u00a0<strong>hab\u00eda asumido la direcci\u00f3n del ISIS tras la muerte de su predecesor Abdul Hassib Logari<\/strong>\u00ab, abatido en un ataque a\u00e9reo estadounidense en 2017.<\/p>\n<\/div>\n<\/div>\n<div class=\"row\">\n<div class=\"col-xs-12 col-print-12\">\n<p class=\"element element-paragraph\"><em>Amaq<\/em>, la agencia de noticias del ISIS a\u00fan no emit\u00eda un comunicado respecto. Tampoco ha trascendido un informe al respecto de la Operaci\u00f3n Apoyo Resuelto (Resoluto Support), llevada adelante por la OTAN con el liderazgo de Estados Unidos.<\/p>\n<div class=\"row\">\n<div class=\"col-xs-12 col-print-12\">\n<p class=\"element element-paragraph\">La c\u00e9lula afgana del grupo yihadista, tambi\u00e9n conocida como\u00a0<strong>ISIS-Provincia de Khorasan<\/strong>, opera en el pa\u00eds desde 2015 y ataca regularmente tanto a las fuerzas del gobierno de Afganist\u00e1n como a los talibanes,\u00a0grupo terrorista vern\u00e1culo. Tambi\u00e9n suele atentar contra la poblaci\u00f3n chiita.<\/p>\n<\/div>\n<\/div>\n<div class=\"row\">\n<div class=\"col-xs-12 col-print-12\">\n<p class=\"element element-paragraph\">De acuerdo a estimaciones del ej\u00e9rcito de Estados Unidos, al momento contar\u00edan con unos 2.000 miembros en el pa\u00eds, en un frente considerado secundario en relaci\u00f3n a Siria e Irak.<\/p>\n<p><img decoding=\"async\" src=\"https:\/\/www.infobae.com\/new-resizer\/n6SOyrIYfBP0n6mzlv4y_aXngKA=\/600x0\/filters:quality(100)\/s3.amazonaws.com\/arc-wordpress-client-uploads\/infobae-wp\/wp-content\/uploads\/2017\/05\/07173633\/isis-afganistan-1920.jpg\" alt=\"Militantes del ISIS en Afganist\u00c3\u00a1n\" \/><\/p>\n<p>Militantes del ISIS en Afganist\u00e1n.<\/p>\n<p><img decoding=\"async\" src=\"https:\/\/www.infobae.com\/new-resizer\/8ZQaF9jt7k47yO98rVwnxP85gQw=\/600x0\/filters:quality(100)\/s3.amazonaws.com\/arc-wordpress-client-uploads\/infobae-wp\/wp-content\/uploads\/2017\/08\/25105136\/Atentado-Kabul-Afganistan-17.jpg\" alt=\"Tropas afganas en Kabul (Reuters)\" \/><\/p>\n<p>Tropas afganas en Kabul (Reuters)<\/p>\n<\/div>\n<\/div>\n<div class=\"row\">\n<div class=\"col-xs-12 col-print-12\">\n<p class=\"element element-paragraph\"><em>Con informaci\u00f3n de AFP y Reuters<\/em><\/p>\n<p>Fuente: infobae.com<\/p>\n<\/div>\n<\/div>\n<\/div>\n<\/div>\n<\/div>\n<\/div>\n<div class=\"gsp_post_data\" \r\n\t            data-post_type=\"post\" \r\n\t            data-cat=\"noticias-internacionales\" \r\n\t            data-modified=\"120\"\r\n\t            data-created=\"1535294892\"\r\n\t            data-title=\"L\u00edder del Estado Isl\u00e1mico en Afganist\u00e1n cay\u00f3 abatido en un ataque a\u00e9reo\" \r\n\t            data-home=\"https:\/\/www.evafm.net\/sitio\"><\/div>","protected":false},"excerpt":{"rendered":"<p>El jefe local del grupo terrorista Estado Isl\u00e1mico (ISIS, en ingl\u00e9s) en Afganist\u00e1n y 10 de sus hombres murieron en el este del pa\u00eds en un ataque a\u00e9reo,\u00a0anunciaron este domingo responsable del gobierno afgano. \u00abAbu Saad Arhabi muri\u00f3 la noche pasada, a las 22:05, en la localidad de Jangal Kaley, distrito de Khogyani, en la&#8230;<\/p>\n","protected":false},"author":5,"featured_media":37860,"comment_status":"closed","ping_status":"open","sticky":false,"template":"","format":"standard","meta":{"_joinchat":[],"footnotes":""},"categories":[1345],"tags":[],"class_list":["post-37859","post","type-post","status-publish","format-standard","has-post-thumbnail","hentry","category-noticias-internacionales","have-post-thumb"],"_links":{"self":[{"href":"https:\/\/www.evafm.net\/sitio\/wp-json\/wp\/v2\/posts\/37859","targetHints":{"allow":["GET"]}}],"collection":[{"href":"https:\/\/www.evafm.net\/sitio\/wp-json\/wp\/v2\/posts"}],"about":[{"href":"https:\/\/www.evafm.net\/sitio\/wp-json\/wp\/v2\/types\/post"}],"author":[{"embeddable":true,"href":"https:\/\/www.evafm.net\/sitio\/wp-json\/wp\/v2\/users\/5"}],"replies":[{"embeddable":true,"href":"https:\/\/www.evafm.net\/sitio\/wp-json\/wp\/v2\/comments?post=37859"}],"version-history":[{"count":1,"href":"https:\/\/www.evafm.net\/sitio\/wp-json\/wp\/v2\/posts\/37859\/revisions"}],"predecessor-version":[{"id":37861,"href":"https:\/\/www.evafm.net\/sitio\/wp-json\/wp\/v2\/posts\/37859\/revisions\/37861"}],"wp:featuredmedia":[{"embeddable":true,"href":"https:\/\/www.evafm.net\/sitio\/wp-json\/wp\/v2\/media\/37860"}],"wp:attachment":[{"href":"https:\/\/www.evafm.net\/sitio\/wp-json\/wp\/v2\/media?parent=37859"}],"wp:term":[{"taxonomy":"category","embeddable":true,"href":"https:\/\/www.evafm.net\/sitio\/wp-json\/wp\/v2\/categories?post=37859"},{"taxonomy":"post_tag","embeddable":true,"href":"https:\/\/www.evafm.net\/sitio\/wp-json\/wp\/v2\/tags?post=37859"}],"curies":[{"name":"wp","href":"https:\/\/api.w.org\/{rel}","templated":true}]}}