{"id":37876,"date":"2018-08-26T15:29:22","date_gmt":"2018-08-26T20:29:22","guid":{"rendered":"http:\/\/www.evafm.net\/sitio\/?p=37876"},"modified":"2018-08-26T15:29:22","modified_gmt":"2018-08-26T20:29:22","slug":"julio-iglesias-se-nego-a-realizarse-una-prueba-de-adn","status":"publish","type":"post","link":"https:\/\/www.evafm.net\/sitio\/julio-iglesias-se-nego-a-realizarse-una-prueba-de-adn\/","title":{"rendered":"Julio Iglesias se neg\u00f3 a realizarse una prueba de ADN"},"content":{"rendered":"<p><strong>Julio Iglesias se neg\u00f3 a hacerse la prueba de ADN\u00a0 solicitada por Javier S\u00e1nchez,<\/strong>\u00a0quien busca demostrar que es\u00a0hijo biol\u00f3gico del cantante, fruto de su\u00a0relaci\u00f3n\u00a0con la bailarina\u00a0<strong>Mar\u00eda Edite Santos<\/strong>\u00a0en 1975.<\/p>\n<p>Aunque el artista dej\u00f3 vencer el plazo sin contestar la demanda y\u00a0no accedi\u00f3 a realizarse la prueba de paternidad<strong>, Javier S\u00e1nchez manifest\u00f3 que no se dar\u00e1 por vencido y har\u00e1 lo necesario para demostrar su verdad y ser reconocido.<\/strong><\/p>\n<div class=\"row\">\n<div class=\"col-xs-12 col-print-12\">\n<p class=\"element element-paragraph\">Fernando Osuna, abogado de S\u00e1nchez, exigi\u00f3 ahora al juzgado de primera Instancia N\u00famero 13 de Valencia que\u00a0<strong>solicite nuevamente la prueba de ADN de Julio Iglesias<\/strong>\u00a0<strong>y si vuelve a negarse proceder\u00e1n a\u00a0exigir\u00a0que se compare la muestra gen\u00e9tica de su cliente con la de los hijos reconocidos del artista<\/strong>: Chabeli, Julio Jos\u00e9 y Enrique (fruto de su matrimonio con Isabel Preysler) y a Miguel Alejandro y Rodrigo (hijos de Miranda Rijnsburger).<\/p>\n<\/div>\n<\/div>\n<div class=\"row\">\n<div class=\"col-xs-12 col-print-12\">\n<p class=\"element element-paragraph\">En caso de que estos tampoco\u00a0acepten, entonces\u00a0<strong>Osuna pedir\u00e1 que se comparen las pruebas de S\u00e1nchez con las de los hermanos del cantante.\u00a0<\/strong>Si ellos tambi\u00e9n se niegan, solicitar\u00e1 al Hospital Cl\u00ednico San Carlos de Madrid comparar los restos cadav\u00e9ricos de Julio Iglesias Puga, quien muri\u00f3 en 2005, con los de Javier.<\/p>\n<div class=\"row\">\n<div class=\"col-xs-12 col-print-12\">\n<p class=\"element element-paragraph\">\u00abSi tampoco fuera posible, en \u00faltimo lugar para tratar de preservar el merecido descanso de los muertos, (se pide) la comparaci\u00f3n del ADN de los restos cadav\u00e9ricos de Don Julio Iglesias Puga fallecido el 19 de noviembre de 2005 en Madrid desconoci\u00e9ndose donde descansa su cuerpo y que en caso de haber sido incinerado se solicite al Hospital Cl\u00ednico San Carlos de Madrid, donde falleci\u00f3,<strong>\u00a0si existen restos cadav\u00e9ricos conservados del mismo por cualquier motivo<\/strong>\u00a0(an\u00e1lisis, autopsias, muestras conservadas en parafina o formol, etc) para que fueran comparados con el ADN de mi mandante\u00bb,\u00a0se\u00f1ala el escrito presentado ante el juzgado el jueves 23 de agosto.<\/p>\n<\/div>\n<\/div>\n<div class=\"row\">\n<div class=\"col-xs-12 col-print-12\">\n<p class=\"element element-paragraph\">Por su parte, Javier manifest\u00f3 en una entrevista en el mes de julio que tiene un alivio muy grande<strong>\u00a0porque las muestras de ADN extra\u00eddas de la basura de la casa de Julio Jos\u00e9 Jr. en Miami determinaron que coinciden en un 99.9% con su ADN<\/strong>.<\/p>\n<p>https:\/\/www.instagram.com\/p\/BmsSQw8gTVS\/?utm_source=ig_web_copy_link<\/p>\n<div class=\"single-image\">\n<div class=\"shares\">\n<div class=\"share-button facebook\"><\/div>\n<\/div>\n<p><img decoding=\"async\" id=\"UJ2YBNYMAFD2HI2BKMU3OBGWKQ\" class=\"image-lazy\" src=\"https:\/\/www.infobae.com\/new-resizer\/Q24rh9_Bolrh5chqQwcAT_5VQbI=\/600x0\/filters:quality(100)\/s3.amazonaws.com\/arc-wordpress-client-uploads\/infobae-wp\/wp-content\/uploads\/2018\/07\/16103137\/Javier-Sanchez-presenta-demanda-de-paternidad-contra-Julio-Iglesias-.jpg\" alt=\"Javier Sanchez Santo asegura que es hijo de Julio Iglesias\" width=\"750\" height=\"421.875\" \/><\/div>\n<p><span class=\"credit\">Javier Sanchez Santo asegura que es hijo de Julio Iglesias.<\/span><\/p>\n<p>&nbsp;<\/p>\n<\/div>\n<\/div>\n<\/div>\n<\/div>\n<div class=\"gsp_post_data\" \r\n\t            data-post_type=\"post\" \r\n\t            data-cat=\"farandula-internacional,general\" \r\n\t            data-modified=\"120\"\r\n\t            data-created=\"1535297362\"\r\n\t            data-title=\"Julio Iglesias se neg\u00f3 a realizarse una prueba de ADN\" \r\n\t            data-home=\"https:\/\/www.evafm.net\/sitio\"><\/div>","protected":false},"excerpt":{"rendered":"<p>Julio Iglesias se neg\u00f3 a hacerse la prueba de ADN\u00a0 solicitada por Javier S\u00e1nchez,\u00a0quien busca demostrar que es\u00a0hijo biol\u00f3gico del cantante, fruto de su\u00a0relaci\u00f3n\u00a0con la bailarina\u00a0Mar\u00eda Edite Santos\u00a0en 1975. Aunque el artista dej\u00f3 vencer el plazo sin contestar la demanda y\u00a0no accedi\u00f3 a realizarse la prueba de paternidad, Javier S\u00e1nchez manifest\u00f3 que no se dar\u00e1&#8230;<\/p>\n","protected":false},"author":5,"featured_media":37878,"comment_status":"closed","ping_status":"open","sticky":false,"template":"","format":"standard","meta":{"_joinchat":[],"footnotes":""},"categories":[1346,1720],"tags":[],"class_list":["post-37876","post","type-post","status-publish","format-standard","has-post-thumbnail","hentry","category-farandula-internacional","category-general","have-post-thumb"],"_links":{"self":[{"href":"https:\/\/www.evafm.net\/sitio\/wp-json\/wp\/v2\/posts\/37876","targetHints":{"allow":["GET"]}}],"collection":[{"href":"https:\/\/www.evafm.net\/sitio\/wp-json\/wp\/v2\/posts"}],"about":[{"href":"https:\/\/www.evafm.net\/sitio\/wp-json\/wp\/v2\/types\/post"}],"author":[{"embeddable":true,"href":"https:\/\/www.evafm.net\/sitio\/wp-json\/wp\/v2\/users\/5"}],"replies":[{"embeddable":true,"href":"https:\/\/www.evafm.net\/sitio\/wp-json\/wp\/v2\/comments?post=37876"}],"version-history":[{"count":1,"href":"https:\/\/www.evafm.net\/sitio\/wp-json\/wp\/v2\/posts\/37876\/revisions"}],"predecessor-version":[{"id":37879,"href":"https:\/\/www.evafm.net\/sitio\/wp-json\/wp\/v2\/posts\/37876\/revisions\/37879"}],"wp:featuredmedia":[{"embeddable":true,"href":"https:\/\/www.evafm.net\/sitio\/wp-json\/wp\/v2\/media\/37878"}],"wp:attachment":[{"href":"https:\/\/www.evafm.net\/sitio\/wp-json\/wp\/v2\/media?parent=37876"}],"wp:term":[{"taxonomy":"category","embeddable":true,"href":"https:\/\/www.evafm.net\/sitio\/wp-json\/wp\/v2\/categories?post=37876"},{"taxonomy":"post_tag","embeddable":true,"href":"https:\/\/www.evafm.net\/sitio\/wp-json\/wp\/v2\/tags?post=37876"}],"curies":[{"name":"wp","href":"https:\/\/api.w.org\/{rel}","templated":true}]}}