{"id":37880,"date":"2018-08-26T15:31:57","date_gmt":"2018-08-26T20:31:57","guid":{"rendered":"http:\/\/www.evafm.net\/sitio\/?p=37880"},"modified":"2018-08-26T15:31:57","modified_gmt":"2018-08-26T20:31:57","slug":"nicky-jam-se-divorcia-de-la-modelo-angelica-cruz","status":"publish","type":"post","link":"https:\/\/www.evafm.net\/sitio\/nicky-jam-se-divorcia-de-la-modelo-angelica-cruz\/","title":{"rendered":"Nicky Jam se divorcia de la modelo Ang\u00e9lica Cruz"},"content":{"rendered":"<p>MIAMI.<\/p>\n<p class=\"letter-capitular\">El reguetonero puertorrique\u00f1o\u00a0<strong>Nicky Jam<\/strong>\u00a0se divorci\u00f3 de su esposa, la colombiana Ang\u00e9lica Cruz, tras apenas 18 meses de matrimonio, inform\u00f3 hoy la cadena Telemundo.<\/p>\n<p>El int\u00e9rprete de\u00a0<em>Travesuras<\/em>\u00a0fue el que pidi\u00f3 el divorcio en una corte de Florida y la resoluci\u00f3n, emitida el pasado 21 de agosto, se\u00f1ala \u201cdiferencias irrenconciliables\u201d, seg\u00fan el reporte del programa\u00a0<em>Suelta la Sopa<\/em>, que dio a conocer la noticia.<\/p>\n<p>La pareja contrajo matrimonio civil el 24 de enero de 2017, en Miami, y despu\u00e9s en una gran fiesta se unieron el 3 de febrero en Medell\u00edn, Colombia, una boda a la que a la que asistieron celebridades como Vin Diesel y J Balvin.<\/p>\n<p>El cantante boricua y la modelo se conocieron por la red social Instagram.<\/p>\n<p>La pareja, que no tiene hijos, lleg\u00f3 a un acuerdo de divorcio, seg\u00fan el reporte, pero se desconocen los detalles de la divisi\u00f3n de propiedades y el convenio de manutenci\u00f3n.<\/p>\n<p>La noticia del divorcio se produce luego de que Nicky Jam anunciara la compra de una mansi\u00f3n en la exclusiva comunidad privada de Palm Island, en Miami Beach, por 3.4 millones de d\u00f3lares.<\/p>\n<p>hch<\/p>\n<p>Fuente: excelcior.com.mx<\/p>\n<div class=\"gsp_post_data\" \r\n\t            data-post_type=\"post\" \r\n\t            data-cat=\"farandula-internacional\" \r\n\t            data-modified=\"120\"\r\n\t            data-created=\"1535297517\"\r\n\t            data-title=\"Nicky Jam se divorcia de la modelo Ang\u00e9lica Cruz\" \r\n\t            data-home=\"https:\/\/www.evafm.net\/sitio\"><\/div>","protected":false},"excerpt":{"rendered":"<p>MIAMI. El reguetonero puertorrique\u00f1o\u00a0Nicky Jam\u00a0se divorci\u00f3 de su esposa, la colombiana Ang\u00e9lica Cruz, tras apenas 18 meses de matrimonio, inform\u00f3 hoy la cadena Telemundo. El int\u00e9rprete de\u00a0Travesuras\u00a0fue el que pidi\u00f3 el divorcio en una corte de Florida y la resoluci\u00f3n, emitida el pasado 21 de agosto, se\u00f1ala \u201cdiferencias irrenconciliables\u201d, seg\u00fan el reporte del programa\u00a0Suelta la&#8230;<\/p>\n","protected":false},"author":5,"featured_media":37881,"comment_status":"closed","ping_status":"open","sticky":false,"template":"","format":"standard","meta":{"_joinchat":[],"footnotes":""},"categories":[1346],"tags":[],"class_list":["post-37880","post","type-post","status-publish","format-standard","has-post-thumbnail","hentry","category-farandula-internacional","have-post-thumb"],"_links":{"self":[{"href":"https:\/\/www.evafm.net\/sitio\/wp-json\/wp\/v2\/posts\/37880","targetHints":{"allow":["GET"]}}],"collection":[{"href":"https:\/\/www.evafm.net\/sitio\/wp-json\/wp\/v2\/posts"}],"about":[{"href":"https:\/\/www.evafm.net\/sitio\/wp-json\/wp\/v2\/types\/post"}],"author":[{"embeddable":true,"href":"https:\/\/www.evafm.net\/sitio\/wp-json\/wp\/v2\/users\/5"}],"replies":[{"embeddable":true,"href":"https:\/\/www.evafm.net\/sitio\/wp-json\/wp\/v2\/comments?post=37880"}],"version-history":[{"count":1,"href":"https:\/\/www.evafm.net\/sitio\/wp-json\/wp\/v2\/posts\/37880\/revisions"}],"predecessor-version":[{"id":37882,"href":"https:\/\/www.evafm.net\/sitio\/wp-json\/wp\/v2\/posts\/37880\/revisions\/37882"}],"wp:featuredmedia":[{"embeddable":true,"href":"https:\/\/www.evafm.net\/sitio\/wp-json\/wp\/v2\/media\/37881"}],"wp:attachment":[{"href":"https:\/\/www.evafm.net\/sitio\/wp-json\/wp\/v2\/media?parent=37880"}],"wp:term":[{"taxonomy":"category","embeddable":true,"href":"https:\/\/www.evafm.net\/sitio\/wp-json\/wp\/v2\/categories?post=37880"},{"taxonomy":"post_tag","embeddable":true,"href":"https:\/\/www.evafm.net\/sitio\/wp-json\/wp\/v2\/tags?post=37880"}],"curies":[{"name":"wp","href":"https:\/\/api.w.org\/{rel}","templated":true}]}}