{"id":37883,"date":"2018-08-26T15:35:16","date_gmt":"2018-08-26T20:35:16","guid":{"rendered":"http:\/\/www.evafm.net\/sitio\/?p=37883"},"modified":"2018-08-26T16:17:42","modified_gmt":"2018-08-26T21:17:42","slug":"selena-gomez-se-une-a-ozuna-en-nuevo-tema","status":"publish","type":"post","link":"https:\/\/www.evafm.net\/sitio\/selena-gomez-se-une-a-ozuna-en-nuevo-tema\/","title":{"rendered":"Selena G\u00f3mez se une a Ozuna en nuevo tema"},"content":{"rendered":"<p>Mientras cumpl\u00eda el jueves con las entrevistas de promoci\u00f3n de su segundo \u00e1lbum in\u00e9dito A.U.R.A., el reguetonero Ozuna anticipaba un junte con una figura importante de la m\u00fasica.<\/p>\n<p>Y tan r\u00e1pido como el d\u00eda siguiente, el artista estaba en Los \u00c1ngeles filmando en el v\u00eddeo que acompa\u00f1ar\u00e1 el tema junto a la cantante Selena G\u00f3mez, la rapera Cardi B y DJ Snake.<\/p>\n<p>La canci\u00f3n por estrenar, que llevar\u00e1 por t\u00edtulo Taki Taki, se puede considerar como un regreso al ruedo por parte de la exestrella de Disney, pues desde hace alg\u00fan tiempo son pocos los temas que ha publicado.<\/p>\n<p>G\u00f3mez es, por cierto, la figura con m\u00e1s seguidores a nivel mundial en la red Instagram, lo que sin duda representa un gran atractivo para las dem\u00e1s figuras que comparen cr\u00e9ditos en esta colaboraci\u00f3n.<\/p>\n<p><img decoding=\"async\" src=\"http:\/\/rec-eph.primerahora.com\/images\/2018\/08\/26\/osuna.jpg\" \/><\/p>\n<p>https:\/\/www.instagram.com\/p\/Bm6H8ihh70T\/?utm_source=ig_web_copy_link<\/p>\n<p>https:\/\/www.instagram.com\/p\/Bm4afG-gPS4\/?utm_source=ig_web_copy_link<\/p>\n<p>Fuente: primerahora.com &#8211; instagram.com<\/p>\n<div class=\"gsp_post_data\" \r\n\t            data-post_type=\"post\" \r\n\t            data-cat=\"farandula-internacional\" \r\n\t            data-modified=\"120\"\r\n\t            data-created=\"1535297716\"\r\n\t            data-title=\"Selena G\u00f3mez se une a Ozuna en nuevo tema\" \r\n\t            data-home=\"https:\/\/www.evafm.net\/sitio\"><\/div>","protected":false},"excerpt":{"rendered":"<p>Mientras cumpl\u00eda el jueves con las entrevistas de promoci\u00f3n de su segundo \u00e1lbum in\u00e9dito A.U.R.A., el reguetonero Ozuna anticipaba un junte con una figura importante de la m\u00fasica. Y tan r\u00e1pido como el d\u00eda siguiente, el artista estaba en Los \u00c1ngeles filmando en el v\u00eddeo que acompa\u00f1ar\u00e1 el tema junto a la cantante Selena G\u00f3mez,&#8230;<\/p>\n","protected":false},"author":5,"featured_media":37885,"comment_status":"closed","ping_status":"open","sticky":false,"template":"","format":"standard","meta":{"_joinchat":[],"footnotes":""},"categories":[1346],"tags":[],"class_list":["post-37883","post","type-post","status-publish","format-standard","has-post-thumbnail","hentry","category-farandula-internacional","have-post-thumb"],"_links":{"self":[{"href":"https:\/\/www.evafm.net\/sitio\/wp-json\/wp\/v2\/posts\/37883","targetHints":{"allow":["GET"]}}],"collection":[{"href":"https:\/\/www.evafm.net\/sitio\/wp-json\/wp\/v2\/posts"}],"about":[{"href":"https:\/\/www.evafm.net\/sitio\/wp-json\/wp\/v2\/types\/post"}],"author":[{"embeddable":true,"href":"https:\/\/www.evafm.net\/sitio\/wp-json\/wp\/v2\/users\/5"}],"replies":[{"embeddable":true,"href":"https:\/\/www.evafm.net\/sitio\/wp-json\/wp\/v2\/comments?post=37883"}],"version-history":[{"count":1,"href":"https:\/\/www.evafm.net\/sitio\/wp-json\/wp\/v2\/posts\/37883\/revisions"}],"predecessor-version":[{"id":37887,"href":"https:\/\/www.evafm.net\/sitio\/wp-json\/wp\/v2\/posts\/37883\/revisions\/37887"}],"wp:featuredmedia":[{"embeddable":true,"href":"https:\/\/www.evafm.net\/sitio\/wp-json\/wp\/v2\/media\/37885"}],"wp:attachment":[{"href":"https:\/\/www.evafm.net\/sitio\/wp-json\/wp\/v2\/media?parent=37883"}],"wp:term":[{"taxonomy":"category","embeddable":true,"href":"https:\/\/www.evafm.net\/sitio\/wp-json\/wp\/v2\/categories?post=37883"},{"taxonomy":"post_tag","embeddable":true,"href":"https:\/\/www.evafm.net\/sitio\/wp-json\/wp\/v2\/tags?post=37883"}],"curies":[{"name":"wp","href":"https:\/\/api.w.org\/{rel}","templated":true}]}}