{"id":37893,"date":"2018-08-26T16:07:13","date_gmt":"2018-08-26T21:07:13","guid":{"rendered":"http:\/\/www.evafm.net\/sitio\/?p=37893"},"modified":"2018-08-26T16:07:13","modified_gmt":"2018-08-26T21:07:13","slug":"jerry-rivera-se-recupera-en-una-casa-de-salud-de-guayaquil","status":"publish","type":"post","link":"https:\/\/www.evafm.net\/sitio\/jerry-rivera-se-recupera-en-una-casa-de-salud-de-guayaquil\/","title":{"rendered":"Jerry Rivera se recupera en una casa de salud de Guayaquil"},"content":{"rendered":"<p>El manager del artista puertorrique\u00f1o Jerry Rivera inform\u00f3 la ma\u00f1ana de este domingo 26 de agosto del 2018, en un breve di\u00e1logo con este Diario, que el cantante salsero est\u00e1 estable y se encuentra en una casa de salud de la ciudad de Guayaquil, en la costa del Ecuador.<\/p>\n<p>El representante adelant\u00f3 que se prev\u00e9 trasladar a Rivera en las pr\u00f3ximas horas hacia Florida, en Estados Unidos, para una intervenci\u00f3n sin precisar m\u00e1s detalles.<\/p>\n<p>El artista, tambi\u00e9n conocido como &#8216;el ni\u00f1o de la salsa&#8217;, sufri\u00f3 un accidente la noche del s\u00e1bado 25 de agosto del 2018, cuando se dispon\u00eda a iniciar su presentaci\u00f3n durante el concurso de belleza para elegir a la Reina de Milagro, en la provincia del Guayas.<\/p>\n<p><small>\u00a0<\/small><\/p>\n<blockquote class=\"twitter-tweet\" data-width=\"550\" data-dnt=\"true\">\n<p lang=\"es\" dir=\"ltr\">Jerry Rivera ya se encuentra estable tras sufrir ca\u00edda en el momento que se dispon\u00eda a brindar un concierto en la elecci\u00f3n de la Reina de <a href=\"https:\/\/twitter.com\/hashtag\/Milagro?src=hash&amp;ref_src=twsrc%5Etfw\">#Milagro<\/a>. <a href=\"https:\/\/t.co\/eJyqm9rUE9\">pic.twitter.com\/eJyqm9rUE9<\/a><\/p>\n<p>&mdash; Jefferson Merch\u00e1n Tomal\u00e1 (@MerchanTomala) <a href=\"https:\/\/twitter.com\/MerchanTomala\/status\/1033761864520482818?ref_src=twsrc%5Etfw\">August 26, 2018<\/a><\/p><\/blockquote>\n<p><script async src=\"https:\/\/platform.twitter.com\/widgets.js\" charset=\"utf-8\"><\/script><\/p>\n<p><img decoding=\"async\" src=\"https:\/\/scontent.fgye1-1.fna.fbcdn.net\/v\/t1.0-0\/p526x296\/40098618_2219426301414453_1868299374916796416_n.jpg?_nc_cat=1&amp;oh=5ddcd2290a352f39d8524745154fbb4c&amp;oe=5BF8A9B9\" \/><\/p>\n<blockquote class=\"twitter-tweet\" data-width=\"550\" data-dnt=\"true\">\n<p lang=\"es\" dir=\"ltr\">Esta noche  en <a href=\"https:\/\/twitter.com\/hashtag\/Milagro?src=hash&amp;ref_src=twsrc%5Etfw\">#Milagro<\/a> <a href=\"https:\/\/twitter.com\/hashtag\/Ecuador?src=hash&amp;ref_src=twsrc%5Etfw\">#Ecuador<\/a> estrenando mi sencillo Grabado junto a <a href=\"https:\/\/twitter.com\/yandeloficial?ref_src=twsrc%5Etfw\">@yandeloficial<\/a> &#8211; <a href=\"https:\/\/twitter.com\/hashtag\/Mira?src=hash&amp;ref_src=twsrc%5Etfw\">#Mira<\/a> (Official Video) <a href=\"https:\/\/t.co\/yG9WZjG9Tq\">https:\/\/t.co\/yG9WZjG9Tq<\/a> via <a href=\"https:\/\/twitter.com\/YouTube?ref_src=twsrc%5Etfw\">@YouTube<\/a><\/p>\n<p>&mdash; Jerry Rivera (@jerry_rivera) <a href=\"https:\/\/twitter.com\/jerry_rivera\/status\/1033455410441846784?ref_src=twsrc%5Etfw\">August 25, 2018<\/a><\/p><\/blockquote>\n<p><script async src=\"https:\/\/platform.twitter.com\/widgets.js\" charset=\"utf-8\"><\/script><\/p>\n<p>https:\/\/youtu.be\/BctJLVQM-lE<\/p>\n<p>Fuente: elcomercio.com &#8211; youtube.com<\/p>\n<div class=\"gsp_post_data\" \r\n\t            data-post_type=\"post\" \r\n\t            data-cat=\"farandula-ecuatoriana,general\" \r\n\t            data-modified=\"120\"\r\n\t            data-created=\"1535299633\"\r\n\t            data-title=\"Jerry Rivera se recupera en una casa de salud de Guayaquil\" \r\n\t            data-home=\"https:\/\/www.evafm.net\/sitio\"><\/div>","protected":false},"excerpt":{"rendered":"<p>El manager del artista puertorrique\u00f1o Jerry Rivera inform\u00f3 la ma\u00f1ana de este domingo 26 de agosto del 2018, en un breve di\u00e1logo con este Diario, que el cantante salsero est\u00e1 estable y se encuentra en una casa de salud de la ciudad de Guayaquil, en la costa del Ecuador. El representante adelant\u00f3 que se prev\u00e9&#8230;<\/p>\n","protected":false},"author":5,"featured_media":37897,"comment_status":"closed","ping_status":"open","sticky":false,"template":"","format":"standard","meta":{"_joinchat":[],"footnotes":""},"categories":[1562,1720],"tags":[],"class_list":["post-37893","post","type-post","status-publish","format-standard","has-post-thumbnail","hentry","category-farandula-ecuatoriana","category-general","have-post-thumb"],"_links":{"self":[{"href":"https:\/\/www.evafm.net\/sitio\/wp-json\/wp\/v2\/posts\/37893","targetHints":{"allow":["GET"]}}],"collection":[{"href":"https:\/\/www.evafm.net\/sitio\/wp-json\/wp\/v2\/posts"}],"about":[{"href":"https:\/\/www.evafm.net\/sitio\/wp-json\/wp\/v2\/types\/post"}],"author":[{"embeddable":true,"href":"https:\/\/www.evafm.net\/sitio\/wp-json\/wp\/v2\/users\/5"}],"replies":[{"embeddable":true,"href":"https:\/\/www.evafm.net\/sitio\/wp-json\/wp\/v2\/comments?post=37893"}],"version-history":[{"count":1,"href":"https:\/\/www.evafm.net\/sitio\/wp-json\/wp\/v2\/posts\/37893\/revisions"}],"predecessor-version":[{"id":37898,"href":"https:\/\/www.evafm.net\/sitio\/wp-json\/wp\/v2\/posts\/37893\/revisions\/37898"}],"wp:featuredmedia":[{"embeddable":true,"href":"https:\/\/www.evafm.net\/sitio\/wp-json\/wp\/v2\/media\/37897"}],"wp:attachment":[{"href":"https:\/\/www.evafm.net\/sitio\/wp-json\/wp\/v2\/media?parent=37893"}],"wp:term":[{"taxonomy":"category","embeddable":true,"href":"https:\/\/www.evafm.net\/sitio\/wp-json\/wp\/v2\/categories?post=37893"},{"taxonomy":"post_tag","embeddable":true,"href":"https:\/\/www.evafm.net\/sitio\/wp-json\/wp\/v2\/tags?post=37893"}],"curies":[{"name":"wp","href":"https:\/\/api.w.org\/{rel}","templated":true}]}}