{"id":37925,"date":"2018-08-27T15:21:10","date_gmt":"2018-08-27T20:21:10","guid":{"rendered":"http:\/\/www.evafm.net\/sitio\/?p=37925"},"modified":"2018-08-27T15:21:10","modified_gmt":"2018-08-27T20:21:10","slug":"corazoncito-mio-lo-nuevo-de-maria-cristina-plata","status":"publish","type":"post","link":"https:\/\/www.evafm.net\/sitio\/corazoncito-mio-lo-nuevo-de-maria-cristina-plata\/","title":{"rendered":"\u00abCorazoncito M\u00edo\u00bb, lo nuevo de Mar\u00eda Cristina Plata"},"content":{"rendered":"<p>De esta artista, nacida en B<strong>ucaramanga, Santander,<\/strong>\u00a0los referentes que hay son su profunda conexi\u00f3n con la m\u00fasica andina. No en vano hizo parte del aclamado dueto\u00a0<em>Trapiche Mol\u00e9<\/em>\u00a0por m\u00e1s de 10 a\u00f1os, recorri\u00f3 cuanto festival\u00a0 pudo y gan\u00f3 muchos reconocimientos, entre ellos el\u00a0<strong>Gran Premio Mono N\u00fa\u00f1ez<\/strong>. \u00a0Todo ese bagaje y conexi\u00f3n con \u00a0sus ra\u00edces, le han permitido explorar con cautela en g\u00e9neros como la zamba argentina, el pasaje llanero, el carnavalito y en general, en \u00a0la m\u00fasica latinoamericana.<\/p>\n<p><strong>\u201cCorazoncito m\u00edo\u201d<\/strong>\u00a0tiene todos los elementos de una gran canci\u00f3n. La potencia y expresividad vocal, la letra acertada y\u00a0 concreta, sumado al oxigeno que trae para refrescar los o\u00eddos, las playlist y la manera con una nueva generaci\u00f3n entiende la m\u00fasica.<\/p>\n<p>La canci\u00f3n se estrena hoy \u00a0y es un adelanto de lo que viene en su tercer disco como solista. Conversamos con ella desde<strong>\u00a0Par\u00eds,<\/strong>\u00a0en medio de su segunda gira por Europa.<\/p>\n<p><strong>\u00bfC\u00f3mo fue llegar al sonido de Corazoncito M\u00edo?<\/strong><br \/>\nPara mi es una gran emoci\u00f3n haber trabajado esta canci\u00f3n, haber hecho el arreglo y haber trabajado con m\u00fasicos que admiro. He sentido una conexi\u00f3n muy grande con el bolero, con la m\u00fasica cubana y siempre hab\u00eda querido hacer algo que tuviera este tipo de sonidos. Pienso que \u201cCorazoncito M\u00edo\u201d es un bolero lleno no de tantas palabras, pero s\u00ed de mucho sentimiento.<\/p>\n<p><strong>\u00bfLos arreglos de la canci\u00f3n c\u00f3mo se fueron construyendo. Fue algo planeado o espont\u00e1neo?<\/strong><\/p>\n<p>El proceso de arreglar la canci\u00f3n fue algo muy lindo porque fue directamente de mi cabeza al momento de la grabaci\u00f3n, probando cosas y explorando y sobre todo contando con un maravilloso equipo de personas que me dieron mucha alegr\u00eda en el proceso. Hicimos dos versiones, una que era mucho m\u00e1s lenta, pero despu\u00e9s de haber hecho un disco tan trascendental como lo fue \u201cDespu\u00e9s de todo\u201d decid\u00ed que a pesar de seguir hablando de desamor quer\u00eda darle un aire m\u00e1s fresco a la m\u00fasica y un poco m\u00e1s ligero. Fue as\u00ed como surgi\u00f3 la idea de incluir en la canci\u00f3n un aire de Bachata dominicana.<\/p>\n<p><strong>\u00bfDe qu\u00e9 habla la canci\u00f3n?<\/strong><\/p>\n<p>Es una canci\u00f3n que le habla al coraz\u00f3n, y le explica que efectivamente ese amor tan importante ya no estar\u00e1, que simplemente \u201cno nos quieren m\u00e1s\u201d.\u00a0 El coraz\u00f3n (como suele ocurrirnos) no quiere entenderlo, pero la canci\u00f3n lo reitera una y otra vez de manera muy amorosa, siento que la canci\u00f3n consiente un poco al coraz\u00f3n para as\u00ed hacerlo entrar en raz\u00f3n.<\/p>\n<p>Corazoncito m\u00edo estar\u00e1 a partir de hoy disponible en todas las plataformas digitales.<\/p>\n<p><iframe title=\"Corazoncito M\u00edo (Video Lyric) - Mar\u00eda Cristina Plata\" width=\"1200\" height=\"675\" src=\"https:\/\/www.youtube.com\/embed\/KXK0gg1gaZQ?feature=oembed\" frameborder=\"0\" allow=\"accelerometer; autoplay; clipboard-write; encrypted-media; gyroscope; picture-in-picture; web-share\" referrerpolicy=\"strict-origin-when-cross-origin\" allowfullscreen><\/iframe><\/p>\n<p><em>Periodista musical<\/em><\/p>\n<p>Fuente: elespectador.com<\/p>\n<p>&nbsp;<\/p>\n<div class=\"gsp_post_data\" \r\n\t            data-post_type=\"post\" \r\n\t            data-cat=\"general,musica-internacional\" \r\n\t            data-modified=\"120\"\r\n\t            data-created=\"1535383270\"\r\n\t            data-title=\"\u00abCorazoncito M\u00edo\u00bb, lo nuevo de Mar\u00eda Cristina Plata\" \r\n\t            data-home=\"https:\/\/www.evafm.net\/sitio\"><\/div>","protected":false},"excerpt":{"rendered":"<p>De esta artista, nacida en Bucaramanga, Santander,\u00a0los referentes que hay son su profunda conexi\u00f3n con la m\u00fasica andina. No en vano hizo parte del aclamado dueto\u00a0Trapiche Mol\u00e9\u00a0por m\u00e1s de 10 a\u00f1os, recorri\u00f3 cuanto festival\u00a0 pudo y gan\u00f3 muchos reconocimientos, entre ellos el\u00a0Gran Premio Mono N\u00fa\u00f1ez. \u00a0Todo ese bagaje y conexi\u00f3n con \u00a0sus ra\u00edces, le han&#8230;<\/p>\n","protected":false},"author":5,"featured_media":37927,"comment_status":"closed","ping_status":"open","sticky":false,"template":"","format":"standard","meta":{"_joinchat":[],"footnotes":""},"categories":[1720,2],"tags":[],"class_list":["post-37925","post","type-post","status-publish","format-standard","has-post-thumbnail","hentry","category-general","category-musica-internacional","have-post-thumb"],"_links":{"self":[{"href":"https:\/\/www.evafm.net\/sitio\/wp-json\/wp\/v2\/posts\/37925","targetHints":{"allow":["GET"]}}],"collection":[{"href":"https:\/\/www.evafm.net\/sitio\/wp-json\/wp\/v2\/posts"}],"about":[{"href":"https:\/\/www.evafm.net\/sitio\/wp-json\/wp\/v2\/types\/post"}],"author":[{"embeddable":true,"href":"https:\/\/www.evafm.net\/sitio\/wp-json\/wp\/v2\/users\/5"}],"replies":[{"embeddable":true,"href":"https:\/\/www.evafm.net\/sitio\/wp-json\/wp\/v2\/comments?post=37925"}],"version-history":[{"count":1,"href":"https:\/\/www.evafm.net\/sitio\/wp-json\/wp\/v2\/posts\/37925\/revisions"}],"predecessor-version":[{"id":37928,"href":"https:\/\/www.evafm.net\/sitio\/wp-json\/wp\/v2\/posts\/37925\/revisions\/37928"}],"wp:featuredmedia":[{"embeddable":true,"href":"https:\/\/www.evafm.net\/sitio\/wp-json\/wp\/v2\/media\/37927"}],"wp:attachment":[{"href":"https:\/\/www.evafm.net\/sitio\/wp-json\/wp\/v2\/media?parent=37925"}],"wp:term":[{"taxonomy":"category","embeddable":true,"href":"https:\/\/www.evafm.net\/sitio\/wp-json\/wp\/v2\/categories?post=37925"},{"taxonomy":"post_tag","embeddable":true,"href":"https:\/\/www.evafm.net\/sitio\/wp-json\/wp\/v2\/tags?post=37925"}],"curies":[{"name":"wp","href":"https:\/\/api.w.org\/{rel}","templated":true}]}}