{"id":37929,"date":"2018-08-27T15:27:16","date_gmt":"2018-08-27T20:27:16","guid":{"rendered":"http:\/\/www.evafm.net\/sitio\/?p=37929"},"modified":"2018-08-27T15:27:16","modified_gmt":"2018-08-27T20:27:16","slug":"ben-affleck-y-jennifer-garner-logran-acuerdo-de-divorcio","status":"publish","type":"post","link":"https:\/\/www.evafm.net\/sitio\/ben-affleck-y-jennifer-garner-logran-acuerdo-de-divorcio\/","title":{"rendered":"Ben Affleck y Jennifer Garner logran acuerdo de divorcio"},"content":{"rendered":"<p>De acuerdo con\u00a0E! News,\u00a0Ben Affleck y Jennifer Garner\u00a0finalmente llegaron a un acuerdo de divorcio que se concretar\u00e1 despu\u00e9s de que el actor finalice su tratamiento de rehabilitaci\u00f3n.<\/p>\n<p>Affleck de 46 a\u00f1os de edad, ingres\u00f3 a un centro de rehabilitaci\u00f3n despu\u00e9s de una reca\u00edda en su constante lucha con la adicci\u00f3n al alcohol.<\/p>\n<p>Por su parte, Garner fue la encargada de conducir a la estrella de Batman a que acudiera a rehabilitaci\u00f3n para poder ser tratado en un tercer proceso de rehabilitaci\u00f3n a lo largo de 17 a\u00f1os de su vida que ha sido paciente del mismo centro de salud.<\/p>\n<p>La pareja sorprendi\u00f3 al mundo entero al anunciar su separaci\u00f3n en el a\u00f1o 2015, decisi\u00f3n que fue formalizada con una demanda de divorcio que fue presentada en una corte de California en el a\u00f1o 2017.<\/p>\n<p>La fuente de E! News asegur\u00f3 que la pareja dar\u00e1 a conocer su acuerdo final de divorcio en la corte despu\u00e9s de que Affleck logre salir del centro de tratamiento en el que estar\u00e1 recluido por al menos 30 d\u00edas desde la presente fecha.<\/p>\n<p>Recientemente, los actores se apoderaron de los titulares de prensa tras darse a conocer de que su demanda de divorcio estaba por ser desestimado en la corte por falta de documentos legales que no hab\u00edan sido proporcionados por ambas partes.<\/p>\n<p>Hace unas semanas, Ben cont\u00f3 con la presencia de Jennifer en la celebraci\u00f3n de su cumplea\u00f1os en Los \u00c1ngeles, California.<\/p>\n<p>Los \u00faltimos d\u00edas han estado llenos de grandes pol\u00e9micas en relaci\u00f3n a Ben Affleck ya que se dio a conocer que se encuentra en una etapa inicial de un romance con una reconocida modelo de Playboy.<\/p>\n<p>https:\/\/www.instagram.com\/p\/Bmv0qEbBYg0\/?utm_source=ig_web_copy_link<\/p>\n<p>https:\/\/www.instagram.com\/p\/BiS8B9dnfnk\/?utm_source=ig_web_copy_link<\/p>\n<p>Fuente: mundohispanico.com &#8211; instagram.com<\/p>\n<div class=\"gsp_post_data\" \r\n\t            data-post_type=\"post\" \r\n\t            data-cat=\"farandula-internacional,general\" \r\n\t            data-modified=\"120\"\r\n\t            data-created=\"1535383636\"\r\n\t            data-title=\"Ben Affleck y Jennifer Garner logran acuerdo de divorcio\" \r\n\t            data-home=\"https:\/\/www.evafm.net\/sitio\"><\/div>","protected":false},"excerpt":{"rendered":"<p>De acuerdo con\u00a0E! News,\u00a0Ben Affleck y Jennifer Garner\u00a0finalmente llegaron a un acuerdo de divorcio que se concretar\u00e1 despu\u00e9s de que el actor finalice su tratamiento de rehabilitaci\u00f3n. Affleck de 46 a\u00f1os de edad, ingres\u00f3 a un centro de rehabilitaci\u00f3n despu\u00e9s de una reca\u00edda en su constante lucha con la adicci\u00f3n al alcohol. Por su parte,&#8230;<\/p>\n","protected":false},"author":5,"featured_media":37932,"comment_status":"closed","ping_status":"open","sticky":false,"template":"","format":"standard","meta":{"_joinchat":[],"footnotes":""},"categories":[1346,1720],"tags":[],"class_list":["post-37929","post","type-post","status-publish","format-standard","has-post-thumbnail","hentry","category-farandula-internacional","category-general","have-post-thumb"],"_links":{"self":[{"href":"https:\/\/www.evafm.net\/sitio\/wp-json\/wp\/v2\/posts\/37929","targetHints":{"allow":["GET"]}}],"collection":[{"href":"https:\/\/www.evafm.net\/sitio\/wp-json\/wp\/v2\/posts"}],"about":[{"href":"https:\/\/www.evafm.net\/sitio\/wp-json\/wp\/v2\/types\/post"}],"author":[{"embeddable":true,"href":"https:\/\/www.evafm.net\/sitio\/wp-json\/wp\/v2\/users\/5"}],"replies":[{"embeddable":true,"href":"https:\/\/www.evafm.net\/sitio\/wp-json\/wp\/v2\/comments?post=37929"}],"version-history":[{"count":1,"href":"https:\/\/www.evafm.net\/sitio\/wp-json\/wp\/v2\/posts\/37929\/revisions"}],"predecessor-version":[{"id":37933,"href":"https:\/\/www.evafm.net\/sitio\/wp-json\/wp\/v2\/posts\/37929\/revisions\/37933"}],"wp:featuredmedia":[{"embeddable":true,"href":"https:\/\/www.evafm.net\/sitio\/wp-json\/wp\/v2\/media\/37932"}],"wp:attachment":[{"href":"https:\/\/www.evafm.net\/sitio\/wp-json\/wp\/v2\/media?parent=37929"}],"wp:term":[{"taxonomy":"category","embeddable":true,"href":"https:\/\/www.evafm.net\/sitio\/wp-json\/wp\/v2\/categories?post=37929"},{"taxonomy":"post_tag","embeddable":true,"href":"https:\/\/www.evafm.net\/sitio\/wp-json\/wp\/v2\/tags?post=37929"}],"curies":[{"name":"wp","href":"https:\/\/api.w.org\/{rel}","templated":true}]}}