{"id":37952,"date":"2018-08-28T12:07:47","date_gmt":"2018-08-28T17:07:47","guid":{"rendered":"http:\/\/www.evafm.net\/sitio\/?p=37952"},"modified":"2018-08-28T12:07:47","modified_gmt":"2018-08-28T17:07:47","slug":"francisco-jimenez-es-el-virtual-candidato-de-creo-a-la-alcaldia-de-guayaquil","status":"publish","type":"post","link":"https:\/\/www.evafm.net\/sitio\/francisco-jimenez-es-el-virtual-candidato-de-creo-a-la-alcaldia-de-guayaquil\/","title":{"rendered":"Francisco Jim\u00e9nez es el virtual candidato de CREO a la Alcald\u00eda de Guayaquil"},"content":{"rendered":"<p>Otro nombre se sumar\u00eda a la\u00a0<b>papeleta<\/b>\u00a0<b>electoral<\/b>\u00a0para la Alcald\u00eda de Guayaquil.\u00a0<b>Francisco Jim\u00e9nez<\/b>\u00a0es el virtual aspirante por el movimiento CREO al sill\u00f3n de Olmedo.<\/p>\n<p>C\u00e9sar Monge, presidente nacional de la organizaci\u00f3n pol\u00edtica, asegur\u00f3 que solo esperan el pronunciamiento de la asamblea del movimiento para definir algunas\u00a0<b>candidaturas<\/b>, entre ellas la de Jim\u00e9nez en Guayaquil, que est\u00e1 seguro ir\u00e1 por el lado de lo que las bases de CREO piden en la ciudad y eso es la candidatura del ahora presidente de CREO en Guayaquil. \u201cEl\u00a0<b>sentimiento<\/b>\u00a0popular se va definiendo claramente en lugares como Guayaquil.<\/p>\n<p>As\u00ed que, lo que suceda formalmente (en la asamblea), estoy seguro que ir\u00e1 en la l\u00ednea de lo que la estructura est\u00e1 pidi\u00e9ndole al partido: en Guayaquil, Francisco Jim\u00e9nez\u201d.<\/p>\n<p>La asamblea de\u00a0<b>CREO<\/b>\u00a0est\u00e1 prevista para este pr\u00f3ximo octubre, tentativamente en Quito.<\/p>\n<p>Jim\u00e9nez, abogado guayaquile\u00f1o, fue gobernador del Guayas durante el Gobierno del expresidente\u00a0<b>Rafael Correa<\/b>.<\/p>\n<p>Perteneci\u00f3 al extinto movimiento Ruptura de los 25 del que fue candidato a la Asamblea Nacional en las elecciones de 2013.<\/p>\n<p>Su nombre se sumar\u00eda al de\u00a0<b>Cynthia Viteri<\/b>, por el Partido Social Cristiano; al de<b>Jimmy Jairala<\/b>, por el movimiento Centro Democr\u00e1tico; y al de Bol\u00edvar Rosero, por el partido Sociedad Patri\u00f3tica.<\/p>\n<p>Fuente: expreso.ec<\/p>\n<div class=\"gsp_post_data\" \r\n\t            data-post_type=\"post\" \r\n\t            data-cat=\"general,noticias-ecuador\" \r\n\t            data-modified=\"120\"\r\n\t            data-created=\"1535458067\"\r\n\t            data-title=\"Francisco Jim\u00e9nez es el virtual candidato de CREO a la Alcald\u00eda de Guayaquil\" \r\n\t            data-home=\"https:\/\/www.evafm.net\/sitio\"><\/div>","protected":false},"excerpt":{"rendered":"<p>Otro nombre se sumar\u00eda a la\u00a0papeleta\u00a0electoral\u00a0para la Alcald\u00eda de Guayaquil.\u00a0Francisco Jim\u00e9nez\u00a0es el virtual aspirante por el movimiento CREO al sill\u00f3n de Olmedo. C\u00e9sar Monge, presidente nacional de la organizaci\u00f3n pol\u00edtica, asegur\u00f3 que solo esperan el pronunciamiento de la asamblea del movimiento para definir algunas\u00a0candidaturas, entre ellas la de Jim\u00e9nez en Guayaquil, que est\u00e1 seguro ir\u00e1&#8230;<\/p>\n","protected":false},"author":5,"featured_media":37953,"comment_status":"closed","ping_status":"open","sticky":false,"template":"","format":"standard","meta":{"_joinchat":[],"footnotes":""},"categories":[1720,1558],"tags":[],"class_list":["post-37952","post","type-post","status-publish","format-standard","has-post-thumbnail","hentry","category-general","category-noticias-ecuador","have-post-thumb"],"_links":{"self":[{"href":"https:\/\/www.evafm.net\/sitio\/wp-json\/wp\/v2\/posts\/37952","targetHints":{"allow":["GET"]}}],"collection":[{"href":"https:\/\/www.evafm.net\/sitio\/wp-json\/wp\/v2\/posts"}],"about":[{"href":"https:\/\/www.evafm.net\/sitio\/wp-json\/wp\/v2\/types\/post"}],"author":[{"embeddable":true,"href":"https:\/\/www.evafm.net\/sitio\/wp-json\/wp\/v2\/users\/5"}],"replies":[{"embeddable":true,"href":"https:\/\/www.evafm.net\/sitio\/wp-json\/wp\/v2\/comments?post=37952"}],"version-history":[{"count":1,"href":"https:\/\/www.evafm.net\/sitio\/wp-json\/wp\/v2\/posts\/37952\/revisions"}],"predecessor-version":[{"id":37954,"href":"https:\/\/www.evafm.net\/sitio\/wp-json\/wp\/v2\/posts\/37952\/revisions\/37954"}],"wp:featuredmedia":[{"embeddable":true,"href":"https:\/\/www.evafm.net\/sitio\/wp-json\/wp\/v2\/media\/37953"}],"wp:attachment":[{"href":"https:\/\/www.evafm.net\/sitio\/wp-json\/wp\/v2\/media?parent=37952"}],"wp:term":[{"taxonomy":"category","embeddable":true,"href":"https:\/\/www.evafm.net\/sitio\/wp-json\/wp\/v2\/categories?post=37952"},{"taxonomy":"post_tag","embeddable":true,"href":"https:\/\/www.evafm.net\/sitio\/wp-json\/wp\/v2\/tags?post=37952"}],"curies":[{"name":"wp","href":"https:\/\/api.w.org\/{rel}","templated":true}]}}