{"id":37976,"date":"2018-08-28T13:08:23","date_gmt":"2018-08-28T18:08:23","guid":{"rendered":"http:\/\/www.evafm.net\/sitio\/?p=37976"},"modified":"2018-08-28T13:08:23","modified_gmt":"2018-08-28T18:08:23","slug":"zendaya-sera-ariel-en-la-nueva-version-de-la-sirenita","status":"publish","type":"post","link":"https:\/\/www.evafm.net\/sitio\/zendaya-sera-ariel-en-la-nueva-version-de-la-sirenita\/","title":{"rendered":"\u00bfZendaya ser\u00e1 Ariel en la nueva versi\u00f3n de \u00abLa sirenita\u00bb?"},"content":{"rendered":"<p>Varios medios del sector han empezado a hacerse eco a lo largo de los \u00faltimos d\u00edas de los rumores que aseguran que los estudios\u00a0<strong>Disney habr\u00edan elegido a una de sus estrellas m\u00e1s longevas y rentables, Zendaya,<\/strong>\u00a0para encabezar el reboot del cl\u00e1sico\u00a0<em>La sirenita.<\/em><\/p>\n<p>Por el momento los representantes de la joven no han querido confirmar ni desmentir la noticia de que ella ser\u00eda la encargada de protagonizar el filme que dirigir\u00e1\u00a0<strong>Rob Marshall<\/strong>, que actualidad termina\u00a0los detalles del remake de\u00a0<strong>Mary Poppins<\/strong>, y cuya legendaria banda sonora correr\u00e1 a cargo de Lin-Manuel Miranda y Rob Marshall. Sin embargo, la posibilidad de que as\u00ed fuera se ve respaldada por el hecho de que la int\u00e9rprete lleve tiempo tratando de conseguir m\u00e1s papeles en la gran pantalla y de que siempre se ha mostrado dispuesta a trabajar con la factor\u00eda que le dio la fama.<\/p>\n<p>Al mismo tiempo, su elecci\u00f3n para meterse en la piel de un personaje tan ic\u00f3nico implicar\u00eda darle un giro a la historia, en vista de que una de las se\u00f1as de identidad de Ariel es su melena pelirroja, que por otra parte se adaptar\u00eda a los aires de cambio que soplan en Hollywood en pos de la inclusi\u00f3n. Como apuntan varias voces, su presencia en el elenco podr\u00eda suponer que tambi\u00e9n se optara por contratar a actores de color para dar vida al menos a su padre &#8211;<strong>Trit\u00f3n-\u00a0<\/strong>y a sus hermanas en la ficci\u00f3n.<\/p>\n<p>La versi\u00f3n de Disney competir\u00e1 con la que prepara tambi\u00e9n Universal y que se esperaba que protagonizara\u00a0<strong>Chlo\u00eb Grace Moretz.\u00a0<\/strong>Sin embargo, la protagonista de\u00a0<em>Kick-ass\u00a0<\/em>renunci\u00f3 al proyecto por problemas de agenda despu\u00e9s de decidir -en sus propias palabras- que era hora de mostrarse m\u00e1s selectiva a la hora de elegir sus trabajos.<\/p>\n<p>Fuente: elespectador.com<\/p>\n<div class=\"gsp_post_data\" \r\n\t            data-post_type=\"post\" \r\n\t            data-cat=\"espectaculos,general\" \r\n\t            data-modified=\"120\"\r\n\t            data-created=\"1535461703\"\r\n\t            data-title=\"\u00bfZendaya ser\u00e1 Ariel en la nueva versi\u00f3n de \u00abLa sirenita\u00bb?\" \r\n\t            data-home=\"https:\/\/www.evafm.net\/sitio\"><\/div>","protected":false},"excerpt":{"rendered":"<p>Varios medios del sector han empezado a hacerse eco a lo largo de los \u00faltimos d\u00edas de los rumores que aseguran que los estudios\u00a0Disney habr\u00edan elegido a una de sus estrellas m\u00e1s longevas y rentables, Zendaya,\u00a0para encabezar el reboot del cl\u00e1sico\u00a0La sirenita. Por el momento los representantes de la joven no han querido confirmar ni&#8230;<\/p>\n","protected":false},"author":5,"featured_media":37977,"comment_status":"closed","ping_status":"open","sticky":false,"template":"","format":"standard","meta":{"_joinchat":[],"footnotes":""},"categories":[4,1720],"tags":[],"class_list":["post-37976","post","type-post","status-publish","format-standard","has-post-thumbnail","hentry","category-espectaculos","category-general","have-post-thumb"],"_links":{"self":[{"href":"https:\/\/www.evafm.net\/sitio\/wp-json\/wp\/v2\/posts\/37976","targetHints":{"allow":["GET"]}}],"collection":[{"href":"https:\/\/www.evafm.net\/sitio\/wp-json\/wp\/v2\/posts"}],"about":[{"href":"https:\/\/www.evafm.net\/sitio\/wp-json\/wp\/v2\/types\/post"}],"author":[{"embeddable":true,"href":"https:\/\/www.evafm.net\/sitio\/wp-json\/wp\/v2\/users\/5"}],"replies":[{"embeddable":true,"href":"https:\/\/www.evafm.net\/sitio\/wp-json\/wp\/v2\/comments?post=37976"}],"version-history":[{"count":1,"href":"https:\/\/www.evafm.net\/sitio\/wp-json\/wp\/v2\/posts\/37976\/revisions"}],"predecessor-version":[{"id":37978,"href":"https:\/\/www.evafm.net\/sitio\/wp-json\/wp\/v2\/posts\/37976\/revisions\/37978"}],"wp:featuredmedia":[{"embeddable":true,"href":"https:\/\/www.evafm.net\/sitio\/wp-json\/wp\/v2\/media\/37977"}],"wp:attachment":[{"href":"https:\/\/www.evafm.net\/sitio\/wp-json\/wp\/v2\/media?parent=37976"}],"wp:term":[{"taxonomy":"category","embeddable":true,"href":"https:\/\/www.evafm.net\/sitio\/wp-json\/wp\/v2\/categories?post=37976"},{"taxonomy":"post_tag","embeddable":true,"href":"https:\/\/www.evafm.net\/sitio\/wp-json\/wp\/v2\/tags?post=37976"}],"curies":[{"name":"wp","href":"https:\/\/api.w.org\/{rel}","templated":true}]}}