{"id":37985,"date":"2018-08-28T15:24:41","date_gmt":"2018-08-28T20:24:41","guid":{"rendered":"http:\/\/www.evafm.net\/sitio\/?p=37985"},"modified":"2018-08-28T15:24:41","modified_gmt":"2018-08-28T20:24:41","slug":"dan-ultimo-adios-a-aretha-franklin-en-velorio-publico","status":"publish","type":"post","link":"https:\/\/www.evafm.net\/sitio\/dan-ultimo-adios-a-aretha-franklin-en-velorio-publico\/","title":{"rendered":"Dan \u00faltimo adi\u00f3s a Aretha Franklin en velorio p\u00fablico"},"content":{"rendered":"<p><strong>Detroit<\/strong>. Admiradores comenzaron a llegar al Museo de Historia Afroamericana Charles H. Wright en Detroit el martes para dar el \u00faltimo adi\u00f3s a Aretha Franklin.<\/p>\n<p>Se acercaron al f\u00e9retro ba\u00f1ado en oro mientras al fondo sonaban sus grabaciones de g\u00f3spel. Yac\u00eda en reposo, vestida de rojo de la cabeza a los pies, con zapatos de tac\u00f3n alto.<\/p>\n<p>Al aproximarse, gente que vino de lugares tan remotos como Las Vegas y Miami llor\u00f3, se persign\u00f3, inclin\u00f3 la cabeza y le lanz\u00f3 besos.<\/p>\n<p>Kelly Major Green, miembro de la junta directiva del museo, dijo que la intenci\u00f3n era crear un ambiente digno y respetuoso similar al de una iglesia, el lugar donde Franklin tuvo sus inicios.<\/p>\n<p>\u00abQuisimos ser un reflejo de la Reina\u00bb, dijo Green. \u00abEs hermoso. Ella es hermosa\u00bb.<\/p>\n<p>Con las piernas cruzadas a la altura de los tobillos, Franklin comunica tanto poder como comodidad, como lo hizo en vida, explic\u00f3 Green. Los zapatos, en particular, muestran que \u00abla Reina del Soul es diva hasta el final\u00bb.<\/p>\n<p>Tammy Gibson, una mujer de 49 a\u00f1os de Chicago, dijo que lleg\u00f3 sola alrededor de las 5:30 de la ma\u00f1ana pero se hizo amigos r\u00e1pidamente de otros que cantaban y rememoraban a la artista.<\/p>\n<p>Mientras crec\u00eda, Gibson dijo que sus padres pon\u00edan la m\u00fasica de Franklin \u00abtodo el tiempo\u00bb y le dec\u00edan \u00abvete a la cama, esto es una fiesta para adultos\u00bb.<\/p>\n<p>\u00abS\u00e9 que la gente est\u00e1 triste, pero es una celebraci\u00f3n: la gente est\u00e1 bailando y cantando su m\u00fasica\u00bb, expres\u00f3 afuera del museo. Franklin ha sido una constante en su vida.<\/p>\n<p>\u00abVi el ata\u00fad recubierto de oro y ca\u00ed en cuenta: se ha ido, pero su legado y su m\u00fasica vivir\u00e1n por siempre\u00bb.<\/p>\n<p>El marco para el velorio p\u00fablico de dos d\u00edas no podr\u00eda ser m\u00e1s apropiado, seg\u00fan Paula Marie Seniors, profesora adjunta de estudios africanos en Virginia Tech.<\/p>\n<p>\u00abPienso que es incre\u00edblemente significativo. Est\u00e1 siendo honrada casi como una reina en uno de los museos negros m\u00e1s importantes de Estados Unidos\u00bb, dijo la docente, quien visit\u00f3 la instituci\u00f3n hace varios a\u00f1os mientras hac\u00eda una investigaci\u00f3n.<\/p>\n<p>La \u00abReina del Soul\u00bb, dijo Seniors, era \u00abuna cantante del universo\u00bb. Pero agreg\u00f3 que Franklin, quien muri\u00f3 el 16 de agosto de c\u00e1ncer pancre\u00e1tico a los 76 a\u00f1os, tambi\u00e9n \u00abpresum\u00eda su negritud \u2014 estaba muy orgullosa de ser una mujer negra\u00bb.<\/p>\n<p>Franklin no se consideraba una catalizadora del movimiento de las mujeres o al frente de la lucha por los derechos civiles. Pero los represent\u00f3 e impuls\u00f3 a ambos de grandes y peque\u00f1as maneras \u2014 ninguna de ellas quiz\u00e1s tan prominente o simult\u00e1nea como su versi\u00f3n de la canci\u00f3n de Otis Redding \u00abRespect\u00bb, que rompi\u00f3 todos los moldes. M\u00e1s tarde dijo que con su interpretaci\u00f3n \u2014 que incluso Redding reconoci\u00f3 se convirti\u00f3 en el est\u00e1ndar \u2014 busc\u00f3 transmitir un mensaje sobre la necesidad de respeto a las mujeres, a las personas de color, a los ni\u00f1os y a todo el mundo.<\/p>\n<p>El museo, el m\u00e1s grande sobre los negros en Estados Unidos hasta que el Museo Nacional de Historia Afroamericana abri\u00f3 sus puertas en Washington en 2016, realiz\u00f3 un velorio similar para Rosa Parks, figura emblem\u00e1tica de los derechos civiles, tras su deceso en 2005. Franklin cant\u00f3 en el funeral de Parks, realizado en la misma iglesia en Detroit que el de la cantante, y ser\u00e1 enterrada en el mismo cementerio.<\/p>\n<p>Ambas llegaron a ser activistas por distintas v\u00edas y usaron diferentes t\u00e9cnicas, pero \u00aba la larga, ambas lucharon por la misma causa, que es la libertad\u00bb, dijo Seniors.<\/p>\n<p><img decoding=\"async\" src=\"http:\/\/rec-eph.primerahora.com\/images\/2018\/08\/28\/13c011671b0b4c6fb1b2a06326bae59e_1.jpg\" \/><br \/>\nAretha Franklin en su f\u00e9retro. (AP \/ Paul Sancya)<\/p>\n<p>Fuente: primerahora.com<\/p>\n<div class=\"gsp_post_data\" \r\n\t            data-post_type=\"post\" \r\n\t            data-cat=\"farandula-internacional,general\" \r\n\t            data-modified=\"120\"\r\n\t            data-created=\"1535469881\"\r\n\t            data-title=\"Dan \u00faltimo adi\u00f3s a Aretha Franklin en velorio p\u00fablico\" \r\n\t            data-home=\"https:\/\/www.evafm.net\/sitio\"><\/div>","protected":false},"excerpt":{"rendered":"<p>Detroit. Admiradores comenzaron a llegar al Museo de Historia Afroamericana Charles H. Wright en Detroit el martes para dar el \u00faltimo adi\u00f3s a Aretha Franklin. Se acercaron al f\u00e9retro ba\u00f1ado en oro mientras al fondo sonaban sus grabaciones de g\u00f3spel. Yac\u00eda en reposo, vestida de rojo de la cabeza a los pies, con zapatos de&#8230;<\/p>\n","protected":false},"author":5,"featured_media":37986,"comment_status":"closed","ping_status":"open","sticky":false,"template":"","format":"standard","meta":{"_joinchat":[],"footnotes":""},"categories":[1346,1720],"tags":[],"class_list":["post-37985","post","type-post","status-publish","format-standard","has-post-thumbnail","hentry","category-farandula-internacional","category-general","have-post-thumb"],"_links":{"self":[{"href":"https:\/\/www.evafm.net\/sitio\/wp-json\/wp\/v2\/posts\/37985","targetHints":{"allow":["GET"]}}],"collection":[{"href":"https:\/\/www.evafm.net\/sitio\/wp-json\/wp\/v2\/posts"}],"about":[{"href":"https:\/\/www.evafm.net\/sitio\/wp-json\/wp\/v2\/types\/post"}],"author":[{"embeddable":true,"href":"https:\/\/www.evafm.net\/sitio\/wp-json\/wp\/v2\/users\/5"}],"replies":[{"embeddable":true,"href":"https:\/\/www.evafm.net\/sitio\/wp-json\/wp\/v2\/comments?post=37985"}],"version-history":[{"count":1,"href":"https:\/\/www.evafm.net\/sitio\/wp-json\/wp\/v2\/posts\/37985\/revisions"}],"predecessor-version":[{"id":37987,"href":"https:\/\/www.evafm.net\/sitio\/wp-json\/wp\/v2\/posts\/37985\/revisions\/37987"}],"wp:featuredmedia":[{"embeddable":true,"href":"https:\/\/www.evafm.net\/sitio\/wp-json\/wp\/v2\/media\/37986"}],"wp:attachment":[{"href":"https:\/\/www.evafm.net\/sitio\/wp-json\/wp\/v2\/media?parent=37985"}],"wp:term":[{"taxonomy":"category","embeddable":true,"href":"https:\/\/www.evafm.net\/sitio\/wp-json\/wp\/v2\/categories?post=37985"},{"taxonomy":"post_tag","embeddable":true,"href":"https:\/\/www.evafm.net\/sitio\/wp-json\/wp\/v2\/tags?post=37985"}],"curies":[{"name":"wp","href":"https:\/\/api.w.org\/{rel}","templated":true}]}}