{"id":37992,"date":"2018-08-28T15:38:43","date_gmt":"2018-08-28T20:38:43","guid":{"rendered":"http:\/\/www.evafm.net\/sitio\/?p=37992"},"modified":"2018-08-28T15:38:43","modified_gmt":"2018-08-28T20:38:43","slug":"ben-affleck-su-adiccion-le-pasa-factura","status":"publish","type":"post","link":"https:\/\/www.evafm.net\/sitio\/ben-affleck-su-adiccion-le-pasa-factura\/","title":{"rendered":"Ben Affleck su adicci\u00f3n le pasa factura"},"content":{"rendered":"<div class=\"row\">\n<div class=\"col-xs-12 col-print-12\">\n<p class=\"element element-paragraph\">Las \u00faltimas fotos de\u00a0<strong>Ben Affleck<\/strong>\u00a0alcoholizado y siendo trasladado por su ex esposa,\u00a0<strong>Jennifer Garner<\/strong>, a un centro de rehabilitaci\u00f3n en Los \u00c1ngeles, no beneficiaron en nada al actor.<\/p>\n<\/div>\n<\/div>\n<div class=\"row\">\n<div class=\"col-xs-12 col-print-12\">\n<p class=\"element element-paragraph\">La semana pasada el ganador de dos premios Oscar, de 46 a\u00f1os, ingres\u00f3 por\u00a0<strong>segunda vez en\u00a0un a\u00f1o a un cl\u00ednica de desintoxicaci\u00f3n para tratar su adicci\u00f3n a alcohol.<\/strong><\/p>\n<\/div>\n<\/div>\n<div class=\"row\">\n<div class=\"col-xs-12 col-print-12\">\n<p class=\"element element-paragraph\">El futuro de\u00a0Affleck\u00a0como el Caballero Oscuro en la pantalla grande es cada vez m\u00e1s incierto y sus problemas con el alcohol s\u00f3lo empeoran la situaci\u00f3n.\u00a0Seg\u00fan cont\u00f3 el sitio\u00a0<em>The Wrap<\/em>,\u00a0<strong>el costo de mantener a\u00a0la estrella en el proyecto es demasiado alto para el estudio.<\/strong><\/p>\n<\/div>\n<\/div>\n<div class=\"row\">\n<div class=\"col-xs-12 col-print-12\">\n<p class=\"element element-paragraph\">\u00abLo m\u00e1s probable es que el estudio reemplace al actor porque los costos del seguro van a estar por las nubes\u00bb<strong>,<\/strong>\u00a0dijo un representante de una compa\u00f1\u00eda de seguros al citado medio.<\/p>\n<div class=\"row\">\n<div class=\"col-xs-12 col-print-12\">\n<p class=\"element element-paragraph\">Al parecer, las compa\u00f1\u00edas de seguros pedir\u00edan al estudio de cine unos\u00a0<strong>montos\u00a0muy altos<\/strong>para asegurar a Affleck lo que volver\u00eda imposible la\u00a0producci\u00f3n de la pel\u00edcula.<\/p>\n<\/div>\n<\/div>\n<div class=\"row\">\n<div class=\"col-xs-12 col-print-12\">\n<p class=\"element element-paragraph\">Los\u00a0expertos estiman que\u00a0<strong>mantenerlo en el papel de Batman podr\u00eda costarle a los estudios Warner la mitad del presupuesto de la pel\u00edcula<\/strong>. Es decir unos\u00a0<strong>USD\u00a0150 millones\u00a0<\/strong>si se toma como base los USD 300 millones que cost\u00f3\u00a0<strong><i>La Liga de la Justicia<\/i><\/strong>\u00a0(2017).<\/p>\n<\/div>\n<\/div>\n<div class=\"row\">\n<div class=\"col-xs-12 col-print-12\">\n<p class=\"element element-paragraph\">Es decir que\u00a0s\u00f3lo el rodaje de la pel\u00edcula costar\u00eda<strong>\u00a0USD 450 millones.<\/strong><\/p>\n<\/div>\n<\/div>\n<div class=\"row\">\n<div class=\"col-xs-12 col-print-12\">\n<p class=\"element element-paragraph\">Pese a las malas cr\u00edticas que recibi\u00f3, Affleck iba a volver a interpretar al superh\u00e9roe del c\u00f3mic que ya encarn\u00f3 en\u00a0<strong><em>Batman v Superman, Escuadr\u00f3n suicida y La liga de la Justicia.\u00a0<\/em><\/strong><\/p>\n<div class=\"single-image\">\n<div class=\"shares\">\n<div class=\"share-button facebook\"><\/div>\n<\/div>\n<p><img decoding=\"async\" id=\"KS435IE7LZB4XJSPG6RDVJEZVM\" class=\"image-lazy\" src=\"https:\/\/www.infobae.com\/new-resizer\/ArSKt7Gl_YbUSPSABnLe9_xwL3c=\/600x0\/filters:quality(100)\/s3.amazonaws.com\/arc-wordpress-client-uploads\/infobae-wp\/wp-content\/uploads\/2017\/01\/02161249\/ben-affleck-batman-1.jpg\" alt=\"Ben Affleck podr\u00eda quedarse sin su papel de Batman debido a su alcoholismo\" width=\"750\" height=\"421.875\" \/><\/div>\n<p><span class=\"credit\">Ben Affleck podr\u00eda quedarse sin su papel de Batman debido a su alcoholismo<\/span><\/p>\n<p>Fuente: infobae.com<\/p>\n<\/div>\n<\/div>\n<\/div>\n<\/div>\n<div class=\"gsp_post_data\" \r\n\t            data-post_type=\"post\" \r\n\t            data-cat=\"farandula-internacional\" \r\n\t            data-modified=\"120\"\r\n\t            data-created=\"1535470723\"\r\n\t            data-title=\"Ben Affleck su adicci\u00f3n le pasa factura\" \r\n\t            data-home=\"https:\/\/www.evafm.net\/sitio\"><\/div>","protected":false},"excerpt":{"rendered":"<p>Las \u00faltimas fotos de\u00a0Ben Affleck\u00a0alcoholizado y siendo trasladado por su ex esposa,\u00a0Jennifer Garner, a un centro de rehabilitaci\u00f3n en Los \u00c1ngeles, no beneficiaron en nada al actor. La semana pasada el ganador de dos premios Oscar, de 46 a\u00f1os, ingres\u00f3 por\u00a0segunda vez en\u00a0un a\u00f1o a un cl\u00ednica de desintoxicaci\u00f3n para tratar su adicci\u00f3n a alcohol&#8230;.<\/p>\n","protected":false},"author":5,"featured_media":37995,"comment_status":"closed","ping_status":"open","sticky":false,"template":"","format":"standard","meta":{"_joinchat":[],"footnotes":""},"categories":[1346],"tags":[],"class_list":["post-37992","post","type-post","status-publish","format-standard","has-post-thumbnail","hentry","category-farandula-internacional","have-post-thumb"],"_links":{"self":[{"href":"https:\/\/www.evafm.net\/sitio\/wp-json\/wp\/v2\/posts\/37992","targetHints":{"allow":["GET"]}}],"collection":[{"href":"https:\/\/www.evafm.net\/sitio\/wp-json\/wp\/v2\/posts"}],"about":[{"href":"https:\/\/www.evafm.net\/sitio\/wp-json\/wp\/v2\/types\/post"}],"author":[{"embeddable":true,"href":"https:\/\/www.evafm.net\/sitio\/wp-json\/wp\/v2\/users\/5"}],"replies":[{"embeddable":true,"href":"https:\/\/www.evafm.net\/sitio\/wp-json\/wp\/v2\/comments?post=37992"}],"version-history":[{"count":1,"href":"https:\/\/www.evafm.net\/sitio\/wp-json\/wp\/v2\/posts\/37992\/revisions"}],"predecessor-version":[{"id":37996,"href":"https:\/\/www.evafm.net\/sitio\/wp-json\/wp\/v2\/posts\/37992\/revisions\/37996"}],"wp:featuredmedia":[{"embeddable":true,"href":"https:\/\/www.evafm.net\/sitio\/wp-json\/wp\/v2\/media\/37995"}],"wp:attachment":[{"href":"https:\/\/www.evafm.net\/sitio\/wp-json\/wp\/v2\/media?parent=37992"}],"wp:term":[{"taxonomy":"category","embeddable":true,"href":"https:\/\/www.evafm.net\/sitio\/wp-json\/wp\/v2\/categories?post=37992"},{"taxonomy":"post_tag","embeddable":true,"href":"https:\/\/www.evafm.net\/sitio\/wp-json\/wp\/v2\/tags?post=37992"}],"curies":[{"name":"wp","href":"https:\/\/api.w.org\/{rel}","templated":true}]}}