{"id":38004,"date":"2018-08-28T18:04:48","date_gmt":"2018-08-28T23:04:48","guid":{"rendered":"http:\/\/www.evafm.net\/sitio\/?p=38004"},"modified":"2018-08-28T18:04:48","modified_gmt":"2018-08-28T23:04:48","slug":"un-credito-bancario-seria-la-solucion-para-pagar-a-ariel-nahuelpan","status":"publish","type":"post","link":"https:\/\/www.evafm.net\/sitio\/un-credito-bancario-seria-la-solucion-para-pagar-a-ariel-nahuelpan\/","title":{"rendered":"Un cr\u00e9dito bancario ser\u00eda la soluci\u00f3n para pagar a Ariel Nahuelp\u00e1n"},"content":{"rendered":"<p>Esta ma\u00f1ana el presidente de\u00a0<strong>Barcelona Sporting Club<\/strong>,\u00a0<strong>Jos\u00e9 F. Cevallos<\/strong>, dio una rueda de prensa en el estadio Monumental donde habl\u00f3 sobre temas deportivos e institucionales del club.<\/p>\n<p>El mandatario amarillo confirm\u00f3 a\u00fan no pueden pronunciarse oficialmente sobre el caso de Jos\u00e9 Ayov\u00ed, adem\u00e1s explic\u00f3 las medidas que se tomar\u00e1n en el caso de Frickson Erazo (no pudo ser habilitado y no jugar\u00e1 con BSC el 2018) y la deuda con Ariel Nahuelp\u00e1n.<\/p>\n<p>\u00abCon Frickson Erazo estamos analizando si se extiende el v\u00ednculo contractual con la instituci\u00f3n (actualmente tiene contrato hasta diciembre de 2019), o sino ver otra opci\u00f3n que se est\u00e1 manejando hasta antes del 31 de agosto con el conocimiento del jugador\u00bb, dijo Cevallos, quien tambi\u00e9n afirm\u00f3 que hay un convenio econ\u00f3mico favorable para el club.<\/p>\n<p>\u00abEl tema de Nahuelp\u00e1n, que ya lo conocen, tuvimos que escoger con base en los recursos que tenemos, y se decidi\u00f3 cancelar los casos FIFA (cinco en total) que suman m\u00e1s de tres millones de d\u00f3lares, y de no cancelarlos; se hubiera puesto en riesgo la p\u00e9rdida de categor\u00eda\u00bb, sostuvo el exseleccionado nacional.<\/p>\n<p>Adem\u00e1s el presidente canario afrim\u00f3 que \u00abse est\u00e1 gestionando un cr\u00e9dito con un banco para cancelar la deuda con Nahuelp\u00e1n\u00bb.<\/p>\n<p>Sobre Jos\u00e9 Ayov\u00ed, quien lleg\u00f3 como refuerzo para la segunda etapa, pero que\u00a0no ha podido debutar por un inconveniente que tuvo cuando jugaba en M\u00e9xico; Cevallos indic\u00f3: \u00abEstamos esperando recopilar toda la informaci\u00f3n del caso, porque hay diferentes versiones. Una vez que la tengamos, nos pronunciaremos de manera oficial, como debe ser en un club serio\u00bb. (D)<\/p>\n<p>Fuente: eluniverso.com<\/p>\n<div class=\"gsp_post_data\" \r\n\t            data-post_type=\"post\" \r\n\t            data-cat=\"deportes-ecuador\" \r\n\t            data-modified=\"120\"\r\n\t            data-created=\"1535479488\"\r\n\t            data-title=\"Un cr\u00e9dito bancario ser\u00eda la soluci\u00f3n para pagar a Ariel Nahuelp\u00e1n\" \r\n\t            data-home=\"https:\/\/www.evafm.net\/sitio\"><\/div>","protected":false},"excerpt":{"rendered":"<p>Esta ma\u00f1ana el presidente de\u00a0Barcelona Sporting Club,\u00a0Jos\u00e9 F. Cevallos, dio una rueda de prensa en el estadio Monumental donde habl\u00f3 sobre temas deportivos e institucionales del club. El mandatario amarillo confirm\u00f3 a\u00fan no pueden pronunciarse oficialmente sobre el caso de Jos\u00e9 Ayov\u00ed, adem\u00e1s explic\u00f3 las medidas que se tomar\u00e1n en el caso de Frickson Erazo&#8230;<\/p>\n","protected":false},"author":5,"featured_media":38005,"comment_status":"closed","ping_status":"open","sticky":false,"template":"","format":"standard","meta":{"_joinchat":[],"footnotes":""},"categories":[1557],"tags":[],"class_list":["post-38004","post","type-post","status-publish","format-standard","has-post-thumbnail","hentry","category-deportes-ecuador","have-post-thumb"],"_links":{"self":[{"href":"https:\/\/www.evafm.net\/sitio\/wp-json\/wp\/v2\/posts\/38004","targetHints":{"allow":["GET"]}}],"collection":[{"href":"https:\/\/www.evafm.net\/sitio\/wp-json\/wp\/v2\/posts"}],"about":[{"href":"https:\/\/www.evafm.net\/sitio\/wp-json\/wp\/v2\/types\/post"}],"author":[{"embeddable":true,"href":"https:\/\/www.evafm.net\/sitio\/wp-json\/wp\/v2\/users\/5"}],"replies":[{"embeddable":true,"href":"https:\/\/www.evafm.net\/sitio\/wp-json\/wp\/v2\/comments?post=38004"}],"version-history":[{"count":1,"href":"https:\/\/www.evafm.net\/sitio\/wp-json\/wp\/v2\/posts\/38004\/revisions"}],"predecessor-version":[{"id":38006,"href":"https:\/\/www.evafm.net\/sitio\/wp-json\/wp\/v2\/posts\/38004\/revisions\/38006"}],"wp:featuredmedia":[{"embeddable":true,"href":"https:\/\/www.evafm.net\/sitio\/wp-json\/wp\/v2\/media\/38005"}],"wp:attachment":[{"href":"https:\/\/www.evafm.net\/sitio\/wp-json\/wp\/v2\/media?parent=38004"}],"wp:term":[{"taxonomy":"category","embeddable":true,"href":"https:\/\/www.evafm.net\/sitio\/wp-json\/wp\/v2\/categories?post=38004"},{"taxonomy":"post_tag","embeddable":true,"href":"https:\/\/www.evafm.net\/sitio\/wp-json\/wp\/v2\/tags?post=38004"}],"curies":[{"name":"wp","href":"https:\/\/api.w.org\/{rel}","templated":true}]}}