{"id":38013,"date":"2018-08-29T09:27:01","date_gmt":"2018-08-29T14:27:01","guid":{"rendered":"http:\/\/www.evafm.net\/sitio\/?p=38013"},"modified":"2018-08-29T09:27:01","modified_gmt":"2018-08-29T14:27:01","slug":"horarios-y-canal-de-tv-para-ver-la-fecha-7","status":"publish","type":"post","link":"https:\/\/www.evafm.net\/sitio\/horarios-y-canal-de-tv-para-ver-la-fecha-7\/","title":{"rendered":"Horarios y canal de TV para ver la Fecha 7"},"content":{"rendered":"<p>La\u00a0<strong>Fecha 7<\/strong>\u00a0de la segunda etapa del\u00a0<strong>Campeonato Ecuatoriano<\/strong>\u00a0se jugar\u00e1 en su totalidad este mi\u00e9rcoles 29 de agosto.\u00a0<strong>Barcelona SC<\/strong>\u00a0recibir\u00e1 en el estadio Monumental al Macar\u00e1 en un duelo que podr\u00eda definir el primer lugar de la segunda etapa.<\/p>\n<p><strong>Emelec<\/strong>\u00a0por su parte, recibir\u00e1 al Aucas, que viene de empatar en condici\u00f3n de local ante BSC. El compromiso se jugar\u00e1 en el estadio Capwell.<\/p>\n<p><strong>Programaci\u00f3n completa de la Fecha 7:<\/strong><\/p>\n<h2><strong>T\u00e9cnico Universitario vs. Guayaquil City (12H30)<\/strong><\/h2>\n<p><strong>Estadio:\u00a0<\/strong>Bellavista (Ambato).<\/p>\n<p><strong>\u00c1rbitro:\u00a0<\/strong>Diego Lara.<\/p>\n<p><strong>Asistentes:<\/strong>\u00a0Flavio Nall (1) y Luis Garc\u00eda (2).<\/p>\n<p><strong>Cuarto juez:<\/strong>\u00a0Juan Carlos Andrade.<\/p>\n<p><strong>Asesor:<\/strong>\u00a0Pedro Palacios.<\/p>\n<p><strong>Comisario:\u00a0<\/strong>Nicol\u00e1s Vega.<\/p>\n<p><strong>Transmite:<\/strong>\u00a0GolTV.<\/p>\n<h2><strong>Delf\u00edn SC vs. Universidad Cat\u00f3lica (14H30)<\/strong><\/h2>\n<p><strong>Estadio:\u00a0<\/strong>Jocay (Manta).<\/p>\n<p><strong>\u00c1rbitro:\u00a0<\/strong>Omar Ponce.<\/p>\n<p><strong>Asistentes:\u00a0<\/strong>Luis Vera (1) y Marco Correa (2).<\/p>\n<p><strong>Cuarto juez:\u00a0<\/strong>Diego Mac\u00edas.<\/p>\n<p><strong>Asesor:\u00a0<\/strong>Marcelo Mu\u00f1oz.<\/p>\n<p><strong>Comisario:\u00a0<\/strong>Johnny Quezada.<\/p>\n<p><strong>Transmite:\u00a0<\/strong>GolTV.<\/p>\n<h2><strong>Liga de Quito vs. Independiente del Valle (16H30)<\/strong><\/h2>\n<p><strong>Estadio:\u00a0<\/strong>Rodrigo Paz Delgado (Quito).<\/p>\n<p><strong>\u00c1rbitro:\u00a0<\/strong>Guillermo Guerrero.<\/p>\n<p><strong>Asistentes:\u00a0<\/strong>Ricardo Bar\u00e9n (1) y Guilber Gracia (2).<\/p>\n<p><strong>Cuarto juez:\u00a0<\/strong>Leandro Angulo.<\/p>\n<p><strong>Asesor:\u00a0<\/strong>Carlos Herrera.<\/p>\n<p><strong>Comisario:\u00a0<\/strong>Jorge Kaslin.<\/p>\n<p><strong>Transmite:\u00a0<\/strong>GolTV.<\/p>\n<h2><strong>Barcelona SC vs. Macar\u00e1 (18H30)<\/strong><\/h2>\n<p><strong>Estadio:\u00a0<\/strong>Monumental (Guayaquil).<\/p>\n<p><strong>\u00c1rbitro:\u00a0<\/strong>Daniel Salazar.<\/p>\n<p><strong>Asistentes:\u00a0<\/strong>Edwin Bravo (1) y Juan Aguiar (2).<\/p>\n<p><strong>Cuarto juez:\u00a0<\/strong>Ren\u00e9 Mar\u00edn.<\/p>\n<p><strong>Asesor:\u00a0<\/strong>Ram\u00f3n Romero.<\/p>\n<p><strong>Comisario:\u00a0<\/strong>Germ\u00e1n Salazar.<\/p>\n<p><strong>Transmite:\u00a0<\/strong>GolTV.<\/p>\n<h2><strong>El Nacional vs. Deportivo Cuenca (19H15)<\/strong><\/h2>\n<p><strong>Estadio:<\/strong>\u00a0Ol\u00edmpico Atahualpa (Quito).<\/p>\n<p><strong>\u00c1rbitro:<\/strong>\u00a0Luis Quiroz.<\/p>\n<p><strong>Asistentes:<\/strong>\u00a0Christian Lescano (1) y Dar\u00edo Mor\u00e1n (2).<\/p>\n<p><strong>Cuarto juez:\u00a0<\/strong>Augusto Arag\u00f3n.<\/p>\n<p><strong>Asesor:\u00a0<\/strong>F\u00e9lix Badaraco.<\/p>\n<p><strong>Comisario:<\/strong>\u00a0Diana Cueva.<\/p>\n<p><strong>Transmite:<\/strong>\u00a0GolTV.<\/p>\n<p><strong>Nota:<\/strong>\u00a0Este partido ser\u00e1 transmitido en diferido.<\/p>\n<h2><strong>Emelec vs. Aucas (20H30)<\/strong><\/h2>\n<p><strong>Estadio:<\/strong>\u00a0Capwell (Guayaquil).<\/p>\n<p><strong>\u00c1rbitro:<\/strong>\u00a0Juan Carlos Albarrac\u00edn.<\/p>\n<p><strong>Asistentes:<\/strong>\u00a0Juan Carlos Mac\u00edas (1) y Jos\u00e9 Alvarado (2).<\/p>\n<p><strong>Cuarto juez:<\/strong>\u00a0Len\u00edn Armijos.<\/p>\n<p><strong>Asesor:<\/strong>\u00a0Liteo Qui\u00f1\u00f3nez.<\/p>\n<p><strong>Comisario:<\/strong>\u00a0Carlos Garz\u00f3n.<\/p>\n<p><strong>Transmite:<\/strong>\u00a0GolTV.<\/p>\n<p><strong>(D)<\/strong><\/p>\n<p>Fuente: eluniverso.com<\/p>\n<div class=\"gsp_post_data\" \r\n\t            data-post_type=\"post\" \r\n\t            data-cat=\"deportes-ecuador,general\" \r\n\t            data-modified=\"120\"\r\n\t            data-created=\"1535534821\"\r\n\t            data-title=\"Horarios y canal de TV para ver la Fecha 7\" \r\n\t            data-home=\"https:\/\/www.evafm.net\/sitio\"><\/div>","protected":false},"excerpt":{"rendered":"<p>La\u00a0Fecha 7\u00a0de la segunda etapa del\u00a0Campeonato Ecuatoriano\u00a0se jugar\u00e1 en su totalidad este mi\u00e9rcoles 29 de agosto.\u00a0Barcelona SC\u00a0recibir\u00e1 en el estadio Monumental al Macar\u00e1 en un duelo que podr\u00eda definir el primer lugar de la segunda etapa. Emelec\u00a0por su parte, recibir\u00e1 al Aucas, que viene de empatar en condici\u00f3n de local ante BSC. El compromiso se&#8230;<\/p>\n","protected":false},"author":5,"featured_media":38014,"comment_status":"closed","ping_status":"open","sticky":false,"template":"","format":"standard","meta":{"_joinchat":[],"footnotes":""},"categories":[1557,1720],"tags":[],"class_list":["post-38013","post","type-post","status-publish","format-standard","has-post-thumbnail","hentry","category-deportes-ecuador","category-general","have-post-thumb"],"_links":{"self":[{"href":"https:\/\/www.evafm.net\/sitio\/wp-json\/wp\/v2\/posts\/38013","targetHints":{"allow":["GET"]}}],"collection":[{"href":"https:\/\/www.evafm.net\/sitio\/wp-json\/wp\/v2\/posts"}],"about":[{"href":"https:\/\/www.evafm.net\/sitio\/wp-json\/wp\/v2\/types\/post"}],"author":[{"embeddable":true,"href":"https:\/\/www.evafm.net\/sitio\/wp-json\/wp\/v2\/users\/5"}],"replies":[{"embeddable":true,"href":"https:\/\/www.evafm.net\/sitio\/wp-json\/wp\/v2\/comments?post=38013"}],"version-history":[{"count":1,"href":"https:\/\/www.evafm.net\/sitio\/wp-json\/wp\/v2\/posts\/38013\/revisions"}],"predecessor-version":[{"id":38015,"href":"https:\/\/www.evafm.net\/sitio\/wp-json\/wp\/v2\/posts\/38013\/revisions\/38015"}],"wp:featuredmedia":[{"embeddable":true,"href":"https:\/\/www.evafm.net\/sitio\/wp-json\/wp\/v2\/media\/38014"}],"wp:attachment":[{"href":"https:\/\/www.evafm.net\/sitio\/wp-json\/wp\/v2\/media?parent=38013"}],"wp:term":[{"taxonomy":"category","embeddable":true,"href":"https:\/\/www.evafm.net\/sitio\/wp-json\/wp\/v2\/categories?post=38013"},{"taxonomy":"post_tag","embeddable":true,"href":"https:\/\/www.evafm.net\/sitio\/wp-json\/wp\/v2\/tags?post=38013"}],"curies":[{"name":"wp","href":"https:\/\/api.w.org\/{rel}","templated":true}]}}