{"id":38095,"date":"2018-08-30T10:57:28","date_gmt":"2018-08-30T15:57:28","guid":{"rendered":"http:\/\/www.evafm.net\/sitio\/?p=38095"},"modified":"2018-08-30T10:57:28","modified_gmt":"2018-08-30T15:57:28","slug":"fallece-will-marquez-exintegrante-de-los-chamos","status":"publish","type":"post","link":"https:\/\/www.evafm.net\/sitio\/fallece-will-marquez-exintegrante-de-los-chamos\/","title":{"rendered":"Fallece Will M\u00e1rquez, exintegrante de \u201cLos Chamos\u201d"},"content":{"rendered":"<p>El exintegrante fundador de \u201cLos Chamos\u201d, Willber M\u00e1rquez Uzcategui, muri\u00f3 ayer debido a una neumon\u00eda severa en su natal Venezuela.<\/p>\n<p>\u201cLos Chamos\u201d fue una agrupaci\u00f3n juvenil de los 80 que, junto a sus hermanos Walter y Winston, conquistaron corazones en Am\u00e9rica Latina.<\/p>\n<p>La empresa Sierralta Entertainment lament\u00f3 la muerte y se uni\u00f3 en el p\u00e9same \u201ca todos sus familiares, especialmente su viuda Yessika Rousseau; sus hijos Valeria y Salvador; sus padres; su hermana, Waleska; y sus hermanos Walter y Winston; con quien comparti\u00f3 sus mejores momentos en los escenarios y delante de una c\u00e1mara\u201d, expresaron en un parte de prensa.<\/p>\n<p>Gracias a los innumerables comerciales de tv que realizo cuando ni\u00f1o, fue como Will logr\u00f3 que \u00e9l y sus hermanos entraran en la naciente agrupaci\u00f3n juvenil; y desde ese entonces los hermanos \u00abW\u00bb nunca dejaron de ser m\u00fasicos.<\/p>\n<p>En a\u00f1os recientes, Will compaginaba su vida entre la composici\u00f3n de canciones, y el negocio familiar de tiendas de ropa. Igualmente, trabaj\u00f3 en muchos temas nuevos dejando un legado de innumerables composiciones in\u00e9ditas.<\/p>\n<p>\u201cEl recuerdo y ejemplo de Will M\u00e1rquez, tanto en su vertiente humana como en la de integrante del grupo \u00abLos Chamos\u00bb, siempre ser\u00e1n una referencia y espejo donde mirarnos. Su canci\u00f3n emblem\u00e1tica fue \u00abOh Cherie Cherie\u00bb y hoy se las compartimos en honor a su recuerdo\u201d, a\u00f1adi\u00f3 la compa\u00f1\u00eda.<\/p>\n<p><img decoding=\"async\" src=\"https:\/\/scontent.fgye1-1.fna.fbcdn.net\/v\/t1.0-0\/p403x403\/40213637_2189162707779606_2367857307561230336_n.jpg?_nc_cat=0&amp;oh=c19c51db2c02fc6e1177f5dd14b1ba9b&amp;oe=5C37728A\" \/><\/p>\n<blockquote class=\"twitter-tweet\" data-width=\"550\" data-dnt=\"true\">\n<p lang=\"es\" dir=\"ltr\">A todos nuestros amigos :<br \/>Informamos con profunda tristeza el deceso del chamo Wilber Jos\u00e9 M\u00e1rquez Uzc\u00e1tegui \u201cWill\u201d el d\u00eda 28 de Agosto 2018 en la ciudad de Caracas, Venezuela <\/p>\n<p>Will enfrent\u00f3 una severa Neumon\u00eda , seguida del s\u00edndrome respiratorio del adulto. <a href=\"https:\/\/t.co\/smH2986Yhn\">pic.twitter.com\/smH2986Yhn<\/a><\/p>\n<p>&mdash; Domi Garc\u00eda- Saleta (@DomiReportera) <a href=\"https:\/\/twitter.com\/DomiReportera\/status\/1034865311919554561?ref_src=twsrc%5Etfw\">August 29, 2018<\/a><\/p><\/blockquote>\n<p><script async src=\"https:\/\/platform.twitter.com\/widgets.js\" charset=\"utf-8\"><\/script><\/p>\n<p><img decoding=\"async\" src=\"https:\/\/scontent.fgye1-1.fna.fbcdn.net\/v\/t1.0-9\/40248430_1334247976718206_2143165655384326144_n.jpg?_nc_cat=0&amp;oh=a44424e9c9076c6bc6b3c66098fbca63&amp;oe=5BFC7E54\" \/><\/p>\n<p>Dios te tenga en su Gloria! Amigo Hermano, Guerrero,Maestro compa\u00f1ero de trabajo desde Ni\u00f1os!.No hay palabras que puedan Expresar la Tristeza he impotencia por tu partida !..<\/p>\n<p>Fueron las palabras del Chamo Gabriel<\/p>\n<p>&nbsp;<\/p>\n<p><iframe title=\"Los Chamos - Oh Cherie, Cherie (1982)\" width=\"1200\" height=\"900\" src=\"https:\/\/www.youtube.com\/embed\/p5cvFGxmZW8?feature=oembed\" frameborder=\"0\" allow=\"accelerometer; autoplay; clipboard-write; encrypted-media; gyroscope; picture-in-picture; web-share\" referrerpolicy=\"strict-origin-when-cross-origin\" allowfullscreen><\/iframe><\/p>\n<p>https:\/\/youtu.be\/2C2tI1S0cBA<\/p>\n<p><iframe title=\"Los Chamos - Canta Chamo (1982)\" width=\"1200\" height=\"900\" src=\"https:\/\/www.youtube.com\/embed\/q5WRnT-UqKo?feature=oembed\" frameborder=\"0\" allow=\"accelerometer; autoplay; clipboard-write; encrypted-media; gyroscope; picture-in-picture; web-share\" referrerpolicy=\"strict-origin-when-cross-origin\" allowfullscreen><\/iframe><\/p>\n<p>Fuente: primerahora.com &#8211; twitter.com<\/p>\n<div class=\"gsp_post_data\" \r\n\t            data-post_type=\"post\" \r\n\t            data-cat=\"farandula-internacional,general\" \r\n\t            data-modified=\"120\"\r\n\t            data-created=\"1535626648\"\r\n\t            data-title=\"Fallece Will M\u00e1rquez, exintegrante de \u201cLos Chamos\u201d\" \r\n\t            data-home=\"https:\/\/www.evafm.net\/sitio\"><\/div>","protected":false},"excerpt":{"rendered":"<p>El exintegrante fundador de \u201cLos Chamos\u201d, Willber M\u00e1rquez Uzcategui, muri\u00f3 ayer debido a una neumon\u00eda severa en su natal Venezuela. \u201cLos Chamos\u201d fue una agrupaci\u00f3n juvenil de los 80 que, junto a sus hermanos Walter y Winston, conquistaron corazones en Am\u00e9rica Latina. La empresa Sierralta Entertainment lament\u00f3 la muerte y se uni\u00f3 en el p\u00e9same&#8230;<\/p>\n","protected":false},"author":5,"featured_media":38101,"comment_status":"closed","ping_status":"open","sticky":false,"template":"","format":"standard","meta":{"_joinchat":[],"footnotes":""},"categories":[1346,1720],"tags":[],"class_list":["post-38095","post","type-post","status-publish","format-standard","has-post-thumbnail","hentry","category-farandula-internacional","category-general","have-post-thumb"],"_links":{"self":[{"href":"https:\/\/www.evafm.net\/sitio\/wp-json\/wp\/v2\/posts\/38095","targetHints":{"allow":["GET"]}}],"collection":[{"href":"https:\/\/www.evafm.net\/sitio\/wp-json\/wp\/v2\/posts"}],"about":[{"href":"https:\/\/www.evafm.net\/sitio\/wp-json\/wp\/v2\/types\/post"}],"author":[{"embeddable":true,"href":"https:\/\/www.evafm.net\/sitio\/wp-json\/wp\/v2\/users\/5"}],"replies":[{"embeddable":true,"href":"https:\/\/www.evafm.net\/sitio\/wp-json\/wp\/v2\/comments?post=38095"}],"version-history":[{"count":1,"href":"https:\/\/www.evafm.net\/sitio\/wp-json\/wp\/v2\/posts\/38095\/revisions"}],"predecessor-version":[{"id":38102,"href":"https:\/\/www.evafm.net\/sitio\/wp-json\/wp\/v2\/posts\/38095\/revisions\/38102"}],"wp:featuredmedia":[{"embeddable":true,"href":"https:\/\/www.evafm.net\/sitio\/wp-json\/wp\/v2\/media\/38101"}],"wp:attachment":[{"href":"https:\/\/www.evafm.net\/sitio\/wp-json\/wp\/v2\/media?parent=38095"}],"wp:term":[{"taxonomy":"category","embeddable":true,"href":"https:\/\/www.evafm.net\/sitio\/wp-json\/wp\/v2\/categories?post=38095"},{"taxonomy":"post_tag","embeddable":true,"href":"https:\/\/www.evafm.net\/sitio\/wp-json\/wp\/v2\/tags?post=38095"}],"curies":[{"name":"wp","href":"https:\/\/api.w.org\/{rel}","templated":true}]}}